{"id":30204,"date":"2022-02-28T17:50:26","date_gmt":"2022-02-28T17:50:26","guid":{"rendered":"http:\/\/historiografija.hr\/?p=30204"},"modified":"2022-02-28T17:53:28","modified_gmt":"2022-02-28T17:53:28","slug":"poziv-za-sudjelovanje-na-znanstveno-strucnom-skupu-opcina-rakovica-u-proslosti-i-sadasnjosti","status":"publish","type":"post","link":"https:\/\/historiografija.hr\/?p=30204","title":{"rendered":"Poziv za sudjelovanje na znanstveno-stru\u010dnom skupu &#8220;Op\u0107ina Rakovica u pro\u0161losti i sada\u0161njosti&#8221;"},"content":{"rendered":"\n<p><strong>UDRUGA \u201ePODPLJE\u0160IVI\u010cKI GRANI\u010cARI\u201c ZAGREB<\/strong><strong><\/strong><\/p>\n\n\n\n<p>organizira<\/p>\n\n\n\n<p>Znanstveno-stru\u010dni skup<\/p>\n\n\n\n<p><strong>Op\u0107ina Rakovica u pro\u0161losti i sada\u0161njosti <\/strong><strong><\/strong><\/p>\n\n\n\n<p><strong>(Rakovica, 8. listopada 2022.)<\/strong><\/p>\n\n\n\n<p>Pozivamo vas da sudjelujete na znanstveno-stru\u010dnom skupu \u00bb<strong>Op\u0107ina Rakovica u pro\u0161losti i sada\u0161njosti\u00ab<\/strong>, koji \u0107e se odr\u017eati u <strong>Rakovici 8. listopada 2022.<\/strong><\/p>\n\n\n\n<p><strong>Ispunjeni prijavni list<\/strong> (koji treba sadr\u017eavati: ime i prezime; titulu; ustanovu zaposlenja; e-mail; telefon\/mobitel za kontakt) s naslovom izlaganja molimo poslati do <strong>15. svibnja 2022.<\/strong> na e-mail: <a href=\"mailto:podpljesivickigranicari@gmail.com\">podpljesivickigranicari@gmail.com<\/a> . &nbsp;&nbsp;&nbsp;&nbsp;&nbsp;&nbsp;&nbsp;&nbsp;<\/p>\n\n\n\n<p><strong>Sa\u017eetke izlaganja<\/strong> (do 250 rije\u010di) molimo poslati najkasnije do <strong>15. lipnja 2022.<\/strong> na e-mail:<\/p>\n\n\n\n<p><a href=\"mailto:podpljesivickigranicari@gmail.com\">podpljesivickigranicari@gmail.com<\/a>.<\/p>\n\n\n\n<p><strong>Gotove radove<\/strong> molimo predati najkasnije do <strong>1. prosinca 2022.<\/strong> na e-mail: <a href=\"mailto:podpljesivickigranicari@gmail.com\">podpljesivickigranicari@gmail.com<\/a>.<\/p>\n\n\n\n<p>***<\/p>\n\n\n\n<p>Okvirna tema skupa je prezentirati povijesni razvoj prostora op\u0107ine Rakovica od najstarijih vremena do na\u0161ih dana. Podru\u010dje izlaganja\/radova vrlo je \u0161iroko a mo\u017ee uklju\u010divati radove iz povijesti, demografije, sociologije, etnologije, geografije, turisti\u010dke geografije, ekonomije itd.<\/p>\n\n\n\n<p>Za sve Va\u0161e upite molim da nas kontaktirate na mail <a href=\"mailto:podpljesivickigranicari@gmail.com\">podpljesivickigranicari@gmail.com<\/a>.<\/p>\n\n\n\n<hr class=\"wp-block-separator\"\/>\n\n\n\n<figure data-wp-context=\"{&quot;imageId&quot;:&quot;6a962becceff1&quot;}\" data-wp-interactive=\"core\/image\" data-wp-key=\"6a962becceff1\" class=\"wp-block-image size-large wp-lightbox-container\"><img data-recalc-dims=\"1\" loading=\"lazy\" decoding=\"async\" width=\"800\" height=\"600\" data-attachment-id=\"30205\" data-permalink=\"https:\/\/historiografija.hr\/?attachment_id=30205\" data-orig-file=\"https:\/\/i0.wp.com\/historiografija.hr\/wp-content\/uploads\/2022\/02\/stari-grad-dreznik.jpg?fit=800%2C600&amp;ssl=1\" data-orig-size=\"800,600\" data-comments-opened=\"1\" data-image-meta=\"{&quot;aperture&quot;:&quot;0&quot;,&quot;credit&quot;:&quot;&quot;,&quot;camera&quot;:&quot;&quot;,&quot;caption&quot;:&quot;&quot;,&quot;created_timestamp&quot;:&quot;0&quot;,&quot;copyright&quot;:&quot;&quot;,&quot;focal_length&quot;:&quot;0&quot;,&quot;iso&quot;:&quot;0&quot;,&quot;shutter_speed&quot;:&quot;0&quot;,&quot;title&quot;:&quot;&quot;,&quot;orientation&quot;:&quot;0&quot;}\" data-image-title=\"stari grad dreznik\" data-image-description=\"\" data-image-caption=\"\" data-large-file=\"https:\/\/i0.wp.com\/historiografija.hr\/wp-content\/uploads\/2022\/02\/stari-grad-dreznik.jpg?fit=800%2C600&amp;ssl=1\" data-wp-class--hide=\"state.isContentHidden\" data-wp-class--show=\"state.isContentVisible\" data-wp-init=\"callbacks.setButtonStyles\" data-wp-on--click=\"actions.showLightbox\" data-wp-on--load=\"callbacks.setButtonStyles\" data-wp-on-window--resize=\"callbacks.setButtonStyles\" src=\"https:\/\/i0.wp.com\/historiografija.hr\/wp-content\/uploads\/2022\/02\/stari-grad-dreznik.jpg?resize=800%2C600&#038;ssl=1\" alt=\"\" class=\"wp-image-30205\" srcset=\"https:\/\/i0.wp.com\/historiografija.hr\/wp-content\/uploads\/2022\/02\/stari-grad-dreznik.jpg?w=800&amp;ssl=1 800w, https:\/\/i0.wp.com\/historiografija.hr\/wp-content\/uploads\/2022\/02\/stari-grad-dreznik.jpg?resize=300%2C225&amp;ssl=1 300w, https:\/\/i0.wp.com\/historiografija.hr\/wp-content\/uploads\/2022\/02\/stari-grad-dreznik.jpg?resize=768%2C576&amp;ssl=1 768w\" sizes=\"auto, (max-width: 800px) 100vw, 800px\" \/><button\n\t\t\tclass=\"lightbox-trigger\"\n\t\t\ttype=\"button\"\n\t\t\taria-haspopup=\"dialog\"\n\t\t\taria-label=\"Uve\u0107aj\"\n\t\t\tdata-wp-init=\"callbacks.initTriggerButton\"\n\t\t\tdata-wp-on--click=\"actions.showLightbox\"\n\t\t\tdata-wp-style--right=\"state.imageButtonRight\"\n\t\t\tdata-wp-style--top=\"state.imageButtonTop\"\n\t\t>\n\t\t\t<svg xmlns=\"http:\/\/www.w3.org\/2000\/svg\" width=\"12\" height=\"12\" fill=\"none\" viewBox=\"0 0 12 12\">\n\t\t\t\t<path fill=\"#fff\" d=\"M2 0a2 2 0 0 0-2 2v2h1.5V2a.5.5 0 0 1 .5-.5h2V0H2Zm2 10.5H2a.5.5 0 0 1-.5-.5V8H0v2a2 2 0 0 0 2 2h2v-1.5ZM8 12v-1.5h2a.5.5 0 0 0 .5-.5V8H12v2a2 2 0 0 1-2 2H8Zm2-12a2 2 0 0 1 2 2v2h-1.5V2a.5.5 0 0 0-.5-.5H8V0h2Z\" \/>\n\t\t\t<\/svg>\n\t\t<\/button><figcaption>Stari grad Dre\u017enik<\/figcaption><\/figure>\n\n\n\n<hr class=\"wp-block-separator\"\/>\n\n\n\n<p><\/p>\n","protected":false},"excerpt":{"rendered":"","protected":false},"author":2,"featured_media":30205,"comment_status":"open","ping_status":"open","sticky":false,"template":"","format":"standard","meta":{"_acf_changed":false,"_jetpack_newsletter_access":"","_jetpack_dont_email_post_to_subs":false,"_jetpack_newsletter_tier_id":0,"_jetpack_memberships_contains_paywalled_content":false,"_jetpack_memberships_contains_paid_content":false,"footnotes":"","jetpack_publicize_message":"","jetpack_publicize_feature_enabled":true,"jetpack_social_post_already_shared":true,"jetpack_social_options":{"image_generator_settings":{"template":"highway","default_image_id":0,"font":"","enabled":false},"version":2},"jetpack_post_was_ever_published":false},"categories":[3,9],"tags":[],"class_list":["post-30204","post","type-post","status-publish","format-standard","has-post-thumbnail","hentry","category-novosti","category-skupovi"],"acf":{"facebook_opis":""},"jetpack_publicize_connections":[],"jetpack_featured_media_url":"https:\/\/i0.wp.com\/historiografija.hr\/wp-content\/uploads\/2022\/02\/stari-grad-dreznik.jpg?fit=800%2C600&ssl=1","jetpack_sharing_enabled":true,"jetpack-related-posts":[{"id":54813,"url":"https:\/\/historiografija.hr\/?p=54813","url_meta":{"origin":30204,"position":0},"title":"Objavljen 9. broj \u010dasopisa \u201ePodplje\u0161ivi\u010dki grani\u010dari\u201c za 2025. godinu","author":"Branimir Jankovi\u0107","date":"27. srpnja 2026.","format":false,"excerpt":"Objavljen je 9. broj \u010dasopisa \u201ePodplje\u0161ivi\u010dki grani\u010dari\u201c u kojemu se objavljuju znanstveni i stru\u010dni prilozi iz podru\u010dja povijesne znanosti. Ve\u0107ina radova su radovi autora koji su sudjelovali na znanstveno-stru\u010dnom skupu \u201cOp\u0107ina Saborsko i okolica u pro\u0161losti i sada\u0161njosti\u201d koji je odr\u017ean u Saborskom 17. svibnja 2025. Kad bi se gledalo\u2026","rel":"","context":"U &quot;\u010casopisi&quot;","block_context":{"text":"\u010casopisi","link":"https:\/\/historiografija.hr\/?cat=21"},"img":{"alt_text":"","src":"https:\/\/i0.wp.com\/historiografija.hr\/wp-content\/uploads\/2026\/07\/Podpljesivicki-granicari-scaled.jpg?fit=844%2C1200&ssl=1&resize=350%2C200","width":350,"height":200,"srcset":"https:\/\/i0.wp.com\/historiografija.hr\/wp-content\/uploads\/2026\/07\/Podpljesivicki-granicari-scaled.jpg?fit=844%2C1200&ssl=1&resize=350%2C200 1x, https:\/\/i0.wp.com\/historiografija.hr\/wp-content\/uploads\/2026\/07\/Podpljesivicki-granicari-scaled.jpg?fit=844%2C1200&ssl=1&resize=525%2C300 1.5x, https:\/\/i0.wp.com\/historiografija.hr\/wp-content\/uploads\/2026\/07\/Podpljesivicki-granicari-scaled.jpg?fit=844%2C1200&ssl=1&resize=700%2C400 2x"},"classes":[]},{"id":54309,"url":"https:\/\/historiografija.hr\/?p=54309","url_meta":{"origin":30204,"position":1},"title":"Tena Korkut \u201eU ime pradjeda\u201c","author":"Filip \u0160imunjak","date":"25. lipnja 2026.","format":false,"excerpt":"Koncem 2025. godine u nakladi Koordinacije \u017eidovskih op\u0107ina u Republici Hrvatskoj iza\u0161la je knjiga \u201eU ime pradjeda\u201c autorice Tene Korkut, o njenom pretku Davidu Meislu, nadkantoru i voditelju Prvog hrvatskog pjeva\u010dkog dru\u0161tva \u201cZora\u201d.\u00a0 O knjizi Muzikologinja Tamara Jurki\u0107 Sviben istaknula je da je knjiga U ime pradjeda autorice Tene Korkut\u2026","rel":"","context":"U &quot;Knjige&quot;","block_context":{"text":"Knjige","link":"https:\/\/historiografija.hr\/?cat=8"},"img":{"alt_text":"","src":"https:\/\/i0.wp.com\/historiografija.hr\/wp-content\/uploads\/2026\/06\/U-ime-pradjeda.jpg?fit=480%2C600&ssl=1&resize=350%2C200","width":350,"height":200},"classes":[]},{"id":52999,"url":"https:\/\/historiografija.hr\/?p=52999","url_meta":{"origin":30204,"position":2},"title":"Milan Suboti\u0107, &#8220;Istori\u010dari u svom vremenu&#8221;","author":"Filip \u0160imunjak","date":"8. svibnja 2026.","format":false,"excerpt":"Objavljena je knjiga Milana Suboti\u0107a, \"Istori\u010dari u svom vremenu\", koja kroz \u010detiri studije o Ericu Hobsbawmu, Richardu Pipesu, Aleksandru Gerschenkronu i Mirchi Eliadeu istra\u017euje kako politi\u010dki i dru\u0161tveni kontekst 20. stolje\u0107a oblikuje na\u010din na koji povjesni\u010dari razumiju i interpretiraju pro\u0161lost. Kako vrijeme u kojem \u017eivimo oblikuje ono \u0161to mislimo da\u2026","rel":"","context":"U &quot;Knjige&quot;","block_context":{"text":"Knjige","link":"https:\/\/historiografija.hr\/?cat=8"},"img":{"alt_text":"","src":"https:\/\/i0.wp.com\/historiografija.hr\/wp-content\/uploads\/2026\/05\/Istoricari-u-svome-vremenu-knjiga.png?fit=566%2C826&ssl=1&resize=350%2C200","width":350,"height":200,"srcset":"https:\/\/i0.wp.com\/historiografija.hr\/wp-content\/uploads\/2026\/05\/Istoricari-u-svome-vremenu-knjiga.png?fit=566%2C826&ssl=1&resize=350%2C200 1x, https:\/\/i0.wp.com\/historiografija.hr\/wp-content\/uploads\/2026\/05\/Istoricari-u-svome-vremenu-knjiga.png?fit=566%2C826&ssl=1&resize=525%2C300 1.5x"},"classes":[]},{"id":52502,"url":"https:\/\/historiografija.hr\/?p=52502","url_meta":{"origin":30204,"position":3},"title":"Novi znanstveni projekt Hrvatskog instituta za povijest: \u201c\u017drtve ratova i dr\u017eavnog\/politi\u010dkog nasilja u hrvatskoj povijesti 20. stolje\u0107a\u201d","author":"Branimir Jankovi\u0107","date":"17. travnja 2026.","format":false,"excerpt":"Na redovitoj sjednici Vlade RH, 16. travnja 2026., donijet je Zaklju\u010dak kojim se pokre\u0107e znanstveni projekt \u201c\u017drtve ratova i dr\u017eavnog\/politi\u010dkog nasilja u hrvatskoj povijesti 20. stolje\u0107a\u201d. Projekt \u0107e provoditi i koordinirati Hrvatski institut za povijest u razdoblju trajanja projekta od pet godina. Zakljucak Vlade RH Iz teksta projektnog prijedloga: Problematika\u2026","rel":"","context":"U &quot;Novosti&quot;","block_context":{"text":"Novosti","link":"https:\/\/historiografija.hr\/?cat=3"},"img":{"alt_text":"","src":"https:\/\/i0.wp.com\/historiografija.hr\/wp-content\/uploads\/2026\/04\/Vlada-RH.jpg?fit=1200%2C557&ssl=1&resize=350%2C200","width":350,"height":200,"srcset":"https:\/\/i0.wp.com\/historiografija.hr\/wp-content\/uploads\/2026\/04\/Vlada-RH.jpg?fit=1200%2C557&ssl=1&resize=350%2C200 1x, https:\/\/i0.wp.com\/historiografija.hr\/wp-content\/uploads\/2026\/04\/Vlada-RH.jpg?fit=1200%2C557&ssl=1&resize=525%2C300 1.5x, https:\/\/i0.wp.com\/historiografija.hr\/wp-content\/uploads\/2026\/04\/Vlada-RH.jpg?fit=1200%2C557&ssl=1&resize=700%2C400 2x, https:\/\/i0.wp.com\/historiografija.hr\/wp-content\/uploads\/2026\/04\/Vlada-RH.jpg?fit=1200%2C557&ssl=1&resize=1050%2C600 3x"},"classes":[]},{"id":53096,"url":"https:\/\/historiografija.hr\/?p=53096","url_meta":{"origin":30204,"position":4},"title":"Novi broj \u010dasopisa \u201eHrvatska revija\u201c (4\/2025) \u2013 Tema broja: U po\u010detku bija\u0161e kraljevstvo","author":"Filip \u0160imunjak","date":"14. svibnja 2026.","format":false,"excerpt":"Novi broj \u201cHrvatske revije\u201d (4-2025) donosi temu broja \u201eU po\u010detku bija\u0161e kraljevstvo\u201c. Broj je dostupan online na: https:\/\/www.matica.hr\/hr\/844\/ Tema broja: U po\u010detku bija\u0161e kraljevstvo Vladimir P. Goss:\u00a0Kraljevstvo, duh i prostor Osvrt na izlo\u017ebu \u00bbU po\u010detku bija\u0161e kraljevstvo\u00ab, Galerija Klovi\u0107evi dvori, Zagreb, 16. listopada 2025. \u2013 15. velja\u010de, 2026. Ivan Buljevi\u0107:\u00a0U\u2026","rel":"","context":"U &quot;\u010casopisi&quot;","block_context":{"text":"\u010casopisi","link":"https:\/\/historiografija.hr\/?cat=21"},"img":{"alt_text":"","src":"https:\/\/i0.wp.com\/historiografija.hr\/wp-content\/uploads\/2026\/05\/Hrvatska-revija-42025.jpg?fit=681%2C933&ssl=1&resize=350%2C200","width":350,"height":200,"srcset":"https:\/\/i0.wp.com\/historiografija.hr\/wp-content\/uploads\/2026\/05\/Hrvatska-revija-42025.jpg?fit=681%2C933&ssl=1&resize=350%2C200 1x, https:\/\/i0.wp.com\/historiografija.hr\/wp-content\/uploads\/2026\/05\/Hrvatska-revija-42025.jpg?fit=681%2C933&ssl=1&resize=525%2C300 1.5x"},"classes":[]},{"id":53745,"url":"https:\/\/historiografija.hr\/?p=53745","url_meta":{"origin":30204,"position":5},"title":"U HAZU znanstveno-stru\u010dni skup Hrvatska moderna arhitektura \u2013 problemi vrednovanja, za\u0161tite i obnove","author":"Branimir Jankovi\u0107","date":"26. svibnja 2026.","format":false,"excerpt":"Znanstveno vije\u0107e za arhitekturu, urbanizam i ure\u0111enje prostora Hrvatske akademije znanosti i umjetnosti\u00a0organizira znanstveno-stru\u010dni skup\u00a0Hrvatska moderna arhitektura \u2013\u00a0problemi vrednovanja, za\u0161tite i obnove\u00a0koji \u0107e se odr\u017eati u Knji\u017enici HAZU, Strossmayerov trg 14 u Zagrebu,\u00a0u dvije sesije:\u00a0u ponedjeljak 1. lipnja 2026. od 10 do 14 sati i\u00a0u utorak 16. lipnja 2026. od\u2026","rel":"","context":"U &quot;Novosti&quot;","block_context":{"text":"Novosti","link":"https:\/\/historiografija.hr\/?cat=3"},"img":{"alt_text":"","src":"https:\/\/i0.wp.com\/historiografija.hr\/wp-content\/uploads\/2017\/05\/hazu_zgrada_knjiznice.jpg?fit=640%2C479&ssl=1&resize=350%2C200","width":350,"height":200,"srcset":"https:\/\/i0.wp.com\/historiografija.hr\/wp-content\/uploads\/2017\/05\/hazu_zgrada_knjiznice.jpg?fit=640%2C479&ssl=1&resize=350%2C200 1x, https:\/\/i0.wp.com\/historiografija.hr\/wp-content\/uploads\/2017\/05\/hazu_zgrada_knjiznice.jpg?fit=640%2C479&ssl=1&resize=525%2C300 1.5x"},"classes":[]}],"_links":{"self":[{"href":"https:\/\/historiografija.hr\/index.php?rest_route=\/wp\/v2\/posts\/30204","targetHints":{"allow":["GET"]}}],"collection":[{"href":"https:\/\/historiografija.hr\/index.php?rest_route=\/wp\/v2\/posts"}],"about":[{"href":"https:\/\/historiografija.hr\/index.php?rest_route=\/wp\/v2\/types\/post"}],"author":[{"embeddable":true,"href":"https:\/\/historiografija.hr\/index.php?rest_route=\/wp\/v2\/users\/2"}],"replies":[{"embeddable":true,"href":"https:\/\/historiografija.hr\/index.php?rest_route=%2Fwp%2Fv2%2Fcomments&post=30204"}],"version-history":[{"count":3,"href":"https:\/\/historiografija.hr\/index.php?rest_route=\/wp\/v2\/posts\/30204\/revisions"}],"predecessor-version":[{"id":30208,"href":"https:\/\/historiografija.hr\/index.php?rest_route=\/wp\/v2\/posts\/30204\/revisions\/30208"}],"wp:featuredmedia":[{"embeddable":true,"href":"https:\/\/historiografija.hr\/index.php?rest_route=\/wp\/v2\/media\/30205"}],"wp:attachment":[{"href":"https:\/\/historiografija.hr\/index.php?rest_route=%2Fwp%2Fv2%2Fmedia&parent=30204"}],"wp:term":[{"taxonomy":"category","embeddable":true,"href":"https:\/\/historiografija.hr\/index.php?rest_route=%2Fwp%2Fv2%2Fcategories&post=30204"},{"taxonomy":"post_tag","embeddable":true,"href":"https:\/\/historiografija.hr\/index.php?rest_route=%2Fwp%2Fv2%2Ftags&post=30204"}],"curies":[{"name":"wp","href":"https:\/\/api.w.org\/{rel}","templated":true}]}}