{"id":30165,"date":"2022-02-25T22:48:32","date_gmt":"2022-02-25T22:48:32","guid":{"rendered":"http:\/\/historiografija.hr\/?p=30165"},"modified":"2022-07-15T14:19:43","modified_gmt":"2022-07-15T14:19:43","slug":"predstavljeni-novi-brojevi-historijskog-zbornika-za-2021-godinu","status":"publish","type":"post","link":"https:\/\/historiografija.hr\/?p=30165","title":{"rendered":"Predstavljeni novi brojevi \u201cHistorijskog zbornika\u201d za 2021. godinu"},"content":{"rendered":"\n<p>Na godi\u0161njoj skup\u0161tini Dru\u0161tva za hrvatsku povjesnicu odr\u017eanoj online 23. velja\u010de 2022. predstavljeni su brojevi 1 i 2 \u201cHistorijskog zbornika\u201d za 2021. godinu, koji su u cijelosti dostupni na portalu znanstvenih \u010dasopisa Hr\u010dak.<\/p>\n\n\n\n<hr class=\"wp-block-separator\"\/>\n\n\n\n<p><strong><em>Historijski zbornik<\/em><\/strong><strong>, god. 74, br. 1, 2021.<\/strong><\/p>\n\n\n\n<p><a href=\"https:\/\/hrcak.srce.hr\/broj\/21412\">https:\/\/hrcak.srce.hr\/broj\/21412<\/a><\/p>\n\n\n\n<hr class=\"wp-block-separator\"\/>\n\n\n\n<p>SADR\u017dAJ<\/p>\n\n\n\n<hr class=\"wp-block-separator\"\/>\n\n\n\n<p><strong>\u010clanci<\/strong><\/p>\n\n\n\n<hr class=\"wp-block-separator\"\/>\n\n\n\n<p><strong>Ante Be\u0107ir<\/strong><\/p>\n\n\n\n<p>Izme\u0111u politi\u010dkog i kaznenog egzila \u2013 prisilne migracije u kasnosrednjovjekovnim dalmatinskim gradovima<\/p>\n\n\n\n<hr class=\"wp-block-separator\"\/>\n\n\n\n<p><strong>Nedim Zahirovi\u0107<\/strong><\/p>\n\n\n\n<p>Kada je osnovan Biha\u0107ki sand\u017eak?<\/p>\n\n\n\n<hr class=\"wp-block-separator\"\/>\n\n\n\n<p><strong>Lovorka \u010corali\u0107<\/strong><\/p>\n\n\n\n<p>Vojnici iz Skradina u mleta\u010dkim prekomorskim kopnenim postrojbama u 18. stolje\u0107u<\/p>\n\n\n\n<hr class=\"wp-block-separator\"\/>\n\n\n\n<p><strong>Iva Katarina Pugelnik<\/strong><\/p>\n\n\n\n<p>Prikaz hrvatskih i susjednih zemalja na karti Trojedne Kraljevine Franje Vjekoslava Kru\u017ei\u0107a<\/p>\n\n\n\n<hr class=\"wp-block-separator\"\/>\n\n\n\n<p><strong>Dinko \u010cutura<\/strong><\/p>\n\n\n\n<p>Brojnost i zna\u010denje zelenoga kadra<\/p>\n\n\n\n<hr class=\"wp-block-separator\"\/>\n\n\n\n<p><strong>Bo\u017eena Vranje\u0161-\u0160oljan<\/strong><\/p>\n\n\n\n<p>Tranzicija hrvatske upravne elite u Kraljevini SHS<\/p>\n\n\n\n<hr class=\"wp-block-separator\"\/>\n\n\n\n<p><strong>Stipica Grgi\u0107, Tomislav Kardum<\/strong><\/p>\n\n\n\n<p>Op\u0107inski izbori u Banovini Hrvatskoj<\/p>\n\n\n\n<hr class=\"wp-block-separator\"\/>\n\n\n\n<p><strong>Ivan \u017dagar<\/strong><\/p>\n\n\n\n<p>Sport i nogomet u historiografiji i humanisti\u010dkim znanostima u Jugoslaviji i postjugoslavenskom prostoru<\/p>\n\n\n\n<hr class=\"wp-block-separator\"\/>\n\n\n\n<p><strong>David \u0160porer <\/strong><strong><\/strong><\/p>\n\n\n\n<p>Michel Foucault i klasne borbe u Francuskoj 1968.<\/p>\n\n\n\n<hr class=\"wp-block-separator\"\/>\n\n\n\n<p><strong>Ocjene i prikazi<\/strong><\/p>\n\n\n\n<p>John Connelly, From Peoples into Nations: A History of Eastern Europe \/ 169\u2013171 (Tomislav Kardum)<\/p>\n\n\n\n<p>Miroslav Berto\u0161a, Historabilije XVI.\u2013XVIII. stolje\u0107a. Mali svijet Istre u doba Venecije \/ 172\u2013175 (Iva Koli\u0107)<\/p>\n\n\n\n<p>Kre\u0161imir Regan, Sporazum ili nesporazum? Srpsko pitanje u Banovini Hrvatskoj (1939.-1941.) \/ 175\u2013178 (Lidija Bari\u0161i\u0107 Bogi\u0161i\u0107)<\/p>\n\n\n\n<p>Tom Gallagher, Salazar: Dictator That Refused to Die \/ 178\u2013181 (Sa\u0161a Vukovi\u0107)<\/p>\n\n\n\n<p>Federico Tenca Montini, Trst ne damo! Jugoslavija i Tr\u0161\u0107ansko pitanje 1945.-1954. \/ 181\u2013184 (Marino Badurina)<\/p>\n\n\n\n<p>Kontinuiteti i inovacije. Zbornik odabranih radova s \u010cetvrtog me\u0111unarodnog znanstvenog skupa Socijalizam na klupi \/ 184\u2013187 (Branimir Jankovi\u0107)<\/p>\n\n\n\n<hr class=\"wp-block-separator\"\/>\n\n\n\n<p><strong>Skupovi, radionice, obljetnice<\/strong><\/p>\n\n\n\n<p>7. Doktorska radionica Mikrohistorija socijalizma \/ 191\u2013194 (Tina Filipovi\u0107)<\/p>\n\n\n\n<p>Centenario del Milite Ignoto 1921 \u2013 2021 \/ 195\u2013196 (Monica Priante)<\/p>\n\n\n\n<hr class=\"wp-block-separator\"\/>\n\n\n\n<p><strong>In memoriam<\/strong><\/p>\n\n\n\n<p>Nobuhiro Shiba (1946-2021) \/ 199\u2013199 (Damir Agi\u010di\u0107)<\/p>\n\n\n\n<p>Marc Ferro (1924.-2021.) \/ 200\u2013205 (Filip \u0160imetin \u0160egvi\u0107)<\/p>\n\n\n\n<hr class=\"wp-block-separator\"\/>\n\n\n\n<p><strong><em>Historijski zbornik<\/em><\/strong><strong>, god. 74, br. 2, 2021.<\/strong><\/p>\n\n\n\n<p><a href=\"https:\/\/hrcak.srce.hr\/broj\/21413\">https:\/\/hrcak.srce.hr\/broj\/21413<\/a><\/p>\n\n\n\n<hr class=\"wp-block-separator\"\/>\n\n\n\n<p>SADR\u017dAJ<\/p>\n\n\n\n<hr class=\"wp-block-separator\"\/>\n\n\n\n<p><strong>\u010clanci<\/strong><\/p>\n\n\n\n<hr class=\"wp-block-separator\"\/>\n\n\n\n<p><strong>Ivan Majnari\u0107<\/strong><\/p>\n\n\n\n<p>Domi\u0161ljanje srednjovjekovnog<\/p>\n\n\n\n<hr class=\"wp-block-separator\"\/>\n\n\n\n<p><strong>Dubravka Latin\u010di\u0107, Kre\u0161imir Regan<\/strong><\/p>\n\n\n\n<p>Ka\u0161tel Peru\u0161i\u0107<\/p>\n\n\n\n<hr class=\"wp-block-separator\"\/>\n\n\n\n<p><strong>Dubravka Zima<\/strong><\/p>\n\n\n\n<p>Od djevoj\u010dica u bijelim haljinama do nevidljivih Fl\u00e2neuse: djevoja\u010dko kretanje gradskim ulicama u 19. stolje\u0107u<\/p>\n\n\n\n<hr class=\"wp-block-separator\"\/>\n\n\n\n<p><strong>Jure Trutani\u0107<\/strong><\/p>\n\n\n\n<p>Nakladni\u010dki poduhvat Ivana Kazimira Ostoji\u0107a u Donjoj Tuzli po\u010detkom 20. stolje\u0107a<\/p>\n\n\n\n<hr class=\"wp-block-separator\"\/>\n\n\n\n<p><strong>Goran Hutinec<\/strong><\/p>\n\n\n\n<p>Savez gradova Kraljevine SHS\/Jugoslavije (1927-1941)<\/p>\n\n\n\n<hr class=\"wp-block-separator\"\/>\n\n\n\n<p><strong>Andrea Rokni\u0107 Be\u017eani\u0107<\/strong><\/p>\n\n\n\n<p>Studentski doga\u0111aji 1971. godine u gradu Rijeci<\/p>\n\n\n\n<hr class=\"wp-block-separator\"\/>\n\n\n\n<p><strong>Tina Filipovi\u0107<\/strong><\/p>\n\n\n\n<p>SUBNOR-ove politike i prakse sje\u0107anja na NOR u sisa\u010dkim proslavama<\/p>\n\n\n\n<hr class=\"wp-block-separator\"\/>\n\n\n\n<p><strong>Anita Buhin<\/strong><\/p>\n\n\n\n<p>(Ne)uspjesi samoupravnog preobra\u017eaja kulture u op\u0107ini Karlovac (1974-1990)<\/p>\n\n\n\n<hr class=\"wp-block-separator\"\/>\n\n\n\n<p><strong>Ocjene i prikazi<\/strong><\/p>\n\n\n\n<hr class=\"wp-block-separator\"\/>\n\n\n\n<p>HISTORIA MODERNA Bosnia &amp; Herzegovina \/ 433\u2013435 (Saima Loji\u0107-Durakovi\u0107)<\/p>\n\n\n\n<p>A. D. Lee, Warfare in the Roman World \/ 435\u2013438 (Igor Krnjeta)<\/p>\n\n\n\n<p>Popisi Pakra\u010dkog sand\u017eaka 1565. i 1584. \/ 439\u2013440 (Petra Kolesari\u0107)<\/p>\n\n\n\n<p>Kl\u00e1ra Hegyi, The Ottoman Military Organization in Hungary: Fortresses, Fortress Garrisons and Finances \/ 440\u2013445 (Filip \u0160imunjak)<\/p>\n\n\n\n<p>Mihad Mujanovi\u0107, Muslimov\u00e9, a ne mohamed\u00e1ni! Ke ko\u0159en\u016fm bos\u0148\u00e1ck\u00e9ho n\u00e1rodn\u00edho hnut\u00ed v letech 1878\u20131918 \/ 446\u2013449 (Damir Agi\u010di\u0107)<\/p>\n\n\n\n<p>Roma Voices in History: A Sourcebook. Roma Civic Emancipation in Central, South-Eastern and Eastern Europe from the 19th Century until World War II \/ 449\u2013451 (Danijel Vojak)<\/p>\n\n\n\n<p>Banovi Kraljevine Jugoslavije \u2013 Biografski leksikon \/ 451\u2013454 (Ivan Milec)<\/p>\n\n\n\n<p>Pri\u010de iz konzerve: povijest prerade i konzerviranja riba na sjeveroisto\u010dnom Jadranu \/ 454\u2013456 (Marko Koli\u0107)<\/p>\n\n\n\n<p>Victoria de Grazia, The Perfect Fascist: A Story of Love, Power and Morality in Mussolini\u2019s Italy \/ 456\u2013459 (Jelena Bari\u0107)<\/p>\n\n\n\n<p>Marija Vinski, Velik je misterij \u017eivota. Dnevnik 1917-1934 \/ 459\u2013464 (Branimir Jankovi\u0107)<\/p>\n\n\n\n<p>Lydia Sklevicky, \u017dene i mo\u0107: povijesna geneza jednog interesa \/ 464\u2013468 (Tina Filipovi\u0107)<\/p>\n\n\n\n<p>Goran Musi\u0107, Making and Breaking the Yugoslav Working Class: The Story of Two Self-Managed Factories \/ 468\u2013472 (Petar Marku\u0161)<\/p>\n\n\n\n<p>Neo\u010dekivana promjena: kako je stvoren Pokret nesvrstanih. Dnevni\u010dki zapisi Bogdana Crnobrnje iz 1961. godine i Conference de Belgrade. Dnevni\u010dki zapisi Veljka Vlahovi\u0107a sa Beogradske konferencije 1961. \/ 472\u2013478 (Tvrtko Jakovina)<\/p>\n\n\n\n<hr class=\"wp-block-separator\"\/>\n\n\n\n<p><strong>Znanstveni skupovi<\/strong><\/p>\n\n\n\n<p>VI. kongres hrvatskih povjesni\u010dara \u2013 Kultura \/ 481\u2013484 (Danijela Duvnjak)<\/p>\n\n\n\n<p>Znanstveni skup s me\u0111unarodnim sudjelovanjem Pad Beograda 1521. godine i njegove posljedice za hrvatski povijesni prostor \/ 484\u2013488 (Matea Juri\u0107)<\/p>\n\n\n\n<hr class=\"wp-block-separator\"\/>\n","protected":false},"excerpt":{"rendered":"","protected":false},"author":2,"featured_media":25185,"comment_status":"open","ping_status":"open","sticky":false,"template":"","format":"standard","meta":{"_acf_changed":false,"jetpack_post_was_ever_published":false,"_jetpack_newsletter_access":"","_jetpack_dont_email_post_to_subs":false,"_jetpack_newsletter_tier_id":0,"_jetpack_memberships_contains_paywalled_content":false,"_jetpack_memberships_contains_paid_content":false,"footnotes":"","jetpack_publicize_message":"","jetpack_publicize_feature_enabled":true,"jetpack_social_post_already_shared":true,"jetpack_social_options":{"image_generator_settings":{"template":"highway","default_image_id":0,"font":"","enabled":false},"version":2}},"categories":[21,3],"tags":[],"class_list":["post-30165","post","type-post","status-publish","format-standard","has-post-thumbnail","hentry","category-casopisi","category-novosti"],"acf":{"facebook_opis":""},"jetpack_publicize_connections":[],"jetpack_featured_media_url":"https:\/\/i0.wp.com\/historiografija.hr\/wp-content\/uploads\/2021\/02\/HZ-naslovnica.jpg?fit=417%2C221&ssl=1","jetpack_sharing_enabled":true,"jetpack-related-posts":[],"_links":{"self":[{"href":"https:\/\/historiografija.hr\/index.php?rest_route=\/wp\/v2\/posts\/30165","targetHints":{"allow":["GET"]}}],"collection":[{"href":"https:\/\/historiografija.hr\/index.php?rest_route=\/wp\/v2\/posts"}],"about":[{"href":"https:\/\/historiografija.hr\/index.php?rest_route=\/wp\/v2\/types\/post"}],"author":[{"embeddable":true,"href":"https:\/\/historiografija.hr\/index.php?rest_route=\/wp\/v2\/users\/2"}],"replies":[{"embeddable":true,"href":"https:\/\/historiografija.hr\/index.php?rest_route=%2Fwp%2Fv2%2Fcomments&post=30165"}],"version-history":[{"count":4,"href":"https:\/\/historiografija.hr\/index.php?rest_route=\/wp\/v2\/posts\/30165\/revisions"}],"predecessor-version":[{"id":30169,"href":"https:\/\/historiografija.hr\/index.php?rest_route=\/wp\/v2\/posts\/30165\/revisions\/30169"}],"wp:featuredmedia":[{"embeddable":true,"href":"https:\/\/historiografija.hr\/index.php?rest_route=\/wp\/v2\/media\/25185"}],"wp:attachment":[{"href":"https:\/\/historiografija.hr\/index.php?rest_route=%2Fwp%2Fv2%2Fmedia&parent=30165"}],"wp:term":[{"taxonomy":"category","embeddable":true,"href":"https:\/\/historiografija.hr\/index.php?rest_route=%2Fwp%2Fv2%2Fcategories&post=30165"},{"taxonomy":"post_tag","embeddable":true,"href":"https:\/\/historiografija.hr\/index.php?rest_route=%2Fwp%2Fv2%2Ftags&post=30165"}],"curies":[{"name":"wp","href":"https:\/\/api.w.org\/{rel}","templated":true}]}}