{"id":30157,"date":"2022-02-25T21:54:15","date_gmt":"2022-02-25T21:54:15","guid":{"rendered":"http:\/\/historiografija.hr\/?p=30157"},"modified":"2022-02-25T21:55:03","modified_gmt":"2022-02-25T21:55:03","slug":"stevan-k-pavlovic-1933-2022","status":"publish","type":"post","link":"https:\/\/historiografija.hr\/?p=30157","title":{"rendered":"Stevan K. Pavlovi\u0107 (1933\u20132022)"},"content":{"rendered":"\n<p>Prije mjesec dana umro je povjesni\u010dar Stevan K. Pavlovi\u0107, autor istaknute knjige \u201cA History of the Balkans, 1804-1945\u201d \/ \u201cIstorija Balkana: 1804-1945\u201d. \u00a0Tom prigodom upu\u0107ujemo na obavijest o smrti izdava\u010dke ku\u0107e \u201cClio\u201d iz Beograda i upravo objavljeni iscrpni nekrolog Dejana \u0110oki\u0107a.<\/p>\n\n\n\n<hr class=\"wp-block-separator\"\/>\n\n\n\n<p>Clio<\/p>\n\n\n\n<p><strong>STEVAN K. PAVLOVI\u0106 (1933 &#8211; 2022)<\/strong><\/p>\n\n\n\n<p><a href=\"http:\/\/clio.rs\/STEVAN-K.-PAVLOVIC-1933-2022_Vest_270277\">http:\/\/clio.rs\/STEVAN-K.-PAVLOVIC-1933-2022_Vest_270277<\/a><\/p>\n\n\n\n<p>26.01.2022.<\/p>\n\n\n\n<hr class=\"wp-block-separator\"\/>\n\n\n\n<p>Dejan \u0110oki\u0107<\/p>\n\n\n\n<p><strong>Srbija i Velika Britanija: Ko je bio istori\u010dar Stevan K. Pavlovi\u0107 &#8211; kosmopolita i d\u017eentlmen srpskog porekla<\/strong><\/p>\n\n\n\n<p>25.02.2022.<\/p>\n\n\n\n<p><a href=\"https:\/\/www.bbc.com\/serbian\/lat\/srbija-60401608\">https:\/\/www.bbc.com\/serbian\/lat\/srbija-60401608<\/a><\/p>\n\n\n\n<p><a href=\"https:\/\/www.danas.rs\/bbc-news-serbian\/srbija-i-velika-britanija-ko-je-bio-istoricar-stevan-k-pavlovic-kosmopolita-i-dzentlmen-srpskog-porekla\/\">https:\/\/www.danas.rs\/bbc-news-serbian\/srbija-i-velika-britanija-ko-je-bio-istoricar-stevan-k-pavlovic-kosmopolita-i-dzentlmen-srpskog-porekla\/<\/a><\/p>\n\n\n\n<hr class=\"wp-block-separator\"\/>\n\n\n\n<p><\/p>\n","protected":false},"excerpt":{"rendered":"","protected":false},"author":2,"featured_media":30158,"comment_status":"open","ping_status":"open","sticky":false,"template":"","format":"standard","meta":{"_acf_changed":false,"jetpack_post_was_ever_published":false,"_jetpack_newsletter_access":"","_jetpack_dont_email_post_to_subs":false,"_jetpack_newsletter_tier_id":0,"_jetpack_memberships_contains_paywalled_content":false,"_jetpack_memberships_contains_paid_content":false,"footnotes":"","jetpack_publicize_message":"","jetpack_publicize_feature_enabled":true,"jetpack_social_post_already_shared":true,"jetpack_social_options":{"image_generator_settings":{"template":"highway","default_image_id":0,"font":"","enabled":false},"version":2}},"categories":[3,20],"tags":[],"class_list":["post-30157","post","type-post","status-publish","format-standard","has-post-thumbnail","hentry","category-novosti","category-obavijesti-o-smrti-i-nekrolozi"],"acf":{"facebook_opis":""},"jetpack_publicize_connections":[],"jetpack_featured_media_url":"https:\/\/i0.wp.com\/historiografija.hr\/wp-content\/uploads\/2022\/02\/Pavlovic.jpg?fit=640%2C360&ssl=1","jetpack_sharing_enabled":true,"jetpack-related-posts":[],"_links":{"self":[{"href":"https:\/\/historiografija.hr\/index.php?rest_route=\/wp\/v2\/posts\/30157","targetHints":{"allow":["GET"]}}],"collection":[{"href":"https:\/\/historiografija.hr\/index.php?rest_route=\/wp\/v2\/posts"}],"about":[{"href":"https:\/\/historiografija.hr\/index.php?rest_route=\/wp\/v2\/types\/post"}],"author":[{"embeddable":true,"href":"https:\/\/historiografija.hr\/index.php?rest_route=\/wp\/v2\/users\/2"}],"replies":[{"embeddable":true,"href":"https:\/\/historiografija.hr\/index.php?rest_route=%2Fwp%2Fv2%2Fcomments&post=30157"}],"version-history":[{"count":3,"href":"https:\/\/historiografija.hr\/index.php?rest_route=\/wp\/v2\/posts\/30157\/revisions"}],"predecessor-version":[{"id":30161,"href":"https:\/\/historiografija.hr\/index.php?rest_route=\/wp\/v2\/posts\/30157\/revisions\/30161"}],"wp:featuredmedia":[{"embeddable":true,"href":"https:\/\/historiografija.hr\/index.php?rest_route=\/wp\/v2\/media\/30158"}],"wp:attachment":[{"href":"https:\/\/historiografija.hr\/index.php?rest_route=%2Fwp%2Fv2%2Fmedia&parent=30157"}],"wp:term":[{"taxonomy":"category","embeddable":true,"href":"https:\/\/historiografija.hr\/index.php?rest_route=%2Fwp%2Fv2%2Fcategories&post=30157"},{"taxonomy":"post_tag","embeddable":true,"href":"https:\/\/historiografija.hr\/index.php?rest_route=%2Fwp%2Fv2%2Ftags&post=30157"}],"curies":[{"name":"wp","href":"https:\/\/api.w.org\/{rel}","templated":true}]}}