{"id":30148,"date":"2022-02-25T21:21:28","date_gmt":"2022-02-25T21:21:28","guid":{"rendered":"http:\/\/historiografija.hr\/?p=30148"},"modified":"2022-02-25T21:21:28","modified_gmt":"2022-02-25T21:21:28","slug":"dokumentarni-film-1991-pocetak-obrat-i-pobjeda-pakrac","status":"publish","type":"post","link":"https:\/\/historiografija.hr\/?p=30148","title":{"rendered":"Dokumentarni film \u201e1991.: Po\u010detak, obrat i pobjeda \u2013 Pakrac\u201c"},"content":{"rendered":"\n<p>Dokumentarni film \u201c1991.: Po\u010detak, obrat i pobjeda \u2013 Pakrac\u201d emitiramo u nedjelju 27. velja\u010de u 20:45 na Prvom programu HTV-a.<\/p>\n\n\n\n<p>U Jugoslaviji po\u010detkom 1991. godine rastu napetosti. U zapadnoj Slavoniji dio Srba odlu\u010duje, po uzoru na Knin, otkazati poslu\u0161nost hrvatskoj vlasti.<\/p>\n\n\n\n<p>Zagreb to ovaj put ne mo\u017ee mirno promatrati. Nakon \u0161to su 1. o\u017eujka 1991. u Pakracu razoru\u017eani policajci hrvatske nacionalnosti, pokrenuta je velika akcija.<br><br>Iz Bjelovara i Zagreba idu\u0107eg dana u grad su u\u0161le jake snage MUP-a i vratile policijsku postaju pod nadzor. Uskoro po\u010dinje napeti triler. S okolnih brda po\u010dinje se pucati na hrvatsku policiju te dolazi do prvog pravog vatrenog okr\u0161aja u kojem samim \u010dudom nije bilo poginulih policajaca.<\/p>\n\n\n\n<p>Pokazalo se da je doga\u0111aj koji je prema Beogradu trebao ozna\u010diti kraj snova o slobodnoj Hrvatskoj ustvari bio &#8220;po\u010detak&#8221; krvave borbe za samostalnost i neovisnost Republike Hrvatske.<\/p>\n\n\n\n<p>Scenarij je <strong>Borna Marini\u0107<\/strong>, redatelj <strong>Davor \u0160ari\u0107<\/strong>, snimatelj i producent<strong> Igor Kne\u017eevi\u0107<\/strong>, a monta\u017eerka <strong>Matea \u0160ari\u0107<\/strong>.\u00a0<br><br>Produkcija: Prvi red fotelja za HRT<\/p>\n\n\n\n<hr class=\"wp-block-separator\"\/>\n\n\n\n<p>Izvor:<\/p>\n\n\n\n<p><a href=\"https:\/\/hrtprikazuje.hrt.hr\/dokumentarci\/1991-pocetak-obrat-i-pobjeda-pakrac-5443734\">https:\/\/hrtprikazuje.hrt.hr\/dokumentarci\/1991-pocetak-obrat-i-pobjeda-pakrac-5443734<\/a><\/p>\n\n\n\n<hr class=\"wp-block-separator\"\/>\n","protected":false},"excerpt":{"rendered":"","protected":false},"author":2,"featured_media":30149,"comment_status":"open","ping_status":"open","sticky":false,"template":"","format":"standard","meta":{"_acf_changed":false,"jetpack_post_was_ever_published":false,"_jetpack_newsletter_access":"","_jetpack_dont_email_post_to_subs":false,"_jetpack_newsletter_tier_id":0,"_jetpack_memberships_contains_paywalled_content":false,"_jetpack_memberships_contains_paid_content":false,"footnotes":"","jetpack_publicize_message":"","jetpack_publicize_feature_enabled":true,"jetpack_social_post_already_shared":true,"jetpack_social_options":{"image_generator_settings":{"template":"highway","default_image_id":0,"font":"","enabled":false},"version":2}},"categories":[13,3],"tags":[],"class_list":["post-30148","post","type-post","status-publish","format-standard","has-post-thumbnail","hentry","category-filmovi-i-serije","category-novosti"],"acf":{"facebook_opis":""},"jetpack_publicize_connections":[],"jetpack_featured_media_url":"https:\/\/i0.wp.com\/historiografija.hr\/wp-content\/uploads\/2022\/02\/Pakrac.jpg?fit=500%2C261&ssl=1","jetpack_sharing_enabled":true,"jetpack-related-posts":[],"_links":{"self":[{"href":"https:\/\/historiografija.hr\/index.php?rest_route=\/wp\/v2\/posts\/30148","targetHints":{"allow":["GET"]}}],"collection":[{"href":"https:\/\/historiografija.hr\/index.php?rest_route=\/wp\/v2\/posts"}],"about":[{"href":"https:\/\/historiografija.hr\/index.php?rest_route=\/wp\/v2\/types\/post"}],"author":[{"embeddable":true,"href":"https:\/\/historiografija.hr\/index.php?rest_route=\/wp\/v2\/users\/2"}],"replies":[{"embeddable":true,"href":"https:\/\/historiografija.hr\/index.php?rest_route=%2Fwp%2Fv2%2Fcomments&post=30148"}],"version-history":[{"count":1,"href":"https:\/\/historiografija.hr\/index.php?rest_route=\/wp\/v2\/posts\/30148\/revisions"}],"predecessor-version":[{"id":30150,"href":"https:\/\/historiografija.hr\/index.php?rest_route=\/wp\/v2\/posts\/30148\/revisions\/30150"}],"wp:featuredmedia":[{"embeddable":true,"href":"https:\/\/historiografija.hr\/index.php?rest_route=\/wp\/v2\/media\/30149"}],"wp:attachment":[{"href":"https:\/\/historiografija.hr\/index.php?rest_route=%2Fwp%2Fv2%2Fmedia&parent=30148"}],"wp:term":[{"taxonomy":"category","embeddable":true,"href":"https:\/\/historiografija.hr\/index.php?rest_route=%2Fwp%2Fv2%2Fcategories&post=30148"},{"taxonomy":"post_tag","embeddable":true,"href":"https:\/\/historiografija.hr\/index.php?rest_route=%2Fwp%2Fv2%2Ftags&post=30148"}],"curies":[{"name":"wp","href":"https:\/\/api.w.org\/{rel}","templated":true}]}}