{"id":30145,"date":"2022-02-25T21:01:24","date_gmt":"2022-02-25T21:01:24","guid":{"rendered":"http:\/\/historiografija.hr\/?p=30145"},"modified":"2022-02-25T21:01:24","modified_gmt":"2022-02-25T21:01:24","slug":"alfred-fischer-jos-nekoliko-dana-budimpestanski-dnevnik-1944-priredio-sinisa-bjedov","status":"publish","type":"post","link":"https:\/\/historiografija.hr\/?p=30145","title":{"rendered":"Alfred Fischer, \u201cJo\u0161 nekoliko dana. Budimpe\u0161tanski dnevnik 1944.\u201d (priredio Sini\u0161a Bjedov)"},"content":{"rendered":"\n<p>Jesen je 1944, kriti\u010dni su ratni dani u ma\u0111arskoj prijestolnici, desni\u010darski pu\u010disti preuzimaju vlast i intenziviraju progon \u017didova, Saveznici bombardiraju grad, pribli\u017eavaju se Rusi, kolaju svakojake glasine; ratnohu\u0161ka\u010dki plakati, uli\u010dne pucnjave, gruvanje topova, uzbune, studen i glad, strah i op\u0107a nesigurnost\u2026 Jedan usamljeni \u010detrdesetogodi\u0161nji Osje\u010danin, \u017didov, odvjetnik po profesiji, a humanist, pacifist i demokrat po ljudskom i politi\u010dkom habitusu, ve\u0107 \u010detvrtu godinu emigrant u tome gradu, tih mjeseci vodi dnevnik i u nj zapisuje svoja strahovanja za sebe i obitelj s kojom dijeli izbjegli\u010dku sudbinu, a uza sve to uspijeva ispisati i ozbiljna politi\u010dka promi\u0161ljanja o budu\u0107nosti balkanskih naroda nakon skorog ratnog sloma tvoraca \u201cnove Europe\u201d te poku\u0161ava optimisti\u010dno razmi\u0161ljati o sebi kao ponovno slobodnom \u010dovjeku u novoj politi\u010dkoj zajednici.<\/p>\n\n\n\n<p>Autor ovih dnevni\u010dkih zapisa,<strong> Alfred Fischer<\/strong> ro\u0111en je 28. svibnja 1904. u Osijeku u \u017eidovskoj trgova\u010dkoj obitelji, studirao je filozofiju u Be\u010du i pravo u Zagrebu, gdje je 1927. promoviran u doktora prava. Zajedno s Mosinom Kleinom u Osijeku je vodio odvjetni\u010dki ured, a kao vrstan poznavatelj gra\u0111anskoga prava objavljivao je rasprave u stru\u010dnoj periodici. Bio je \u010dlan osje\u010dke masonske lo\u017ee \u201cBudnost\u201d, 1940. i njezin tajnik. Nakon uspostave NDH s obitelji je izba\u010den iz stana te se, budu\u0107i da je bio na popisu za uhi\u0107enje, sklonio u osje\u010dku bolnicu kod brata Ota, lije\u010dnika. U kolovozu 1941. prebjegao je u Ma\u0111arsku, gdje su mu se u prolje\u0107e 1943. pridru\u017eili supruga Margita, devetogodi\u0161nja k\u0107i Lelja, petogodi\u0161nji sin Darko i majka Emilija. Obitelj je, \u0161to zajedno \u0161to odvojeno, najprije boravila na imanju Cserepes u blizini Szolnoka kod svojih dobro\u010dinitelja, grofice Gabrijele Peja\u010devi\u0107 i grofa J\u00f3zsefa Kochanovszkog, a potom od 1944. u Budimpe\u0161ti, gdje su Alfreda 8. sije\u010dnja 1945. na ulici ubili ma\u0111arski fa\u0161isti, pripadnici Strelastih kri\u017eeva.<\/p>\n\n\n\n<hr class=\"wp-block-separator\"\/>\n\n\n\n<p>Godina izdanja: 2022<\/p>\n\n\n\n<p>Broj stranica: 156<\/p>\n\n\n\n<hr class=\"wp-block-separator\"\/>\n\n\n\n<p>Prelistaj po\u010detak knjige:<\/p>\n\n\n\n<figure class=\"wp-block-embed-wordpress wp-block-embed is-type-wp-embed is-provider-disput\"><div class=\"wp-block-embed__wrapper\">\n<blockquote class=\"wp-embedded-content\" data-secret=\"6yrP2VPWNn\"><a href=\"https:\/\/disput.hr\/shop\/jos-nekoliko-dana\/\">JO\u0160 NEKOLIKO DANA<\/a><\/blockquote><iframe loading=\"lazy\" class=\"wp-embedded-content\" sandbox=\"allow-scripts\" security=\"restricted\" style=\"position: absolute; clip: rect(1px, 1px, 1px, 1px);\" title=\"&#8220;JO\u0160 NEKOLIKO DANA&#8221; &#8212; Disput\" src=\"https:\/\/disput.hr\/shop\/jos-nekoliko-dana\/embed\/#?secret=6yrP2VPWNn\" data-secret=\"6yrP2VPWNn\" width=\"600\" height=\"338\" frameborder=\"0\" marginwidth=\"0\" marginheight=\"0\" scrolling=\"no\"><\/iframe>\n<\/div><\/figure>\n\n\n\n<hr class=\"wp-block-separator\"\/>\n","protected":false},"excerpt":{"rendered":"","protected":false},"author":2,"featured_media":30146,"comment_status":"open","ping_status":"open","sticky":false,"template":"","format":"standard","meta":{"_acf_changed":false,"jetpack_post_was_ever_published":false,"_jetpack_newsletter_access":"","_jetpack_dont_email_post_to_subs":false,"_jetpack_newsletter_tier_id":0,"_jetpack_memberships_contains_paywalled_content":false,"_jetpack_memberships_contains_paid_content":false,"footnotes":"","jetpack_publicize_message":"","jetpack_publicize_feature_enabled":true,"jetpack_social_post_already_shared":true,"jetpack_social_options":{"image_generator_settings":{"template":"highway","default_image_id":0,"font":"","enabled":false},"version":2}},"categories":[8,3],"tags":[],"class_list":["post-30145","post","type-post","status-publish","format-standard","has-post-thumbnail","hentry","category-knjige","category-novosti"],"acf":{"facebook_opis":""},"jetpack_publicize_connections":[],"jetpack_featured_media_url":"https:\/\/i0.wp.com\/historiografija.hr\/wp-content\/uploads\/2022\/02\/Jos-nekoliko-dana.jpg?fit=500%2C755&ssl=1","jetpack_sharing_enabled":true,"jetpack-related-posts":[],"_links":{"self":[{"href":"https:\/\/historiografija.hr\/index.php?rest_route=\/wp\/v2\/posts\/30145","targetHints":{"allow":["GET"]}}],"collection":[{"href":"https:\/\/historiografija.hr\/index.php?rest_route=\/wp\/v2\/posts"}],"about":[{"href":"https:\/\/historiografija.hr\/index.php?rest_route=\/wp\/v2\/types\/post"}],"author":[{"embeddable":true,"href":"https:\/\/historiografija.hr\/index.php?rest_route=\/wp\/v2\/users\/2"}],"replies":[{"embeddable":true,"href":"https:\/\/historiografija.hr\/index.php?rest_route=%2Fwp%2Fv2%2Fcomments&post=30145"}],"version-history":[{"count":1,"href":"https:\/\/historiografija.hr\/index.php?rest_route=\/wp\/v2\/posts\/30145\/revisions"}],"predecessor-version":[{"id":30147,"href":"https:\/\/historiografija.hr\/index.php?rest_route=\/wp\/v2\/posts\/30145\/revisions\/30147"}],"wp:featuredmedia":[{"embeddable":true,"href":"https:\/\/historiografija.hr\/index.php?rest_route=\/wp\/v2\/media\/30146"}],"wp:attachment":[{"href":"https:\/\/historiografija.hr\/index.php?rest_route=%2Fwp%2Fv2%2Fmedia&parent=30145"}],"wp:term":[{"taxonomy":"category","embeddable":true,"href":"https:\/\/historiografija.hr\/index.php?rest_route=%2Fwp%2Fv2%2Fcategories&post=30145"},{"taxonomy":"post_tag","embeddable":true,"href":"https:\/\/historiografija.hr\/index.php?rest_route=%2Fwp%2Fv2%2Ftags&post=30145"}],"curies":[{"name":"wp","href":"https:\/\/api.w.org\/{rel}","templated":true}]}}