{"id":30128,"date":"2022-02-24T15:47:13","date_gmt":"2022-02-24T15:47:13","guid":{"rendered":"http:\/\/historiografija.hr\/?p=30128"},"modified":"2022-02-24T15:47:14","modified_gmt":"2022-02-24T15:47:14","slug":"izlozba-bihacke-zanatlije-i-trgovci-od-1878-do-1941-godine","status":"publish","type":"post","link":"https:\/\/historiografija.hr\/?p=30128","title":{"rendered":"Izlo\u017eba &#8220;Biha\u0107ke zanatlije i trgovci od 1878. do 1941. godine&#8221;"},"content":{"rendered":"\n<p>U prostorijama Kulturnog centra Biha\u0107 je 22.2.2022. otvorena izlo\u017eba &#8220;Biha\u0107ke zanatlije i trgovci od 1878. do 1941. godine&#8221;. Gostima su se obratili Erna Begatovi\u0107, direktorica Kulturnog centra, Zulfikar Handuki\u0107, predsjedavaju\u0107i Gradskog vije\u0107a, Almira Zvirki\u0107, direktorica Arhiva USK-a te uposlenik Arhiva i autor izlo\u017ebe Husein Had\u017ei\u0107.<\/p>\n\n\n\n<p>Arhiv USK ovom izlo\u017ebom daje doprinos u obilje\u017eavanju 762. godi\u0161njice postojanja grada Biha\u0107a.<\/p>\n\n\n\n<p>Izlo\u017eba &#8220;Biha\u0107ke zanatlije i trgovci od 1878. do 1941. godine&#8221; donosi podatke o polo\u017eaju grada Biha\u0107a, njegovom prvom pomenu 1260. godine, te je jedan od rijetkih gradova koji se mo\u017ee pohvaliti vi\u0161estoljetnim postojanjem. Gra\u0111ani se mogu upoznati sa pojavom zanatstva na ovom podru\u010dju, razvojem ugostiteljstva, bankarstva, kao i osnivanjem Radni\u010dke sindikalne organizacije. Posebno interesantan dio izlo\u017ebe su svakako fotografije iz pro\u0161losti grada Biha\u0107a, koje daju prikaz nekada\u0161njeg izgleda grada, ali i spiskovi obrtnika koji su radili na podru\u010dju Biha\u0107a u periodu izme\u0111u dva svjetska rata.<\/p>\n\n\n\n<hr class=\"wp-block-separator\"\/>\n\n\n\n<p>Izvor:<\/p>\n\n\n\n<p><a href=\"https:\/\/historiografija.ba\/article.php?id=1041\">https:\/\/historiografija.ba\/article.php?id=1041<\/a><\/p>\n\n\n\n<hr class=\"wp-block-separator\"\/>\n","protected":false},"excerpt":{"rendered":"","protected":false},"author":2,"featured_media":30129,"comment_status":"open","ping_status":"open","sticky":false,"template":"","format":"standard","meta":{"_acf_changed":false,"jetpack_post_was_ever_published":false,"_jetpack_newsletter_access":"","_jetpack_dont_email_post_to_subs":false,"_jetpack_newsletter_tier_id":0,"_jetpack_memberships_contains_paywalled_content":false,"_jetpack_memberships_contains_paid_content":false,"footnotes":"","jetpack_publicize_message":"","jetpack_publicize_feature_enabled":true,"jetpack_social_post_already_shared":true,"jetpack_social_options":{"image_generator_settings":{"template":"highway","default_image_id":0,"font":"","enabled":false},"version":2}},"categories":[10,3],"tags":[],"class_list":["post-30128","post","type-post","status-publish","format-standard","has-post-thumbnail","hentry","category-izlozbe","category-novosti"],"acf":{"facebook_opis":""},"jetpack_publicize_connections":[],"jetpack_featured_media_url":"https:\/\/i0.wp.com\/historiografija.hr\/wp-content\/uploads\/2022\/02\/Arhiv-USK.jpg?fit=450%2C648&ssl=1","jetpack_sharing_enabled":true,"jetpack-related-posts":[],"_links":{"self":[{"href":"https:\/\/historiografija.hr\/index.php?rest_route=\/wp\/v2\/posts\/30128","targetHints":{"allow":["GET"]}}],"collection":[{"href":"https:\/\/historiografija.hr\/index.php?rest_route=\/wp\/v2\/posts"}],"about":[{"href":"https:\/\/historiografija.hr\/index.php?rest_route=\/wp\/v2\/types\/post"}],"author":[{"embeddable":true,"href":"https:\/\/historiografija.hr\/index.php?rest_route=\/wp\/v2\/users\/2"}],"replies":[{"embeddable":true,"href":"https:\/\/historiografija.hr\/index.php?rest_route=%2Fwp%2Fv2%2Fcomments&post=30128"}],"version-history":[{"count":1,"href":"https:\/\/historiografija.hr\/index.php?rest_route=\/wp\/v2\/posts\/30128\/revisions"}],"predecessor-version":[{"id":30130,"href":"https:\/\/historiografija.hr\/index.php?rest_route=\/wp\/v2\/posts\/30128\/revisions\/30130"}],"wp:featuredmedia":[{"embeddable":true,"href":"https:\/\/historiografija.hr\/index.php?rest_route=\/wp\/v2\/media\/30129"}],"wp:attachment":[{"href":"https:\/\/historiografija.hr\/index.php?rest_route=%2Fwp%2Fv2%2Fmedia&parent=30128"}],"wp:term":[{"taxonomy":"category","embeddable":true,"href":"https:\/\/historiografija.hr\/index.php?rest_route=%2Fwp%2Fv2%2Fcategories&post=30128"},{"taxonomy":"post_tag","embeddable":true,"href":"https:\/\/historiografija.hr\/index.php?rest_route=%2Fwp%2Fv2%2Ftags&post=30128"}],"curies":[{"name":"wp","href":"https:\/\/api.w.org\/{rel}","templated":true}]}}