{"id":30125,"date":"2022-02-24T15:40:03","date_gmt":"2022-02-24T15:40:03","guid":{"rendered":"http:\/\/historiografija.hr\/?p=30125"},"modified":"2022-02-24T15:40:03","modified_gmt":"2022-02-24T15:40:03","slug":"tribina-kraljevski-bihac-u-vrijeme-trajanja-bihacke-kapetanije-1527-1592","status":"publish","type":"post","link":"https:\/\/historiografija.hr\/?p=30125","title":{"rendered":"Tribina \u201eKraljevski Biha\u0107 u vrijeme trajanja Biha\u0107ke kapetanije 1527-1592.\u201c"},"content":{"rendered":"\n<p>Udru\u017eenje histori\u010dara \u201eVeritas historiae\u201c iz Biha\u0107a organizira tribinu \u201eKraljevski Biha\u0107 u vrijeme trajanja Biha\u0107ke kapetanije 1527-1592.\u201c na kojoj \u0107e svoja istra\u017eivanja predstaviti Damir Stani\u0107, koji je 2020. na Sveu\u010dili\u0161tu u Zagrebu odbranio doktorsku disertaciju \u201eBiha\u0107 kao sjedi\u0161te Biha\u0107ke kapetanije i slobodni kraljevski grad\u201c.<\/p>\n\n\n\n<p>Srednjovjekovni grad (burgus) Biha\u0107 jedan je od najstarijih gradova u Bosni i Hercegovini \u010dija pisana pro\u0161lost i intenzivniji urbani razvoj datiraju u 13. st., odnosno u vrijeme provale tatarskih hordi u Ugarsko kraljevstvo kada se kralj Bella IV nastoji domo\u0107i slobodnog teritorija i odanog urbanog saveznika. Zahvaljuju\u0107i biha\u0107kim vojnicima i gra\u0111anima kraljev \u017eivot je spa\u0161en \u0161to je rezultiralo nagra\u0111ivanjem Biha\u0107a u smislu dobivanja samostalnije civilne uprave te pozicioniranju grada kao bitnog strate\u0161kog, trgova\u010dkog i vojnog centra na nekada\u0161njoj granici. Podru\u010dje Biha\u0107a dobiva na va\u017enosti nakon pada srednjovjekovne Bosne pod osmansku vlast, a naro\u010dito nakon 1527. godine kad Biha\u0107 postaje sjedi\u0161te Biha\u0107ke kapetanije i klju\u010dni centar odbrane Hrvatske, Kranjske i Austrije od napada Osmanlija. U tom vremenu dolazi do mnogih promjena koje rezultiraju zamjenom civilne uprave vojnom te stvaranjem pograni\u010dnog ratni\u010dkog mentaliteta koji \u0107e stolje\u0107ima kasnije bilje\u017eiti narod Biha\u0107ke krajine.<\/p>\n\n\n\n<p>Tribina \u0107e se odr\u017eati u subotu 26. februara 2022. godine u sali Muzeja Prvog zasjedanja AVNOJ-a u Biha\u0107u od 18:00 sati.<\/p>\n\n\n\n<p>Moderatori \u0107e biti Dino Dupanovi\u0107 i Asmir Pirali\u0107.<\/p>\n\n\n\n<hr class=\"wp-block-separator\"\/>\n\n\n\n<p>Izvor:<\/p>\n\n\n\n<p><a href=\"https:\/\/historiografija.ba\/article.php?id=1043\">https:\/\/historiografija.ba\/article.php?id=1043<\/a><\/p>\n\n\n\n<hr class=\"wp-block-separator\"\/>\n","protected":false},"excerpt":{"rendered":"","protected":false},"author":2,"featured_media":30126,"comment_status":"open","ping_status":"open","sticky":false,"template":"","format":"standard","meta":{"_acf_changed":false,"_jetpack_newsletter_access":"","_jetpack_dont_email_post_to_subs":false,"_jetpack_newsletter_tier_id":0,"_jetpack_memberships_contains_paywalled_content":false,"_jetpack_memberships_contains_paid_content":false,"footnotes":"","jetpack_publicize_message":"","jetpack_publicize_feature_enabled":true,"jetpack_social_post_already_shared":true,"jetpack_social_options":{"image_generator_settings":{"template":"highway","default_image_id":0,"font":"","enabled":false},"version":2},"jetpack_post_was_ever_published":false},"categories":[3],"tags":[],"class_list":["post-30125","post","type-post","status-publish","format-standard","has-post-thumbnail","hentry","category-novosti"],"acf":{"facebook_opis":""},"jetpack_publicize_connections":[],"jetpack_featured_media_url":"https:\/\/i0.wp.com\/historiografija.hr\/wp-content\/uploads\/2022\/02\/Bihac-srediste-kapetanije.jpg?fit=554%2C373&ssl=1","jetpack_sharing_enabled":true,"jetpack-related-posts":[{"id":54643,"url":"https:\/\/historiografija.hr\/?p=54643","url_meta":{"origin":30125,"position":0},"title":"Objavljen 12. broj \u010dasopisa Radovi Filozofskog fakulteta u Sarajevu (Historija, Historija umjetnosti, Arheologija)","author":"Branimir Jankovi\u0107","date":"17. srpnja 2026.","format":false,"excerpt":"Novi broj \u010dasopisa Radovi Filozofskog fakulteta u Sarajevu tematski je posve\u0107en 75. obljetnici osnivanja Odsjeka za historiju, najstarije visoko\u0161kolske institucije ove vrste u Bosni i Hercegovini. Za razliku od uobi\u010dajenih izdanja fokusiranih na u\u017ei kronolo\u0161ki okvir, ovaj broj okuplja radove alumnija Odsjeka s ciljem prikaza suvremenih istra\u017eiva\u010dkih dosega i institucionalnog\u2026","rel":"","context":"U &quot;\u010casopisi&quot;","block_context":{"text":"\u010casopisi","link":"https:\/\/historiografija.hr\/?cat=21"},"img":{"alt_text":"","src":"https:\/\/i0.wp.com\/historiografija.hr\/wp-content\/uploads\/2026\/07\/radovi-ff-2025.jpg?fit=550%2C422&ssl=1&resize=350%2C200","width":350,"height":200,"srcset":"https:\/\/i0.wp.com\/historiografija.hr\/wp-content\/uploads\/2026\/07\/radovi-ff-2025.jpg?fit=550%2C422&ssl=1&resize=350%2C200 1x, https:\/\/i0.wp.com\/historiografija.hr\/wp-content\/uploads\/2026\/07\/radovi-ff-2025.jpg?fit=550%2C422&ssl=1&resize=525%2C300 1.5x"},"classes":[]},{"id":52505,"url":"https:\/\/historiografija.hr\/?p=52505","url_meta":{"origin":30125,"position":1},"title":"Izlo\u017eba &#8220;Eschenstock \/ Jasenov prut&#8221;","author":"Branimir Jankovi\u0107","date":"17. travnja 2026.","format":false,"excerpt":"Srpsko narodno vije\u0107e (SNV) i Vizura aperta postavljaju izlo\u017ebu \u0161vicarskog slikara Velimira Ili\u0161evi\u0107a: Eschenstock \/ Jasenov prut. Izlo\u017eba se uz prisustvo autora otvara povodom 81. godi\u0161njice proboja logora\u0161a iz usta\u0161kog logora smrti Jasenovac 22. aprila 2026. u 19 sati u Srpskom kulturnom centru (SKC) u Preradovi\u0107evoj ulici 21 u Zagrebu.\u2026","rel":"","context":"U &quot;Izlo\u017ebe&quot;","block_context":{"text":"Izlo\u017ebe","link":"https:\/\/historiografija.hr\/?cat=10"},"img":{"alt_text":"","src":"https:\/\/i0.wp.com\/historiografija.hr\/wp-content\/uploads\/2026\/04\/Jasenov_prut.jpg?fit=1024%2C640&ssl=1&resize=350%2C200","width":350,"height":200,"srcset":"https:\/\/i0.wp.com\/historiografija.hr\/wp-content\/uploads\/2026\/04\/Jasenov_prut.jpg?fit=1024%2C640&ssl=1&resize=350%2C200 1x, https:\/\/i0.wp.com\/historiografija.hr\/wp-content\/uploads\/2026\/04\/Jasenov_prut.jpg?fit=1024%2C640&ssl=1&resize=525%2C300 1.5x, https:\/\/i0.wp.com\/historiografija.hr\/wp-content\/uploads\/2026\/04\/Jasenov_prut.jpg?fit=1024%2C640&ssl=1&resize=700%2C400 2x"},"classes":[]},{"id":54024,"url":"https:\/\/historiografija.hr\/?p=54024","url_meta":{"origin":30125,"position":2},"title":"Pavu\u0161a Ve\u017ei\u0107, &#8220;Stolje\u0107e ru\u0161enja i gra\u0111enja povijesnoga grada u Zadru&#8221;","author":"Branimir Jankovi\u0107","date":"11. lipnja 2026.","format":false,"excerpt":"Objavljeno je novo sveu\u010dili\u0161no izdanje Stolje\u0107e ru\u0161enja i gra\u0111enja povijesnoga grada u Zadru autora Pavu\u0161e Ve\u017ei\u0107a i urednika Ivana Josipovi\u0107a. U ovoj raspravi razmatranje se odnosi na povijesni grad u Zadru, prostor u prstenu gradskih zidina, drevno naselje kojega gra\u0111ani, ali i narod cijeloga zadarskog kraja, od davnine zove Grad\u2026","rel":"","context":"U &quot;Knjige&quot;","block_context":{"text":"Knjige","link":"https:\/\/historiografija.hr\/?cat=8"},"img":{"alt_text":"","src":"https:\/\/i0.wp.com\/historiografija.hr\/wp-content\/uploads\/2026\/06\/Stoljece_rusenja.jpg?fit=489%2C371&ssl=1&resize=350%2C200","width":350,"height":200},"classes":[]},{"id":54991,"url":"https:\/\/historiografija.hr\/?p=54991","url_meta":{"origin":30125,"position":3},"title":"Renesansni festival Koprivnica (20. \u2013 23. kolovoza 2026.)","author":"Branimir Jankovi\u0107","date":"17. kolovoza 2026.","format":false,"excerpt":"Krajem kolovoza, kada se na ostacima koprivni\u010dkih bedema upale baklje, a grad ispune vitezovi, obrtnici, dvorske lude i putuju\u0107i trgovci, Koprivnica na nekoliko dana postaje prava renesansna pozornica. Renesansni festival nije tek manifestacija koju se promatra, to je istinsko iskustvo u koje treba uroniti. Povratak u vrijeme kada su ulicama\u2026","rel":"","context":"U &quot;Manifestacije o\u017eivljene povijesti&quot;","block_context":{"text":"Manifestacije o\u017eivljene povijesti","link":"https:\/\/historiografija.hr\/?cat=16"},"img":{"alt_text":"","src":"https:\/\/i0.wp.com\/historiografija.hr\/wp-content\/uploads\/2026\/08\/Festival-2026.jpg?fit=1200%2C675&ssl=1&resize=350%2C200","width":350,"height":200,"srcset":"https:\/\/i0.wp.com\/historiografija.hr\/wp-content\/uploads\/2026\/08\/Festival-2026.jpg?fit=1200%2C675&ssl=1&resize=350%2C200 1x, https:\/\/i0.wp.com\/historiografija.hr\/wp-content\/uploads\/2026\/08\/Festival-2026.jpg?fit=1200%2C675&ssl=1&resize=525%2C300 1.5x, https:\/\/i0.wp.com\/historiografija.hr\/wp-content\/uploads\/2026\/08\/Festival-2026.jpg?fit=1200%2C675&ssl=1&resize=700%2C400 2x, https:\/\/i0.wp.com\/historiografija.hr\/wp-content\/uploads\/2026\/08\/Festival-2026.jpg?fit=1200%2C675&ssl=1&resize=1050%2C600 3x"},"classes":[]},{"id":54794,"url":"https:\/\/historiografija.hr\/?p=54794","url_meta":{"origin":30125,"position":4},"title":"Novo (vizualno) poglavlje Historiografije.hr","author":"Filip \u0160imunjak","date":"24. srpnja 2026.","format":false,"excerpt":"Nakon niza godina tijekom kojih je svojim prepoznatljivim \u2013 pomalo vintage izgledom \u2013 uspje\u0161no odolijevala promjenama, do\u0161lo je vrijeme da Historiografija.hr dobije novo lice. U pozadini ve\u0107 neko vrijeme radimo na potpunom redizajnu portala kojim \u017eelimo s jedne strane vizualno osvje\u017eiti stranicu, a s druge podi\u0107i je na suvremene standarde,\u2026","rel":"","context":"U &quot;Istaknuto&quot;","block_context":{"text":"Istaknuto","link":"https:\/\/historiografija.hr\/?cat=48"},"img":{"alt_text":"","src":"https:\/\/i0.wp.com\/historiografija.hr\/wp-content\/uploads\/2026\/07\/Historiografija-2.0-Featured.png?fit=1200%2C916&ssl=1&resize=350%2C200","width":350,"height":200,"srcset":"https:\/\/i0.wp.com\/historiografija.hr\/wp-content\/uploads\/2026\/07\/Historiografija-2.0-Featured.png?fit=1200%2C916&ssl=1&resize=350%2C200 1x, https:\/\/i0.wp.com\/historiografija.hr\/wp-content\/uploads\/2026\/07\/Historiografija-2.0-Featured.png?fit=1200%2C916&ssl=1&resize=525%2C300 1.5x, https:\/\/i0.wp.com\/historiografija.hr\/wp-content\/uploads\/2026\/07\/Historiografija-2.0-Featured.png?fit=1200%2C916&ssl=1&resize=700%2C400 2x, https:\/\/i0.wp.com\/historiografija.hr\/wp-content\/uploads\/2026\/07\/Historiografija-2.0-Featured.png?fit=1200%2C916&ssl=1&resize=1050%2C600 3x"},"classes":[]},{"id":53468,"url":"https:\/\/historiografija.hr\/?p=53468","url_meta":{"origin":30125,"position":5},"title":"Nikola Perkovi\u0107, &#8220;GOSPODARSKE PRILIKE KARLOVCA I OKOLICE U VRIJEME UVO\u0110ENJA SOCIJALISTI\u010cKOG SUSTAVA (1945. -1950.)&#8221;","author":"Branimir Jankovi\u0107","date":"19. svibnja 2026.","format":false,"excerpt":"Nikola Perkovi\u0107 Gospodarske prilike Karlovca i okolice u vrijeme uvo\u0111enja socijalisti\u010dkog sustava (1945 - 1950.) Nakladnici: Hrvatski institut za povijest i Alfa Zagreb 2025. Izvor: https:\/\/www.hipzg.hr\/product\/gospodarske-prilike-karlovca-i-okolice-u-vrijeme-uvodenja-socijalistickog-sustava-1945-1950\/","rel":"","context":"U &quot;Knjige&quot;","block_context":{"text":"Knjige","link":"https:\/\/historiografija.hr\/?cat=8"},"img":{"alt_text":"","src":"https:\/\/i0.wp.com\/historiografija.hr\/wp-content\/uploads\/2026\/05\/Perkovic.jpg?fit=792%2C609&ssl=1&resize=350%2C200","width":350,"height":200,"srcset":"https:\/\/i0.wp.com\/historiografija.hr\/wp-content\/uploads\/2026\/05\/Perkovic.jpg?fit=792%2C609&ssl=1&resize=350%2C200 1x, https:\/\/i0.wp.com\/historiografija.hr\/wp-content\/uploads\/2026\/05\/Perkovic.jpg?fit=792%2C609&ssl=1&resize=525%2C300 1.5x, https:\/\/i0.wp.com\/historiografija.hr\/wp-content\/uploads\/2026\/05\/Perkovic.jpg?fit=792%2C609&ssl=1&resize=700%2C400 2x"},"classes":[]}],"_links":{"self":[{"href":"https:\/\/historiografija.hr\/index.php?rest_route=\/wp\/v2\/posts\/30125","targetHints":{"allow":["GET"]}}],"collection":[{"href":"https:\/\/historiografija.hr\/index.php?rest_route=\/wp\/v2\/posts"}],"about":[{"href":"https:\/\/historiografija.hr\/index.php?rest_route=\/wp\/v2\/types\/post"}],"author":[{"embeddable":true,"href":"https:\/\/historiografija.hr\/index.php?rest_route=\/wp\/v2\/users\/2"}],"replies":[{"embeddable":true,"href":"https:\/\/historiografija.hr\/index.php?rest_route=%2Fwp%2Fv2%2Fcomments&post=30125"}],"version-history":[{"count":1,"href":"https:\/\/historiografija.hr\/index.php?rest_route=\/wp\/v2\/posts\/30125\/revisions"}],"predecessor-version":[{"id":30127,"href":"https:\/\/historiografija.hr\/index.php?rest_route=\/wp\/v2\/posts\/30125\/revisions\/30127"}],"wp:featuredmedia":[{"embeddable":true,"href":"https:\/\/historiografija.hr\/index.php?rest_route=\/wp\/v2\/media\/30126"}],"wp:attachment":[{"href":"https:\/\/historiografija.hr\/index.php?rest_route=%2Fwp%2Fv2%2Fmedia&parent=30125"}],"wp:term":[{"taxonomy":"category","embeddable":true,"href":"https:\/\/historiografija.hr\/index.php?rest_route=%2Fwp%2Fv2%2Fcategories&post=30125"},{"taxonomy":"post_tag","embeddable":true,"href":"https:\/\/historiografija.hr\/index.php?rest_route=%2Fwp%2Fv2%2Ftags&post=30125"}],"curies":[{"name":"wp","href":"https:\/\/api.w.org\/{rel}","templated":true}]}}