{"id":30118,"date":"2022-02-23T22:21:08","date_gmt":"2022-02-23T22:21:08","guid":{"rendered":"http:\/\/historiografija.hr\/?p=30118"},"modified":"2022-02-23T22:22:59","modified_gmt":"2022-02-23T22:22:59","slug":"30-jahre-nach-kriegsbeginn-in-bosnien-und-herzegowina-was-heist-es-auf-die-junge-generation-zu-setzen","status":"publish","type":"post","link":"https:\/\/historiografija.hr\/?p=30118","title":{"rendered":"30 Years After the Beginning of the War in Bosnia and Herzegovina: What Does It Mean to Rely on the Young Generation?"},"content":{"rendered":"\n<p>Symposion of the Scientific Advisory Board<\/p>\n\n\n\n<hr class=\"wp-block-separator\"\/>\n\n\n\n<p><strong>S\u00fcdosteuropa-Gesellschaft<\/strong><\/p>\n\n\n\n<hr class=\"wp-block-separator\"\/>\n\n\n\n<p>Am 25.02.2022, 15:00 Uhr<\/p>\n\n\n\n<p>Ort: Online via Zoom<\/p>\n\n\n\n<hr class=\"wp-block-separator\"\/>\n\n\n\n<p><strong>Panel<\/strong><\/p>\n\n\n\n<ul class=\"wp-block-list\"><li><strong>Dino Dupanovi\u0107<\/strong>, MA, phd student, Faculty of Philosophy, University of Sarajevo<br><em>Srebrenica: The Paradigm of Bosniak Suffering<\/em><\/li><li><strong>Ajna Jusi\u0107<\/strong>, NGO Zaboravljena djeca rata, Sarajevo<br><em>The forgotten children of war in today\u2019s BiH<\/em><\/li><li><strong>Nata\u0161a Govedarica<\/strong>, MA, forumZFD, Belgrade<br><em>The socially engaged theatre as a platform for dealing with the past<\/em><\/li><li><strong>Emina Haye, <\/strong>MA, HU Berlin \/<strong> Thomas Schad<\/strong>, PhD, project \u201eBosnia in Berlin\u201c, Berlin<br><em>The Bosnian War and Post-war in German Postmigrant Memory Culture<\/em><\/li><\/ul>\n\n\n\n<p><strong>Moderation<\/strong><\/p>\n\n\n\n<ul class=\"wp-block-list\"><li><strong>Dr. Heike Karge<\/strong>, Researcher at the Chair of History of Southeast and Eastern Europe, University of Regensburg \/\u00a0Member of the Scientific Advisory Board of the Southeast Europe Association<\/li><\/ul>\n\n\n\n<hr class=\"wp-block-separator\"\/>\n\n\n\n<p><strong>Topic<\/strong><\/p>\n\n\n\n<p>A few days before taking office as the new High Representative for Bosnia and Herzegovina, Christian Schmidt appealed to the public at the end of July 2021 to &#8220;put the focus on the young generation [in Bosnia and Herzegovina], the EU, the High Representative and everyone together. Because relying only on the graying gentlemen will not be enough. I bet on the young generation!&#8221;&nbsp;<\/p>\n\n\n\n<p>In 2022, 30 years will have passed since the beginning of the bloody war in Bosnia and Herzegovina, which cost 100,000 people their lives and many more their homes. During this time, the generation Schmidt is talking about has grown up: it is decidedly the generation that experienced the war as a child or not at all. A generation that was not politically mature either at the beginning of the war or at its end in 1995 because of its young age, a generation that did not fight the war itself. The fact that they nevertheless bear the burden of the war and the long post-war period in a country that is still politically and ethnically divided today is made clear not only by their individual biographies, but also by their private, social, political or academic commitment to working towards a democratic, open and pluralistic Bosnian-Herzegovinian society.&nbsp;<\/p>\n\n\n\n<p>So what opportunities are associated with the work of this generation, which was no longer actively involved in the war? What support does it need from home and abroad to realize its own hopes and the expectations of the international community? What can we do to support this process and strengthen the young generation in its commitment?&nbsp;<\/p>\n\n\n\n<p>The symposium aims to bring representatives of this young generation from Bosnia and Herzegovina, as well as those with family roots in this country, into conversation with each other and with the audience.\u00a0<\/p>\n\n\n\n<hr class=\"wp-block-separator\"\/>\n\n\n\n<p><a href=\"http:\/\/sogde.org\/de\/events\/symposion-des-wissenschaftlichen-beirats-2022\/\">http:\/\/sogde.org\/de\/events\/symposion-des-wissenschaftlichen-beirats-2022\/<\/a><\/p>\n\n\n\n<hr class=\"wp-block-separator\"\/>\n","protected":false},"excerpt":{"rendered":"","protected":false},"author":2,"featured_media":30119,"comment_status":"open","ping_status":"open","sticky":false,"template":"","format":"standard","meta":{"_acf_changed":false,"_jetpack_newsletter_access":"","_jetpack_dont_email_post_to_subs":false,"_jetpack_newsletter_tier_id":0,"_jetpack_memberships_contains_paywalled_content":false,"_jetpack_memberships_contains_paid_content":false,"footnotes":"","jetpack_publicize_message":"","jetpack_publicize_feature_enabled":true,"jetpack_social_post_already_shared":true,"jetpack_social_options":{"image_generator_settings":{"template":"highway","default_image_id":0,"font":"","enabled":false},"version":2},"jetpack_post_was_ever_published":false},"categories":[3,9],"tags":[],"class_list":["post-30118","post","type-post","status-publish","format-standard","has-post-thumbnail","hentry","category-novosti","category-skupovi"],"acf":{"facebook_opis":""},"jetpack_publicize_connections":[],"jetpack_featured_media_url":"https:\/\/i0.wp.com\/historiografija.hr\/wp-content\/uploads\/2022\/02\/garavice_spomenik.jpg?fit=1100%2C732&ssl=1","jetpack_sharing_enabled":true,"jetpack-related-posts":[{"id":54537,"url":"https:\/\/historiografija.hr\/?p=54537","url_meta":{"origin":30118,"position":0},"title":"Call for Applications: Visegrad Scholarship at OSA 2026\/2027","author":"Branimir Jankovi\u0107","date":"9. srpnja 2026.","format":false,"excerpt":"The\u00a0Visegrad Scholarship at Blinken OSA Archivum\u00a0(Budapest, Hungary)\u00a0supports 8-week research stays (shorter stays pro-rated) for scholars and socially engaged artists working with the Archivum\u2019s Cold War and post-Cold War collections. Each grant is\u00a03.000,00\u20ac, intended to cover travel, accommodation and living costs. Next application deadline: July 25, 2026\u00a0(for the 2026\/2027 academic year).\u2026","rel":"","context":"U &quot;Novosti&quot;","block_context":{"text":"Novosti","link":"https:\/\/historiografija.hr\/?cat=3"},"img":{"alt_text":"","src":"https:\/\/i0.wp.com\/historiografija.hr\/wp-content\/uploads\/2026\/07\/Blinken-OSA-Archivum-Visegrad-Scholarship-at-OSA.png?fit=1200%2C624&ssl=1&resize=350%2C200","width":350,"height":200,"srcset":"https:\/\/i0.wp.com\/historiografija.hr\/wp-content\/uploads\/2026\/07\/Blinken-OSA-Archivum-Visegrad-Scholarship-at-OSA.png?fit=1200%2C624&ssl=1&resize=350%2C200 1x, https:\/\/i0.wp.com\/historiografija.hr\/wp-content\/uploads\/2026\/07\/Blinken-OSA-Archivum-Visegrad-Scholarship-at-OSA.png?fit=1200%2C624&ssl=1&resize=525%2C300 1.5x, https:\/\/i0.wp.com\/historiografija.hr\/wp-content\/uploads\/2026\/07\/Blinken-OSA-Archivum-Visegrad-Scholarship-at-OSA.png?fit=1200%2C624&ssl=1&resize=700%2C400 2x, https:\/\/i0.wp.com\/historiografija.hr\/wp-content\/uploads\/2026\/07\/Blinken-OSA-Archivum-Visegrad-Scholarship-at-OSA.png?fit=1200%2C624&ssl=1&resize=1050%2C600 3x"},"classes":[]},{"id":52580,"url":"https:\/\/historiografija.hr\/?p=52580","url_meta":{"origin":30118,"position":1},"title":"Conference &#8220;Living in the aftermaths: Trauma, politics and survival in Yugoslavia and successor states, 1945 \u2013 present&#8221;","author":"Branimir Jankovi\u0107","date":"21. travnja 2026.","format":false,"excerpt":"The conference aims to explore how war-related psychological distress was experienced, narrated, debated and reframed in Yugoslavia in the second half of the twentieth century. It asks how the theme of wounded psyche and wartime suffering was addressed and acknowledged in political, psychiatric and broader cultural discourses of socialist Yugoslavia,\u2026","rel":"","context":"U &quot;Novosti&quot;","block_context":{"text":"Novosti","link":"https:\/\/historiografija.hr\/?cat=3"},"img":{"alt_text":"","src":"https:\/\/i0.wp.com\/historiografija.hr\/wp-content\/uploads\/2026\/04\/Battle_of_Neretva_Picasso_poster-Conference-Living-in-the-aftermaths.webp?fit=564%2C954&ssl=1&resize=350%2C200","width":350,"height":200,"srcset":"https:\/\/i0.wp.com\/historiografija.hr\/wp-content\/uploads\/2026\/04\/Battle_of_Neretva_Picasso_poster-Conference-Living-in-the-aftermaths.webp?fit=564%2C954&ssl=1&resize=350%2C200 1x, https:\/\/i0.wp.com\/historiografija.hr\/wp-content\/uploads\/2026\/04\/Battle_of_Neretva_Picasso_poster-Conference-Living-in-the-aftermaths.webp?fit=564%2C954&ssl=1&resize=525%2C300 1.5x"},"classes":[]},{"id":54276,"url":"https:\/\/historiografija.hr\/?p=54276","url_meta":{"origin":30118,"position":2},"title":"Rok Stergar, Vaclav Smidrkal (eds), &#8220;Nourishing Victory: Food Shortages and Post-Imperial Transition in the Bohemian Lands and Slovenia&#8221;","author":"Branimir Jankovi\u0107","date":"23. lipnja 2026.","format":false,"excerpt":"The aggravating food shortage was the central internal crisis in Habsburg Austria during the First World War and posed a major challenge to the consolidation of the successor states. Nourishing Victory offers a fresh comparative perspective on food and the collapse and rebuilding of political legitimacy from the regional vantage\u2026","rel":"","context":"U &quot;Knjige&quot;","block_context":{"text":"Knjige","link":"https:\/\/historiografija.hr\/?cat=8"},"img":{"alt_text":"","src":"https:\/\/i0.wp.com\/historiografija.hr\/wp-content\/uploads\/2026\/06\/Victory-book.jpg?fit=1200%2C652&ssl=1&resize=350%2C200","width":350,"height":200,"srcset":"https:\/\/i0.wp.com\/historiografija.hr\/wp-content\/uploads\/2026\/06\/Victory-book.jpg?fit=1200%2C652&ssl=1&resize=350%2C200 1x, https:\/\/i0.wp.com\/historiografija.hr\/wp-content\/uploads\/2026\/06\/Victory-book.jpg?fit=1200%2C652&ssl=1&resize=525%2C300 1.5x, https:\/\/i0.wp.com\/historiografija.hr\/wp-content\/uploads\/2026\/06\/Victory-book.jpg?fit=1200%2C652&ssl=1&resize=700%2C400 2x, https:\/\/i0.wp.com\/historiografija.hr\/wp-content\/uploads\/2026\/06\/Victory-book.jpg?fit=1200%2C652&ssl=1&resize=1050%2C600 3x"},"classes":[]},{"id":53799,"url":"https:\/\/historiografija.hr\/?p=53799","url_meta":{"origin":30118,"position":3},"title":"&#8220;War Trauma in Medieval Europe&#8221;, K. Hurlock","author":"Filip \u0160imunjak","date":"4. lipnja 2026.","format":false,"excerpt":"The study of medieval combat trauma is a fledgling field, despite the wealth of both sources and studies of medieval warfare. While some research considers individual aspects of trauma, few works engage with the difficult and changing theories on the causes and consequences of psychological trauma in wartime, or apply\u2026","rel":"","context":"U &quot;Knjige&quot;","block_context":{"text":"Knjige","link":"https:\/\/historiografija.hr\/?cat=8"},"img":{"alt_text":"","src":"https:\/\/i0.wp.com\/historiografija.hr\/wp-content\/uploads\/2026\/05\/War-Trauma-in-M-Europe.webp?fit=596%2C893&ssl=1&resize=350%2C200","width":350,"height":200,"srcset":"https:\/\/i0.wp.com\/historiografija.hr\/wp-content\/uploads\/2026\/05\/War-Trauma-in-M-Europe.webp?fit=596%2C893&ssl=1&resize=350%2C200 1x, https:\/\/i0.wp.com\/historiografija.hr\/wp-content\/uploads\/2026\/05\/War-Trauma-in-M-Europe.webp?fit=596%2C893&ssl=1&resize=525%2C300 1.5x"},"classes":[]},{"id":54429,"url":"https:\/\/historiografija.hr\/?p=54429","url_meta":{"origin":30118,"position":4},"title":"CfP: War Veterans in Transition and Post-War Societies","author":"Branimir Jankovi\u0107","date":"2. srpnja 2026.","format":false,"excerpt":"Po\u0161tovane kolegice i kolege, pozivamo sve zainteresirane istra\u017eiva\u010de da dostave sa\u017eetke i sudjeluju na me\u0111unarodnoj konferenciji Ratni veterani u tranziciji u poslijeratnim dru\u0161tvima. Konferencija \u0107e se odr\u017eati u \u010detvrtak, 12. studenog 2026. u Splitu na Filozofskom fakultetu. Cilj ove konferencije je ispitati polo\u017eaj ratnih veterana u poslijeratnim dru\u0161tvima i identificirati\u2026","rel":"","context":"U &quot;Novosti&quot;","block_context":{"text":"Novosti","link":"https:\/\/historiografija.hr\/?cat=3"},"img":{"alt_text":"","src":"https:\/\/i0.wp.com\/historiografija.hr\/wp-content\/uploads\/2026\/07\/CfP-Split.jpg?fit=800%2C593&ssl=1&resize=350%2C200","width":350,"height":200,"srcset":"https:\/\/i0.wp.com\/historiografija.hr\/wp-content\/uploads\/2026\/07\/CfP-Split.jpg?fit=800%2C593&ssl=1&resize=350%2C200 1x, https:\/\/i0.wp.com\/historiografija.hr\/wp-content\/uploads\/2026\/07\/CfP-Split.jpg?fit=800%2C593&ssl=1&resize=525%2C300 1.5x, https:\/\/i0.wp.com\/historiografija.hr\/wp-content\/uploads\/2026\/07\/CfP-Split.jpg?fit=800%2C593&ssl=1&resize=700%2C400 2x"},"classes":[]},{"id":53805,"url":"https:\/\/historiografija.hr\/?p=53805","url_meta":{"origin":30118,"position":5},"title":"&#8220;Relics and War in the Eastern Roman Empire&#8221;, J. S. del Pozo","author":"Filip \u0160imunjak","date":"3. lipnja 2026.","format":false,"excerpt":"Relics and War in the Eastern Roman Empire: Christian Charismatic Objects in Byzantine Military Contexts and Society This book examines the use of Christian relics as protective amulets, emblems, and talismans in war and military contexts in the Eastern Roman Empire (ca. 310\u20131204). For centuries, Christians have venerated the mortal\u2026","rel":"","context":"U &quot;Knjige&quot;","block_context":{"text":"Knjige","link":"https:\/\/historiografija.hr\/?cat=8"},"img":{"alt_text":"","src":"https:\/\/i0.wp.com\/historiografija.hr\/wp-content\/uploads\/2026\/05\/Relics-and-War-East-Rome.webp?fit=596%2C901&ssl=1&resize=350%2C200","width":350,"height":200,"srcset":"https:\/\/i0.wp.com\/historiografija.hr\/wp-content\/uploads\/2026\/05\/Relics-and-War-East-Rome.webp?fit=596%2C901&ssl=1&resize=350%2C200 1x, https:\/\/i0.wp.com\/historiografija.hr\/wp-content\/uploads\/2026\/05\/Relics-and-War-East-Rome.webp?fit=596%2C901&ssl=1&resize=525%2C300 1.5x"},"classes":[]}],"_links":{"self":[{"href":"https:\/\/historiografija.hr\/index.php?rest_route=\/wp\/v2\/posts\/30118","targetHints":{"allow":["GET"]}}],"collection":[{"href":"https:\/\/historiografija.hr\/index.php?rest_route=\/wp\/v2\/posts"}],"about":[{"href":"https:\/\/historiografija.hr\/index.php?rest_route=\/wp\/v2\/types\/post"}],"author":[{"embeddable":true,"href":"https:\/\/historiografija.hr\/index.php?rest_route=\/wp\/v2\/users\/2"}],"replies":[{"embeddable":true,"href":"https:\/\/historiografija.hr\/index.php?rest_route=%2Fwp%2Fv2%2Fcomments&post=30118"}],"version-history":[{"count":2,"href":"https:\/\/historiografija.hr\/index.php?rest_route=\/wp\/v2\/posts\/30118\/revisions"}],"predecessor-version":[{"id":30121,"href":"https:\/\/historiografija.hr\/index.php?rest_route=\/wp\/v2\/posts\/30118\/revisions\/30121"}],"wp:featuredmedia":[{"embeddable":true,"href":"https:\/\/historiografija.hr\/index.php?rest_route=\/wp\/v2\/media\/30119"}],"wp:attachment":[{"href":"https:\/\/historiografija.hr\/index.php?rest_route=%2Fwp%2Fv2%2Fmedia&parent=30118"}],"wp:term":[{"taxonomy":"category","embeddable":true,"href":"https:\/\/historiografija.hr\/index.php?rest_route=%2Fwp%2Fv2%2Fcategories&post=30118"},{"taxonomy":"post_tag","embeddable":true,"href":"https:\/\/historiografija.hr\/index.php?rest_route=%2Fwp%2Fv2%2Ftags&post=30118"}],"curies":[{"name":"wp","href":"https:\/\/api.w.org\/{rel}","templated":true}]}}