{"id":30115,"date":"2022-02-23T22:06:07","date_gmt":"2022-02-23T22:06:07","guid":{"rendered":"http:\/\/historiografija.hr\/?p=30115"},"modified":"2022-02-23T22:06:07","modified_gmt":"2022-02-23T22:06:07","slug":"navid-kermani-uzduz-rovova","status":"publish","type":"post","link":"https:\/\/historiografija.hr\/?p=30115","title":{"rendered":"Navid Kermani, \u201cUzdu\u017e rovova\u201d"},"content":{"rendered":"\n<p><strong>Navid Kermani<\/strong> otputio se na putovanje uzdu\u017e rovova koji se u Europi iznova iskapaju: od svog rodnog grada K\u00f6lna na istok do Baltika, odatle ju\u017eno prema Kavkazu, sve do Isfahana i domovine svojih roditelja. S nepogre\u0161ivim osje\u0107ajem za ekspresivne detalje, Kermani u svome putopisnom dnevniku pripovijeda o zaboravljenim regijama u kojima se i danas pi\u0161e povijest. Na svome je putu obi\u0161ao ru\u0161evine propalih kultura i svjedo\u010dio tragovima starih i novih razaranja. I, najbitnije, susreo se s ljudima rastrganima iznutra jer se izme\u0111u ljubavi za domovinu i blagostanja moraju odlu\u010diti za jednu stranu. U samo nekoliko poteza pera Kermani do\u010darava no\u0107ni \u017eivot velikih gradova i opisuje trgovine zaostale iz sovjetske ere, popularne kafi\u0107e, mir i spokoj u neposrednoj blizini boji\u0161nice, kao i strah od Drugih, tko god da oni jesu.<\/p>\n\n\n\n<hr class=\"wp-block-separator\"\/>\n\n\n\n<p>Navid Kermani napisao je sjajan, intrigantan, inteligentan putopis, ulazak u isto\u010dnu Europu sa zapada, iz Njema\u010dke, ali i pogled nekoga tko je insajder u mnogim problemima istoka. Ovo je knjiga koja Hrvatsku spominje usputno, ona nije na pi\u0161\u010devoj trasi, ali o nama otkriva puno vi\u0161e no neke od knjiga koje se, naizgled, bave hrvatskim temama.<\/p>\n\n\n\n<p><strong>Iz recenzije Tvrtka Jakovine\u00a0<\/strong><\/p>\n\n\n\n<p>Kao znanstvenik Kermani si ne dopu\u0161ta pristranost, ve\u0107 svakom problemu, bilo onom iz pro\u0161losti ili sada\u0161njosti, kao i mogu\u0107im rje\u0161enjima, pristupa trezveno i racionalno. U geopoliti\u010dki, vjerski, ideolo\u0161ki i ekonomski podijeljenom svijetu u kojem se sukobi, mr\u017enja i netolerancija pretpostavljaju suradnji, miru i uva\u017eavanju razli\u010ditosti, Kermanijev humanisti\u010dki pristup utemeljen na znanstveno utvr\u0111enim \u010dinjenicama budi vjeru u optimizam.<\/p>\n\n\n\n<p><strong>Iz recenzije Hrvoja Klasi\u0107a<\/strong><\/p>\n\n\n\n<hr class=\"wp-block-separator\"\/>\n\n\n\n<p><strong>Navid Kermani<\/strong> (1967., Siegen, SR Njema\u010dka) njema\u010dki je pisac, publicist i doktor orijentalnih znanosti iranskog podrijetla. Studirao je filozofiju, orijentalistiku i dramu u K\u00f6lnu, Kairu i Bonnu. Doktorirao je s temom Bog je prekrasan: Estetsko iskustvo Kurana, koju je potom objavio u engleskom prijevodu. Bio je suradnik Frankfurter Allgemeine Zeitunga. Redovno objavljuje \u010dlanke, knji\u017eevne kritike i putopisne tekstove u njema\u010dkoj periodici (S\u00fcddeutsche Zeitung, Die Zeit, Neue Z\u00fcrcher Zeitung, Der Spiegel). Autor je nekoliko romana i esejisti\u010dkih knjiga o islamu, Bliskom istoku i kr\u0161\u0107ansko-muslimanskom dijalogu. U predgovoru svoje knjige Izme\u0111u Kurana i Kafke: Zapadno-isto\u010dna istra\u017eivanja isti\u010de da su njegov svjetonazor oblikovali utjecaji iz djetinjstva i \u017eivot u njema\u010dkom dru\u0161tvu. Dobitnik je brojnih presti\u017enih nagrada i priznanja za svoj knji\u017eevni i akademski rad. Nagrade: Kulturna nagrada Savezne dr\u017eave Hessen (2009.), Buben-Rosenzweigova medalja (2011.), Nagrada Kleist (2012.), Nagrada za javni nastup Ciceron (2012.), Nagrada Joseph Breitbach (2014.), \u010dlanstvo u Akademiji znanosti, humanistike i umjetnosti Nordrhein-Westfalena (2015.), Nagrada za mir Udru\u017eenja njema\u010dkih knji\u017eara (2015.), finalist Nagrade za knji\u017eevnost Jan Michalski za knjigu Izme\u0111u Kurana i Kafke: Zapadno-isto\u010dna istra\u017eivanja (2015.)<\/p>\n\n\n\n<hr class=\"wp-block-separator\"\/>\n\n\n\n<p>Nakladnik: Naklada Ljevak<\/p>\n\n\n\n<p>Broj stranica: 496<\/p>\n\n\n\n<p>Godina izdanja: 2021<\/p>\n\n\n\n<p>Prevoditelj: Ana Nemec<\/p>\n\n\n\n<hr class=\"wp-block-separator\"\/>\n\n\n\n<p>Izvor:<\/p>\n\n\n\n<p><a href=\"https:\/\/www.ljevak.hr\/publicistika\/27284-uzduz-rovova.html\">https:\/\/www.ljevak.hr\/publicistika\/27284-uzduz-rovova.html<\/a><\/p>\n\n\n\n<hr class=\"wp-block-separator\"\/>\n","protected":false},"excerpt":{"rendered":"","protected":false},"author":2,"featured_media":30116,"comment_status":"open","ping_status":"open","sticky":false,"template":"","format":"standard","meta":{"_acf_changed":false,"jetpack_post_was_ever_published":false,"_jetpack_newsletter_access":"","_jetpack_dont_email_post_to_subs":false,"_jetpack_newsletter_tier_id":0,"_jetpack_memberships_contains_paywalled_content":false,"_jetpack_memberships_contains_paid_content":false,"footnotes":"","jetpack_publicize_message":"","jetpack_publicize_feature_enabled":true,"jetpack_social_post_already_shared":true,"jetpack_social_options":{"image_generator_settings":{"template":"highway","default_image_id":0,"font":"","enabled":false},"version":2}},"categories":[8,3],"tags":[],"class_list":["post-30115","post","type-post","status-publish","format-standard","has-post-thumbnail","hentry","category-knjige","category-novosti"],"acf":{"facebook_opis":""},"jetpack_publicize_connections":[],"jetpack_featured_media_url":"https:\/\/i0.wp.com\/historiografija.hr\/wp-content\/uploads\/2022\/02\/uzduz-rovova.jpg?fit=570%2C678&ssl=1","jetpack_sharing_enabled":true,"jetpack-related-posts":[],"_links":{"self":[{"href":"https:\/\/historiografija.hr\/index.php?rest_route=\/wp\/v2\/posts\/30115","targetHints":{"allow":["GET"]}}],"collection":[{"href":"https:\/\/historiografija.hr\/index.php?rest_route=\/wp\/v2\/posts"}],"about":[{"href":"https:\/\/historiografija.hr\/index.php?rest_route=\/wp\/v2\/types\/post"}],"author":[{"embeddable":true,"href":"https:\/\/historiografija.hr\/index.php?rest_route=\/wp\/v2\/users\/2"}],"replies":[{"embeddable":true,"href":"https:\/\/historiografija.hr\/index.php?rest_route=%2Fwp%2Fv2%2Fcomments&post=30115"}],"version-history":[{"count":1,"href":"https:\/\/historiografija.hr\/index.php?rest_route=\/wp\/v2\/posts\/30115\/revisions"}],"predecessor-version":[{"id":30117,"href":"https:\/\/historiografija.hr\/index.php?rest_route=\/wp\/v2\/posts\/30115\/revisions\/30117"}],"wp:featuredmedia":[{"embeddable":true,"href":"https:\/\/historiografija.hr\/index.php?rest_route=\/wp\/v2\/media\/30116"}],"wp:attachment":[{"href":"https:\/\/historiografija.hr\/index.php?rest_route=%2Fwp%2Fv2%2Fmedia&parent=30115"}],"wp:term":[{"taxonomy":"category","embeddable":true,"href":"https:\/\/historiografija.hr\/index.php?rest_route=%2Fwp%2Fv2%2Fcategories&post=30115"},{"taxonomy":"post_tag","embeddable":true,"href":"https:\/\/historiografija.hr\/index.php?rest_route=%2Fwp%2Fv2%2Ftags&post=30115"}],"curies":[{"name":"wp","href":"https:\/\/api.w.org\/{rel}","templated":true}]}}