{"id":30110,"date":"2022-02-23T21:51:48","date_gmt":"2022-02-23T21:51:48","guid":{"rendered":"http:\/\/historiografija.hr\/?p=30110"},"modified":"2022-02-23T21:51:48","modified_gmt":"2022-02-23T21:51:48","slug":"seminar-o-knjizi-jelena-subotic-zuta-zvezda-crvena-zvezda-secanje-na-holokaust-posle-komunizma-shoahlab","status":"publish","type":"post","link":"https:\/\/historiografija.hr\/?p=30110","title":{"rendered":"[Seminar o knjizi] Jelena Suboti\u0107 \u2013 \u017duta zvezda, crvena zvezda: Se\u0107anje na Holokaust posle komunizma (ShoahLab)"},"content":{"rendered":"\n<p>Institut za filozofiju i dru\u0161tvenu teoriju u Beogradu, 25. februar &#8211; 4:00pm &#8211; online<\/p>\n\n\n\n<hr class=\"wp-block-separator\"\/>\n\n\n\n<p><em>\u017duta zvezda, crvena zvezda: Se\u0107anje na Holokaust posle komunizma<\/em> je do sada dobila \u010detiri nagrade: nagradu za najbolju knjigu u oblasti me\u0111unarodne istorije i politike Ameri\u010dkog udru\u017eenja za politi\u010dke nauke, nagradu \u201cJoseph Rotschild\u201d za najbolju knjigu iz studija nacionalizma i etniciteta, nagradu za najbolju knjigu u oblasti evropske politike i dru\u0161tva Ameri\u010dkog udru\u017eenja za politi\u010dke nauke, i obele\u017eena je kao jedna od najboljih knjiga 2020. godine od strane Udru\u017eenja za autorke koje se bave slavistikom, isto\u010dnoevropskim i evroazijskim studijama.<\/p>\n\n\n\n<p>Knjiga istra\u017euje kako je do\u0161lo do toga da biv\u0161e socijalisti\u010dke dr\u017eave koriste se\u0107anje na Holokaust u strate\u0161ke svrhe da bi re\u0161ile sopstvene savremene ontolo\u0161ke nesigurnosti \u2013 nesigurnosti u vezi s identitetom, njihovim statusom i u vezi s odnosima koje neguju s ostalim me\u0111unarodnim akterima. Suboti\u0107 analizira savremene prakse se\u0107anja na Holokaust u tri dr\u017eave: Srbiji, Hrvatskoj i Litvaniji. One imaju razli\u010dite istorije Holokausta, ali su sve izvele upe\u010datljive projekte zamenjivanja zlo\u010dina Holokausta zlo\u010dinima komunizma.<\/p>\n\n\n\n<p>Doga\u0111aj organizuje ShoahLab: Laboratorija za izu\u010davanje Holokausta IFDT.<\/p>\n\n\n\n<p><strong>U\u010desnici<\/strong>:<\/p>\n\n\n\n<p><em>Jelena Suboti\u0107<\/em>, Univerzitet u D\u017eord\u017eiji, SAD<br><em>Olga Manojlovi\u0107 Pintar<\/em>, Institut za noviju istoriju Srbije<br><em>Jovan Byford<\/em>, Open University, UK<br><em>Nevena Dakovi\u0107,<\/em> Fakultet dramskih umetnosti Univerzitet umetnosti u Beogradu<br><em>Milovan Pizari,<\/em> Institut za filozofiju i dru\u0161tvenu teoriju Univerziteta u Beogradu, Centar za primenjenu istoriju<br>Moderatorka: <em>Vera Mevorah<\/em>, Laboratorija za izu\u010davanje Holokausta, IFDT<\/p>\n\n\n\n<p>Laboratorija za izu\u010davanje Holokausta osnovana je 2019. godine kao istra\u017eiva\u010dki centar Instituta za filozofiju i dru\u0161tvenu teoriju. ShoahLab je prva institucionalna jedinica u sistemu visokog obrazovanja Republike Srbije posve\u0107ena akademskom i stru\u010dnom prou\u010davanju Holokausta. Osnovana je sa idejom da okupi istra\u017eiva\u010de i prakti\u010dare iz ove oblasti u Republici Srbiji radi kreiranja okvira za interdisciplinarni i savremeni pristup prou\u010davanju Holokausta i njegovih posledica i uzroka u dru\u0161tvu, sa posebnim osvrtom na reprezentativne studije, edukaciju o Holokaustu, teorijske i filozofska razmi\u0161ljanja o Holokaustu i regionalne transnacionalne studije o Holokaustu, ratu i genocidu.<\/p>\n\n\n\n<p><a href=\"mailto:shoahlab@instifdt.bg.ac.rs\">shoahlab@instifdt.bg.ac.rs<\/a><\/p>\n\n\n\n<figure class=\"wp-block-embed-wordpress wp-block-embed is-type-wp-embed is-provider-institut-za-filozofiju-i-drustvenu-teoriju\"><div class=\"wp-block-embed__wrapper\">\n<blockquote class=\"wp-embedded-content\" data-secret=\"Ycfq2q1Ngq\"><a href=\"https:\/\/ifdt.bg.ac.rs\/index.php\/shoahlab\/\">[ShoahLab] Laboratorija za izu\u010davanje Holokausta<\/a><\/blockquote><iframe loading=\"lazy\" class=\"wp-embedded-content\" sandbox=\"allow-scripts\" security=\"restricted\" style=\"position: absolute; clip: rect(1px, 1px, 1px, 1px);\" title=\"&#132;[ShoahLab] Laboratorija za izu\u010davanje Holokausta&#147; \u2014 INSTITUT ZA FILOZOFIJU I DRU\u0160TVENU TEORIJU\" src=\"https:\/\/ifdt.bg.ac.rs\/index.php\/shoahlab\/embed\/#?secret=WDxY0J1sDh#?secret=Ycfq2q1Ngq\" data-secret=\"Ycfq2q1Ngq\" width=\"600\" height=\"338\" frameborder=\"0\" marginwidth=\"0\" marginheight=\"0\" scrolling=\"no\"><\/iframe>\n<\/div><\/figure>\n\n\n\n<hr class=\"wp-block-separator\"\/>\n\n\n\n<p>Izvor:<\/p>\n\n\n\n<figure class=\"wp-block-embed-wordpress wp-block-embed is-type-wp-embed is-provider-institut-za-filozofiju-i-drustvenu-teoriju\"><div class=\"wp-block-embed__wrapper\">\n<blockquote class=\"wp-embedded-content\" data-secret=\"N5tUwQFQAg\"><a href=\"https:\/\/ifdt.bg.ac.rs\/index.php\/events\/zuta-zvezda-crvena-zvezda-secanje-na-holokaust-posle-komunizma\/\">[Seminar o knjizi] Jelena Suboti\u0107 \u2013 \u017duta zvezda, crvena zvezda: Se\u0107anje na Holokaust posle komunizma (ShoahLab)<\/a><\/blockquote><iframe loading=\"lazy\" class=\"wp-embedded-content\" sandbox=\"allow-scripts\" security=\"restricted\" style=\"position: absolute; clip: rect(1px, 1px, 1px, 1px);\" title=\"&#132;[Seminar o knjizi] Jelena Suboti\u0107 \u2013 \u017duta zvezda, crvena zvezda: Se\u0107anje na Holokaust posle komunizma (ShoahLab)&#147; \u2014 INSTITUT ZA FILOZOFIJU I DRU\u0160TVENU TEORIJU\" src=\"https:\/\/ifdt.bg.ac.rs\/index.php\/events\/zuta-zvezda-crvena-zvezda-secanje-na-holokaust-posle-komunizma\/embed\/#?secret=yRPMJBhszM#?secret=N5tUwQFQAg\" data-secret=\"N5tUwQFQAg\" width=\"600\" height=\"338\" frameborder=\"0\" marginwidth=\"0\" marginheight=\"0\" scrolling=\"no\"><\/iframe>\n<\/div><\/figure>\n\n\n\n<hr class=\"wp-block-separator\"\/>\n","protected":false},"excerpt":{"rendered":"","protected":false},"author":2,"featured_media":30111,"comment_status":"open","ping_status":"open","sticky":false,"template":"","format":"standard","meta":{"_acf_changed":false,"_jetpack_newsletter_access":"","_jetpack_dont_email_post_to_subs":false,"_jetpack_newsletter_tier_id":0,"_jetpack_memberships_contains_paywalled_content":false,"_jetpack_memberships_contains_paid_content":false,"footnotes":"","jetpack_publicize_message":"","jetpack_publicize_feature_enabled":true,"jetpack_social_post_already_shared":true,"jetpack_social_options":{"image_generator_settings":{"template":"highway","default_image_id":0,"font":"","enabled":false},"version":2},"jetpack_post_was_ever_published":false},"categories":[3],"tags":[],"class_list":["post-30110","post","type-post","status-publish","format-standard","has-post-thumbnail","hentry","category-novosti"],"acf":{"facebook_opis":""},"jetpack_publicize_connections":[],"jetpack_featured_media_url":"https:\/\/i0.wp.com\/historiografija.hr\/wp-content\/uploads\/2022\/02\/Zuta-zvezda-crvena-zvezda.jpg?fit=2560%2C1707&ssl=1","jetpack_sharing_enabled":true,"jetpack-related-posts":[{"id":53880,"url":"https:\/\/historiografija.hr\/?p=53880","url_meta":{"origin":30110,"position":0},"title":"FIUME o MORTE u Knji\u017enici Filozofskog fakulteta u Zagrebu i razgovor s autorom","author":"Branimir Jankovi\u0107","date":"1. lipnja 2026.","format":false,"excerpt":"U srijedu, 3. lipnja 2026.\u00a0u\u00a016 sati\u00a0u Konferencijskoj dvorani na 2. katu Knji\u017enice Filozofskog fakulteta u Zagrebu pozvani ste na projekciju\u00a0dokumentarnog filma Fiume\u00a0o Morte, najgledanijeg hrvatskog dokumentarnog filma u kinima od stjecanja neovisnosti\u00a0koji govori o okupaciji Rijeke \u00a0u trajanju 16 mjeseci\u00a01919. godine pod vodstvom talijanskog pjesnika i vojskovo\u0111e\u00a0Gabrielea\u00a0D\u2019Annunzia.\u00a0 Film je osvojio\u2026","rel":"","context":"U &quot;Filmovi i serije&quot;","block_context":{"text":"Filmovi i serije","link":"https:\/\/historiografija.hr\/?cat=13"},"img":{"alt_text":"","src":"https:\/\/i0.wp.com\/historiografija.hr\/wp-content\/uploads\/2026\/06\/Skriptinar_Bezinovic.jpg?fit=960%2C540&ssl=1&resize=350%2C200","width":350,"height":200,"srcset":"https:\/\/i0.wp.com\/historiografija.hr\/wp-content\/uploads\/2026\/06\/Skriptinar_Bezinovic.jpg?fit=960%2C540&ssl=1&resize=350%2C200 1x, https:\/\/i0.wp.com\/historiografija.hr\/wp-content\/uploads\/2026\/06\/Skriptinar_Bezinovic.jpg?fit=960%2C540&ssl=1&resize=525%2C300 1.5x, https:\/\/i0.wp.com\/historiografija.hr\/wp-content\/uploads\/2026\/06\/Skriptinar_Bezinovic.jpg?fit=960%2C540&ssl=1&resize=700%2C400 2x"},"classes":[]},{"id":55047,"url":"https:\/\/historiografija.hr\/?p=55047","url_meta":{"origin":30110,"position":1},"title":"Isabella (Mariam S.) Hammad, &#8220;Ulazi Duh&#8221;","author":"Branimir Jankovi\u0107","date":"21. kolovoza 2026.","format":false,"excerpt":"\u0160to zna\u010di biti stranac u vlastitoj domovini? Kada se Sonia Nasir, britanska glumica palestinskih korijena, nakon dugog izbivanja vrati u Haifu, njezina \u0107e se pro\u0161lost sa sada\u0161njosti sudariti na na\u010din koji nije o\u010dekivala. Planirala je tek nakratko pobje\u0107i od osobnih i profesionalnih neuspjeha, no sudbina je odvodi na put bez\u2026","rel":"","context":"U &quot;Novosti&quot;","block_context":{"text":"Novosti","link":"https:\/\/historiografija.hr\/?cat=3"},"img":{"alt_text":"","src":"https:\/\/i0.wp.com\/historiografija.hr\/wp-content\/uploads\/2026\/08\/slika-7.png?fit=782%2C1200&ssl=1&resize=350%2C200","width":350,"height":200,"srcset":"https:\/\/i0.wp.com\/historiografija.hr\/wp-content\/uploads\/2026\/08\/slika-7.png?fit=782%2C1200&ssl=1&resize=350%2C200 1x, https:\/\/i0.wp.com\/historiografija.hr\/wp-content\/uploads\/2026\/08\/slika-7.png?fit=782%2C1200&ssl=1&resize=525%2C300 1.5x, https:\/\/i0.wp.com\/historiografija.hr\/wp-content\/uploads\/2026\/08\/slika-7.png?fit=782%2C1200&ssl=1&resize=700%2C400 2x"},"classes":[]},{"id":54782,"url":"https:\/\/historiografija.hr\/?p=54782","url_meta":{"origin":30110,"position":2},"title":"Gostovanje predstave &#8211; George Bernard Shaw, &#8220;Oru\u017eje i \u010dovjek&#8221; &#8211; u Zagrebu","author":"Branimir Jankovi\u0107","date":"24. srpnja 2026.","format":false,"excerpt":"Izvedba u sklopu HNK2EU \u2013 Ciklusa europskog kazali\u0161ta u Zagrebu Petak 04.09.2026. u 19:30Narodno kazali\u0161te Ivan Vazov, Sofija (Bugarska) George Bernard Shaw Oru\u017eje i \u010dovjek Prijevod: Stojan \u010caprazov i Rajko \u010caprazov Re\u017eija: John Malkovich Scenografija: Pierre-Fran\u00e7ois Limbosch Kostimografija: Jordan Mihalev Oblikovanje zvuka: Julian Stoi\u010dkov Oblikovanje svjetla: Ilja Pa\u0161nin Asistentica re\u017eije:\u2026","rel":"","context":"U &quot;Kazali\u0161ne predstave&quot;","block_context":{"text":"Kazali\u0161ne predstave","link":"https:\/\/historiografija.hr\/?cat=22"},"img":{"alt_text":"","src":"https:\/\/historiografija.hr\/wp-content\/uploads\/2026\/07\/Gostujuca-predstava.avif","width":350,"height":200,"srcset":"https:\/\/historiografija.hr\/wp-content\/uploads\/2026\/07\/Gostujuca-predstava.avif 1x, https:\/\/historiografija.hr\/wp-content\/uploads\/2026\/07\/Gostujuca-predstava.avif 1.5x"},"classes":[]},{"id":54893,"url":"https:\/\/historiografija.hr\/?p=54893","url_meta":{"origin":30110,"position":3},"title":"Jasen Boko, &#8220;Tragovima Odiseja&#8221; &#8211; 2. dopunjeno i izmijenjeno izdanje","author":"Branimir Jankovi\u0107","date":"10. kolovoza 2026.","format":false,"excerpt":"Drugo dopunjeno i izmijenjeno izdanje hit-putopisa donosi nova saznanja o tome kako se nesta\u0161ni Penelopin suprug izgubio u Jadranu. Tragovima Odiseja \u2013 2. dopunjeno i izmijenjeno izdanje Prvo izdanje putopisa Tragovima Odiseja \u2013 Kontroverzni putopis o lutanju gr\u010dkog junaka Jadranom Jasena Boke izi\u0161lo je 2012. i odmah osvojilo \u010ditatelje i\u2026","rel":"","context":"U &quot;Knjige&quot;","block_context":{"text":"Knjige","link":"https:\/\/historiografija.hr\/?cat=8"},"img":{"alt_text":"","src":"https:\/\/i0.wp.com\/historiografija.hr\/wp-content\/uploads\/2026\/08\/TRAGOVIMA-ODISEJA-2.-izdanje.jpg?fit=800%2C565&ssl=1&resize=350%2C200","width":350,"height":200,"srcset":"https:\/\/i0.wp.com\/historiografija.hr\/wp-content\/uploads\/2026\/08\/TRAGOVIMA-ODISEJA-2.-izdanje.jpg?fit=800%2C565&ssl=1&resize=350%2C200 1x, https:\/\/i0.wp.com\/historiografija.hr\/wp-content\/uploads\/2026\/08\/TRAGOVIMA-ODISEJA-2.-izdanje.jpg?fit=800%2C565&ssl=1&resize=525%2C300 1.5x, https:\/\/i0.wp.com\/historiografija.hr\/wp-content\/uploads\/2026\/08\/TRAGOVIMA-ODISEJA-2.-izdanje.jpg?fit=800%2C565&ssl=1&resize=700%2C400 2x"},"classes":[]},{"id":52848,"url":"https:\/\/historiografija.hr\/?p=52848","url_meta":{"origin":30110,"position":4},"title":"Aleksandar R. Mileti\u0107, &#8220;Stambeni pakao. Sustav kontrolirane stanarine u Jugoisto\u010dnoj i Srednjoisto\u010dnoj Europi 1914-1930.&#8221;","author":"Branimir Jankovi\u0107","date":"5. svibnja 2026.","format":false,"excerpt":"Na Festivalu povijesti Kliofest 2026. promovirana je u Zagrebu knjiga Aleksandra R. Mileti\u0107a \"Stambeni pakao. Sustav kontrolirane stanarine u Jugoisto\u010dnoj i Srednjoisto\u010dnoj Europi 1914-1930.\" Knjiga na temelju provedenoga istra\u017eivanja autora opisuje dru\u0161tvene, ekonomske i politi\u010dke implikacije dugoro\u010dne primjene stambenog zakonodavstva, koje je u po\u010detku bilo zami\u0161ljeno samo kao set mjera\u2026","rel":"","context":"U &quot;Knjige&quot;","block_context":{"text":"Knjige","link":"https:\/\/historiografija.hr\/?cat=8"},"img":{"alt_text":"","src":"https:\/\/i0.wp.com\/historiografija.hr\/wp-content\/uploads\/2026\/05\/miletic-naslovnica.jpg?fit=374%2C514&ssl=1&resize=350%2C200","width":350,"height":200},"classes":[]},{"id":53169,"url":"https:\/\/historiografija.hr\/?p=53169","url_meta":{"origin":30110,"position":5},"title":"Snimka razgovora sa Maxom Bergholzom &#8220;Da li je pravedno sje\u0107anje mogu\u0107e?&#8221;","author":"Branimir Jankovi\u0107","date":"12. svibnja 2026.","format":false,"excerpt":"KONT Talk \u201eDa li je pravedno sje\u0107anje mogu\u0107e?\u201c bio je razgovor sa Max Bergholz sa Concordia University, fokusiran na memorijalnu arhitekturu i na\u010dine na koje se pamte masovni zlo\u010dini. Razgovor je gra\u0111en kroz tri primjera: Kulen Vakuf, Garavice i Glina. U Kulen Vakufu otvorena je pri\u010da o cikli\u010dnom nasilju i\u2026","rel":"","context":"U &quot;Novosti&quot;","block_context":{"text":"Novosti","link":"https:\/\/historiografija.hr\/?cat=3"},"img":{"alt_text":"","src":"https:\/\/i0.wp.com\/historiografija.hr\/wp-content\/uploads\/2026\/03\/KONT-TALKS-MAX-BERGHOLZ.png?fit=850%2C478&ssl=1&resize=350%2C200","width":350,"height":200,"srcset":"https:\/\/i0.wp.com\/historiografija.hr\/wp-content\/uploads\/2026\/03\/KONT-TALKS-MAX-BERGHOLZ.png?fit=850%2C478&ssl=1&resize=350%2C200 1x, https:\/\/i0.wp.com\/historiografija.hr\/wp-content\/uploads\/2026\/03\/KONT-TALKS-MAX-BERGHOLZ.png?fit=850%2C478&ssl=1&resize=525%2C300 1.5x, https:\/\/i0.wp.com\/historiografija.hr\/wp-content\/uploads\/2026\/03\/KONT-TALKS-MAX-BERGHOLZ.png?fit=850%2C478&ssl=1&resize=700%2C400 2x"},"classes":[]}],"_links":{"self":[{"href":"https:\/\/historiografija.hr\/index.php?rest_route=\/wp\/v2\/posts\/30110","targetHints":{"allow":["GET"]}}],"collection":[{"href":"https:\/\/historiografija.hr\/index.php?rest_route=\/wp\/v2\/posts"}],"about":[{"href":"https:\/\/historiografija.hr\/index.php?rest_route=\/wp\/v2\/types\/post"}],"author":[{"embeddable":true,"href":"https:\/\/historiografija.hr\/index.php?rest_route=\/wp\/v2\/users\/2"}],"replies":[{"embeddable":true,"href":"https:\/\/historiografija.hr\/index.php?rest_route=%2Fwp%2Fv2%2Fcomments&post=30110"}],"version-history":[{"count":1,"href":"https:\/\/historiografija.hr\/index.php?rest_route=\/wp\/v2\/posts\/30110\/revisions"}],"predecessor-version":[{"id":30112,"href":"https:\/\/historiografija.hr\/index.php?rest_route=\/wp\/v2\/posts\/30110\/revisions\/30112"}],"wp:featuredmedia":[{"embeddable":true,"href":"https:\/\/historiografija.hr\/index.php?rest_route=\/wp\/v2\/media\/30111"}],"wp:attachment":[{"href":"https:\/\/historiografija.hr\/index.php?rest_route=%2Fwp%2Fv2%2Fmedia&parent=30110"}],"wp:term":[{"taxonomy":"category","embeddable":true,"href":"https:\/\/historiografija.hr\/index.php?rest_route=%2Fwp%2Fv2%2Fcategories&post=30110"},{"taxonomy":"post_tag","embeddable":true,"href":"https:\/\/historiografija.hr\/index.php?rest_route=%2Fwp%2Fv2%2Ftags&post=30110"}],"curies":[{"name":"wp","href":"https:\/\/api.w.org\/{rel}","templated":true}]}}