{"id":30107,"date":"2022-02-23T21:39:37","date_gmt":"2022-02-23T21:39:37","guid":{"rendered":"http:\/\/historiografija.hr\/?p=30107"},"modified":"2022-02-23T21:39:37","modified_gmt":"2022-02-23T21:39:37","slug":"transnational-intellectual-history-comparative-methods","status":"publish","type":"post","link":"https:\/\/historiografija.hr\/?p=30107","title":{"rendered":"TRANSNATIONAL INTELLECTUAL HISTORY: COMPARATIVE METHODS"},"content":{"rendered":"\n<p><strong>Between the Times Summer School 11-15 July 2022<\/strong><\/p>\n\n\n\n<hr class=\"wp-block-separator\"\/>\n\n\n\n<p>The course outlines, discusses, and evaluates the methods for studying intellectual history transnationally. It focuses on the inter-relationship between political, cultural, and intellectual history, and the transference and re-signification of ideas. We ask how best to study the circulation of knowledge, and the reasons for integration, rejection \u2013 or ignorance of \u2013 certain lines of thought transnationally. We also look at how disciplines like philosophy, semiotics, politics, literary studies, translation studies, etc. can provide tools for intellectual historians. The course addresses general methodological issues and compares the insights of different approaches, yet is also strongly based on historical case studies and tailored to students\u2019 on-going research.<\/p>\n\n\n\n<p>The course gives the students the opportunity to present their own study projects and problems, and to receive feedback in seminars, one-to-one tutorials, and through essay evaluation. The course also strongly promotes and encourages informal communication and exploration of ideas among the participants.<\/p>\n\n\n\n<p>The course is organised in cooperation with the project \u201cBetween the Times \u2013 Embattled Temporalities and Political Imagination in Inter-War Europe,\u201d based at the School of Humanities.<\/p>\n\n\n\n<p>Course instructors are intellectual historians, cultural historians, literary theorists and philosophers, whose research specializes on conceptual history (e.g. history of concepts of \u201csovereignty\u201d, \u201cprogress\u201d, \u201crevolution\u201d, \u201cviolence\u201d, \u201cWest\u201d), history of 20th century political thought (e.g. in Central and Eastern Europe, Germany, France, Jewish thought, liberalism and its critics), study of processes of intellectual transfer (e.g. reception and translation studies, emigre studies), political ideologies in European modernisms and avant-gardes, and comparative European intellectual history, among other themes.<\/p>\n\n\n\n<p><strong>WHY THIS COURSE?<\/strong><\/p>\n\n\n\n<p>\u2013 All teachers are innovative researchers, internationally recognised in their respective fields.<\/p>\n\n\n\n<p>\u2013 Besides providing general lectures and seminars, the course aims to address each student\u2019s particular research work in proposing methodological options and best practice.<\/p>\n\n\n\n<p>\u2013&nbsp; The course promotes informal communication and exploration of ideas, making time for topically related tours and get-togethers.<\/p>\n\n\n\n<p><strong>TEACHERS<\/strong><\/p>\n\n\n\n<p>Keynotes: Assoc. Prof. Eva Piirim\u00e4e, Prof. Georgios Varouxakis<\/p>\n\n\n\n<p>Other teaching\/supervising academic staff:<\/p>\n\n\n\n<p>Dr. Tommaso Giordani<\/p>\n\n\n\n<p>Prof. Liisi Keedus<\/p>\n\n\n\n<p>Dr. Henry Mead<\/p>\n\n\n\n<p>Dr. Piret Peiker<\/p>\n\n\n\n<p><strong>TIMETABLE<\/strong><\/p>\n\n\n\n<p>TBC<\/p>\n\n\n\n<p><strong>PARTICIPANTS<\/strong><\/p>\n\n\n\n<p>PhD students and dedicated MA students whose postgraduate research focuses on, or draws upon intellectual history.<\/p>\n\n\n\n<p>Minimum bachelor\u2019s degree; knowledge of the English language B2 level or above.<\/p>\n\n\n\n<p>Together with the application, please send your CV and a short (100 words) motivation letter, describing your research project and how you expect it would benefit from this course. The deadline is 15 May 2022.<\/p>\n\n\n\n<p>Group size: maximum 15 students. Participants will be selected based on their CV and motivation letter.<\/p>\n\n\n\n<p><strong>CREDIT POINTS<\/strong><\/p>\n\n\n\n<p>Upon full participation and completion of course work students will be awarded 6 ECTS points and a certificate of completion.<\/p>\n\n\n\n<p>In order to complete the course, student needs to:<br>\u2013 Actively participate in discussions<br>\u2013&nbsp; Do a presentation<br>\u2013 Complete a final essay related to student\u2019s work in progress (3000-5000 words)<\/p>\n\n\n\n<p><strong>COURSE FEE<\/strong><\/p>\n\n\n\n<p>50 EUR.<\/p>\n\n\n\n<p>Course participants are provided free Tallinn University Dormitory double room accommodation for up to 10 nights.<\/p>\n\n\n\n<p>CONTACT<br>tss@tlu.ee, peiker@tlu.ee<\/p>\n\n\n\n<hr class=\"wp-block-separator\"\/>\n\n\n\n<figure class=\"wp-block-embed-wordpress wp-block-embed is-type-wp-embed is-provider-between-the-times\"><div class=\"wp-block-embed__wrapper\">\n<blockquote class=\"wp-embedded-content\" data-secret=\"W7vDgQfUcj\"><a href=\"https:\/\/betweenthetimes.tlu.ee\/en\/between-the-times-summer-school-11-15-july-2022\/\">Between the Times Summer School 11-15 July 2022<\/a><\/blockquote><iframe loading=\"lazy\" class=\"wp-embedded-content\" sandbox=\"allow-scripts\" security=\"restricted\" style=\"position: absolute; clip: rect(1px, 1px, 1px, 1px);\" title=\"&#8220;Between the Times Summer School 11-15 July 2022&#8221; &#8212; BETWEEN THE TIMES\" src=\"https:\/\/betweenthetimes.tlu.ee\/en\/between-the-times-summer-school-11-15-july-2022\/embed\/#?secret=W7vDgQfUcj\" data-secret=\"W7vDgQfUcj\" width=\"600\" height=\"338\" frameborder=\"0\" marginwidth=\"0\" marginheight=\"0\" scrolling=\"no\"><\/iframe>\n<\/div><\/figure>\n\n\n\n<hr class=\"wp-block-separator\"\/>\n","protected":false},"excerpt":{"rendered":"","protected":false},"author":2,"featured_media":30108,"comment_status":"open","ping_status":"open","sticky":false,"template":"","format":"standard","meta":{"_acf_changed":false,"_jetpack_newsletter_access":"","_jetpack_dont_email_post_to_subs":false,"_jetpack_newsletter_tier_id":0,"_jetpack_memberships_contains_paywalled_content":false,"_jetpack_memberships_contains_paid_content":false,"footnotes":"","jetpack_publicize_message":"","jetpack_publicize_feature_enabled":true,"jetpack_social_post_already_shared":true,"jetpack_social_options":{"image_generator_settings":{"template":"highway","default_image_id":0,"font":"","enabled":false},"version":2},"jetpack_post_was_ever_published":false},"categories":[3,9],"tags":[],"class_list":["post-30107","post","type-post","status-publish","format-standard","has-post-thumbnail","hentry","category-novosti","category-skupovi"],"acf":{"facebook_opis":""},"jetpack_publicize_connections":[],"jetpack_featured_media_url":"https:\/\/i0.wp.com\/historiografija.hr\/wp-content\/uploads\/2022\/02\/There-will-be-no-miracles-here.jpg?fit=1000%2C288&ssl=1","jetpack_sharing_enabled":true,"jetpack-related-posts":[{"id":53443,"url":"https:\/\/historiografija.hr\/?p=53443","url_meta":{"origin":30107,"position":0},"title":"The Routledge Handbook of the History and Sociology of Ideas","author":"Branimir Jankovi\u0107","date":"18. svibnja 2026.","format":false,"excerpt":"Edited by Stefanos Geroulanos and Gis\u00e8le Sapiro The Routledge Handbook of the History and Sociology of Ideas establishes a new and comprehensive way of working in the history and sociology of ideas, in order to obviate several longstanding gaps that have prevented a fruitful interdisciplinary and international dialogues. Pushing global\u2026","rel":"","context":"U &quot;Knjige&quot;","block_context":{"text":"Knjige","link":"https:\/\/historiografija.hr\/?cat=8"},"img":{"alt_text":"","src":"https:\/\/i0.wp.com\/historiografija.hr\/wp-content\/uploads\/2026\/05\/Ideas.jpg?fit=350%2C498&ssl=1&resize=350%2C200","width":350,"height":200},"classes":[]},{"id":52664,"url":"https:\/\/historiografija.hr\/?p=52664","url_meta":{"origin":30107,"position":1},"title":"CfP: CONFERENCE OF THE HISTORY OF CONCEPTS GROUP, HELSINKI, 19TH\u201321ST AUGUST 2026 (DEADLINE: 30TH APRIL 2026)","author":"Branimir Jankovi\u0107","date":"24. travnja 2026.","format":false,"excerpt":"The annual conference of the History of Concepts Group is held at the University of Helsinki, 19-21 August 2026. Conference of the History of Concepts Group Conceptual history studies the use of concepts and tries to understand how historical actors have linguistically articulated views of the world. Studying concepts from\u2026","rel":"","context":"U &quot;Novosti&quot;","block_context":{"text":"Novosti","link":"https:\/\/historiografija.hr\/?cat=3"},"img":{"alt_text":"","src":"https:\/\/i0.wp.com\/historiografija.hr\/wp-content\/uploads\/2017\/10\/hsozkult.png?fit=1006%2C241&ssl=1&resize=350%2C200","width":350,"height":200,"srcset":"https:\/\/i0.wp.com\/historiografija.hr\/wp-content\/uploads\/2017\/10\/hsozkult.png?fit=1006%2C241&ssl=1&resize=350%2C200 1x, https:\/\/i0.wp.com\/historiografija.hr\/wp-content\/uploads\/2017\/10\/hsozkult.png?fit=1006%2C241&ssl=1&resize=525%2C300 1.5x, https:\/\/i0.wp.com\/historiografija.hr\/wp-content\/uploads\/2017\/10\/hsozkult.png?fit=1006%2C241&ssl=1&resize=700%2C400 2x"},"classes":[]},{"id":54563,"url":"https:\/\/historiografija.hr\/?p=54563","url_meta":{"origin":30107,"position":2},"title":"International workshop \u201cIntellectual History of Antifascism: Women\u2019s Responses to the Rise of Fascism and Nazism\u201d","author":"Branimir Jankovi\u0107","date":"13. srpnja 2026.","format":false,"excerpt":"U Pragu je 4. i 5. lipnja 2026. odr\u017ean me\u0111unarodni znanstveni skup \u201cIntellectual History of Antifascism: Women\u2019s Responses to the Rise of Fascism and Nazism\u201d, s nekoliko izlaganja na teme iz povijesti Jugoslavije. Op\u0161irnije: https:\/\/www.usd.cas.cz\/aktuality\/intellectual-history-of-antifascism-womens-responses-to-the-rise-of-fascism-and-nazism\/ https:\/\/inz.si\/en\/2026\/06\/17\/international-workshop-intellectual-history-of-antifascism-womens-responses-to-the-rise-of-fascism-and-nazism\/","rel":"","context":"U &quot;Novosti&quot;","block_context":{"text":"Novosti","link":"https:\/\/historiografija.hr\/?cat=3"},"img":{"alt_text":"","src":"https:\/\/i0.wp.com\/historiografija.hr\/wp-content\/uploads\/2026\/07\/Prague.jpg?fit=1200%2C1000&ssl=1&resize=350%2C200","width":350,"height":200,"srcset":"https:\/\/i0.wp.com\/historiografija.hr\/wp-content\/uploads\/2026\/07\/Prague.jpg?fit=1200%2C1000&ssl=1&resize=350%2C200 1x, https:\/\/i0.wp.com\/historiografija.hr\/wp-content\/uploads\/2026\/07\/Prague.jpg?fit=1200%2C1000&ssl=1&resize=525%2C300 1.5x, https:\/\/i0.wp.com\/historiografija.hr\/wp-content\/uploads\/2026\/07\/Prague.jpg?fit=1200%2C1000&ssl=1&resize=700%2C400 2x, https:\/\/i0.wp.com\/historiografija.hr\/wp-content\/uploads\/2026\/07\/Prague.jpg?fit=1200%2C1000&ssl=1&resize=1050%2C600 3x"},"classes":[]},{"id":54854,"url":"https:\/\/historiografija.hr\/?p=54854","url_meta":{"origin":30107,"position":3},"title":"El\u00edas J. Palti, &#8220;Intellectual History and the Problem of Conceptual\u00a0Change&#8221;","author":"Branimir Jankovi\u0107","date":"31. srpnja 2026.","format":false,"excerpt":"How does long-term intellectual change occur? Can we develop a theoretical framework for understanding past systems of knowledge? In this ambitious study, El\u00edas Jos\u00e9 Palti seeks to reassess the main concepts in the field of intellectual history. Evaluating modes of thought from the seventeenth century to the present, this book\u2026","rel":"","context":"U &quot;Knjige&quot;","block_context":{"text":"Knjige","link":"https:\/\/historiografija.hr\/?cat=8"},"img":{"alt_text":"","src":"https:\/\/i0.wp.com\/historiografija.hr\/wp-content\/uploads\/2026\/07\/Palti.jpg?fit=417%2C257&ssl=1&resize=350%2C200","width":350,"height":200},"classes":[]},{"id":54470,"url":"https:\/\/historiografija.hr\/?p=54470","url_meta":{"origin":30107,"position":4},"title":"Women\u2019s Labour Activism in Eastern Europe and Beyond: A New Transnational History","author":"Branimir Jankovi\u0107","date":"6. srpnja 2026.","format":false,"excerpt":"Selin \u00c7a\u011fatay (Author), M\u00e1ty\u00e1s Erd\u00e9lyi (Author), Alexandra Ghi\u021b (Author), Olga Gnydiuk (Author), Veronika Helfert (Author), Ivelina Masheva (Author), Zhanna Popova (Author), Jelena Te\u0161ija (Author), Eszter Varsa (Author), Susan Zimmermann (Author) Series: Work Around the World This collaborative monograph presents a deeply researched, inclusive history of women\u2019s labour activism in Eastern\u2026","rel":"","context":"U &quot;E-knjige&quot;","block_context":{"text":"E-knjige","link":"https:\/\/historiografija.hr\/?cat=19"},"img":{"alt_text":"","src":"https:\/\/i0.wp.com\/historiografija.hr\/wp-content\/uploads\/2026\/07\/Activism-book.jpg?fit=652%2C442&ssl=1&resize=350%2C200","width":350,"height":200,"srcset":"https:\/\/i0.wp.com\/historiografija.hr\/wp-content\/uploads\/2026\/07\/Activism-book.jpg?fit=652%2C442&ssl=1&resize=350%2C200 1x, https:\/\/i0.wp.com\/historiografija.hr\/wp-content\/uploads\/2026\/07\/Activism-book.jpg?fit=652%2C442&ssl=1&resize=525%2C300 1.5x"},"classes":[]},{"id":54169,"url":"https:\/\/historiografija.hr\/?p=54169","url_meta":{"origin":30107,"position":5},"title":"Women, Nationalism, and Social Networks in the Habsburg Monarchy, 1848\u20131918","author":"Branimir Jankovi\u0107","date":"18. lipnja 2026.","format":false,"excerpt":"Edited by Marta Verginella Purdue University Press Series: Central European Studies 258 Pages Published 2023 Women, Nationalism, and Social Networks in the Habsburg Monarchy, 1848\u20131918 focuses on the lives of women in Southeastern Europe during the nineteenth and twentieth centuries, exploring the intersection of gender and nationalism. By looking at\u2026","rel":"","context":"U &quot;Knjige&quot;","block_context":{"text":"Knjige","link":"https:\/\/historiografija.hr\/?cat=8"},"img":{"alt_text":"","src":"https:\/\/historiografija.hr\/wp-content\/uploads\/2026\/06\/Verginella.avif","width":350,"height":200,"srcset":"https:\/\/historiografija.hr\/wp-content\/uploads\/2026\/06\/Verginella.avif 1x, https:\/\/historiografija.hr\/wp-content\/uploads\/2026\/06\/Verginella.avif 1.5x"},"classes":[]}],"_links":{"self":[{"href":"https:\/\/historiografija.hr\/index.php?rest_route=\/wp\/v2\/posts\/30107","targetHints":{"allow":["GET"]}}],"collection":[{"href":"https:\/\/historiografija.hr\/index.php?rest_route=\/wp\/v2\/posts"}],"about":[{"href":"https:\/\/historiografija.hr\/index.php?rest_route=\/wp\/v2\/types\/post"}],"author":[{"embeddable":true,"href":"https:\/\/historiografija.hr\/index.php?rest_route=\/wp\/v2\/users\/2"}],"replies":[{"embeddable":true,"href":"https:\/\/historiografija.hr\/index.php?rest_route=%2Fwp%2Fv2%2Fcomments&post=30107"}],"version-history":[{"count":1,"href":"https:\/\/historiografija.hr\/index.php?rest_route=\/wp\/v2\/posts\/30107\/revisions"}],"predecessor-version":[{"id":30109,"href":"https:\/\/historiografija.hr\/index.php?rest_route=\/wp\/v2\/posts\/30107\/revisions\/30109"}],"wp:featuredmedia":[{"embeddable":true,"href":"https:\/\/historiografija.hr\/index.php?rest_route=\/wp\/v2\/media\/30108"}],"wp:attachment":[{"href":"https:\/\/historiografija.hr\/index.php?rest_route=%2Fwp%2Fv2%2Fmedia&parent=30107"}],"wp:term":[{"taxonomy":"category","embeddable":true,"href":"https:\/\/historiografija.hr\/index.php?rest_route=%2Fwp%2Fv2%2Fcategories&post=30107"},{"taxonomy":"post_tag","embeddable":true,"href":"https:\/\/historiografija.hr\/index.php?rest_route=%2Fwp%2Fv2%2Ftags&post=30107"}],"curies":[{"name":"wp","href":"https:\/\/api.w.org\/{rel}","templated":true}]}}