{"id":30093,"date":"2022-02-22T22:41:06","date_gmt":"2022-02-22T22:41:06","guid":{"rendered":"http:\/\/historiografija.hr\/?p=30093"},"modified":"2022-02-22T22:41:06","modified_gmt":"2022-02-22T22:41:06","slug":"natjecaj-za-dramski-tekst-o-zagrebu-1941-godine","status":"publish","type":"post","link":"https:\/\/historiografija.hr\/?p=30093","title":{"rendered":"Natje\u010daj za dramski tekst o Zagrebu 1941. godine"},"content":{"rendered":"\n<p>Srpsko narodno vije\u0107e u suradnji s RadioTeatrom, u okviru programa kulture sje\u0107anja, pokre\u0107e &#8220;Radiofonton 1941.&#8221; javni natje\u010daj za dramski tekst koji \u0107e svoje likove i njihove \u017eivote vezati za Zagreb prolje\u0107a 1941. godine u periodu prije i nakon osnivanja Nezavisne Dr\u017eave Hrvatske.<\/p>\n\n\n\n<p>Organizatori isti\u010du da ih zanima atmosfera nadolaze\u0107e promjene, njezinih brzih i vrlo vidljivih posljedica, kako po one koji su zahva\u0107eni rasnim zakonima, tako i po sve stanovnike\/ce Zagreba prema kojima je usta\u0161ki re\u017eim iz bilo kojih razloga bio podozriv i nemilosrdan. Tako\u0111er, autore se poti\u010de da pri pisanju razmi\u0161ljaju o radiofoniji kao ravnopravnom elementu izvedbe u\u017eivo, kako u dokumentarnom tako i u igranom i glazbenom dijelu.<\/p>\n\n\n\n<p>&#8220;Cilj nam je umjetni\u010dki i medijalno unaprijediti u\u010denje i zami\u0161ljanje povijesti, osobito one koja je zapostavljena ili \u010dak vrlo svjesno revidirana. Pou\u010deni iskustvima dru\u0161tava u kojima su i javne i privatne memorijalne inicijative u vezi s Drugim svjetskim ratom zna\u010dajno velike, \u017eelja nam je pru\u017eiti priliku stvarala\u0161tvu kao najsna\u017enijoj platformi kulture sje\u0107anja. U svrhu razumijevanja danog vremena i prostora, te izvedbenog formata, nudimo i jednodnevnu on-line radionicu na kojoj \u0107e voditeljice projekta dati osnovne smjernice, kako u smislu povijesne i umjetni\u010dke gra\u0111e koja mo\u017ee poslu\u017eiti kao osnova pisanja, tako i u smislu primjera dobre prakse radiofonskih izvo\u0111enja u djelovanju RadioTeatra&#8221;, pi\u0161e u pozivu.<\/p>\n\n\n\n<p>Uvjeti natje\u010daja:<\/p>\n\n\n\n<p>1. Tekst mora biti izvoran i neobjavljen.<\/p>\n\n\n\n<p>2. U obzir dolaze tekstovi s na\u0161eg \u0161ireg odnosno dijeljenog jezi\u010dnog podru\u010dja hrvatskog, bosanskog, srpskog, crnogorskog jezika.<\/p>\n\n\n\n<p>3. Autori se natje\u010du isklju\u010divo s jednim radom.<\/p>\n\n\n\n<p>4. Prva tri izabrana rada bit \u0107e nagra\u0111ena sa 7000 kn, 5000 kn, odnosno 3000 kuna.<\/p>\n\n\n\n<p>5. Ocjenjiva\u010dki odbor zadr\u017eava pravo ne dodijeliti nagradu.<\/p>\n\n\n\n<p>6. Natje\u010daj traje od 18. velja\u010de do 1. svibnja.<\/p>\n\n\n\n<p>7. Tekst se \u0161alje pod \u0161ifrom.<\/p>\n\n\n\n<p>8. Razrje\u0161enje \u0161ifre s osobnim podacima autora (ime i prezime, adresa, broj telefona, e-mail, kratka biografija s godinom ro\u0111enja) prila\u017ee se uz tekst, u drugom fajlu<\/p>\n\n\n\n<p>Prvonagra\u0111eni \u0107e tekst imati koncertno radiofonsko izvo\u0111enje u Zagrebu na Dan sje\u0107anja na Jadovno 1941. 24. lipnja teku\u0107e godine uz podr\u0161ku dvije radijske postaje &#8211; Radio Abra\u0161 iz Mostara i Radio Rojc iz Pule. \u0160ifrirane radove ocjenjivat \u0107e \u017eiri u sastavu Snje\u017eana Banovi\u0107, Pavlica Bajsi\u0107 Brazzoduro, Dra\u017een Kre\u0161i\u0107 i Aneta Vladimirov.<\/p>\n\n\n\n<p>Navedena radionica pripreme za sve zainteresirane odr\u017eat \u0107e se 1. o\u017eujka. Za prijave na radionicu i sva dodatna pitanja na email: <a href=\"https:\/\/www.portalnovosti.com\/radiofonton@gmail.com\">radiofonton@gmail.com<\/a><\/p>\n\n\n\n<hr class=\"wp-block-separator\"\/>\n\n\n\n<p>Izvor:<\/p>\n\n\n\n<p><a href=\"https:\/\/www.portalnovosti.com\/natjecaj-za-dramski-tekst-o-zagrebu-1941-godine\">https:\/\/www.portalnovosti.com\/natjecaj-za-dramski-tekst-o-zagrebu-1941-godine<\/a><\/p>\n\n\n\n<hr class=\"wp-block-separator\"\/>\n","protected":false},"excerpt":{"rendered":"","protected":false},"author":2,"featured_media":30094,"comment_status":"open","ping_status":"open","sticky":false,"template":"","format":"standard","meta":{"_acf_changed":false,"jetpack_post_was_ever_published":false,"_jetpack_newsletter_access":"","_jetpack_dont_email_post_to_subs":false,"_jetpack_newsletter_tier_id":0,"_jetpack_memberships_contains_paywalled_content":false,"_jetpack_memberships_contains_paid_content":false,"footnotes":"","jetpack_publicize_message":"","jetpack_publicize_feature_enabled":true,"jetpack_social_post_already_shared":true,"jetpack_social_options":{"image_generator_settings":{"template":"highway","default_image_id":0,"font":"","enabled":false},"version":2}},"categories":[3,12],"tags":[],"class_list":["post-30093","post","type-post","status-publish","format-standard","has-post-thumbnail","hentry","category-novosti","category-knjizevnost"],"acf":{"facebook_opis":""},"jetpack_publicize_connections":[],"jetpack_featured_media_url":"https:\/\/i0.wp.com\/historiografija.hr\/wp-content\/uploads\/2022\/02\/Radiofonoton.png?fit=1200%2C750&ssl=1","jetpack_sharing_enabled":true,"jetpack-related-posts":[],"_links":{"self":[{"href":"https:\/\/historiografija.hr\/index.php?rest_route=\/wp\/v2\/posts\/30093","targetHints":{"allow":["GET"]}}],"collection":[{"href":"https:\/\/historiografija.hr\/index.php?rest_route=\/wp\/v2\/posts"}],"about":[{"href":"https:\/\/historiografija.hr\/index.php?rest_route=\/wp\/v2\/types\/post"}],"author":[{"embeddable":true,"href":"https:\/\/historiografija.hr\/index.php?rest_route=\/wp\/v2\/users\/2"}],"replies":[{"embeddable":true,"href":"https:\/\/historiografija.hr\/index.php?rest_route=%2Fwp%2Fv2%2Fcomments&post=30093"}],"version-history":[{"count":1,"href":"https:\/\/historiografija.hr\/index.php?rest_route=\/wp\/v2\/posts\/30093\/revisions"}],"predecessor-version":[{"id":30095,"href":"https:\/\/historiografija.hr\/index.php?rest_route=\/wp\/v2\/posts\/30093\/revisions\/30095"}],"wp:featuredmedia":[{"embeddable":true,"href":"https:\/\/historiografija.hr\/index.php?rest_route=\/wp\/v2\/media\/30094"}],"wp:attachment":[{"href":"https:\/\/historiografija.hr\/index.php?rest_route=%2Fwp%2Fv2%2Fmedia&parent=30093"}],"wp:term":[{"taxonomy":"category","embeddable":true,"href":"https:\/\/historiografija.hr\/index.php?rest_route=%2Fwp%2Fv2%2Fcategories&post=30093"},{"taxonomy":"post_tag","embeddable":true,"href":"https:\/\/historiografija.hr\/index.php?rest_route=%2Fwp%2Fv2%2Ftags&post=30093"}],"curies":[{"name":"wp","href":"https:\/\/api.w.org\/{rel}","templated":true}]}}