{"id":30087,"date":"2022-02-22T22:17:15","date_gmt":"2022-02-22T22:17:15","guid":{"rendered":"http:\/\/historiografija.hr\/?p=30087"},"modified":"2022-02-22T22:17:15","modified_gmt":"2022-02-22T22:17:15","slug":"neven-budak-na-dnu-drustvene-ljestvice-robovi-i-sluzincad-na-istocnoj-jadranskoj-obali","status":"publish","type":"post","link":"https:\/\/historiografija.hr\/?p=30087","title":{"rendered":"Neven Budak, \u201cNa dnu dru\u0161tvene ljestvice. Robovi i slu\u017ein\u010dad na isto\u010dnoj jadranskoj obali\u201d"},"content":{"rendered":"\n<p>Trgovanje ljudima fenomen je s kojim se susre\u0107emo svakodnevno. Mladi ljudi, osobito \u017eene i djeca, \u017ertve su zlo\u010dinaca koji ih iskori\u0161tavaju kao seksualno roblje. U gotovo bespravnu polo\u017eaju nalaze se i milijuni ljudi koji rade na planta\u017eama, u tvornicama ili kao ku\u0107na posluga na svim kontinentima, u najrazvijenijim zemljama kao i u onima najmanje razvijenima. Hrvatska mo\u017eda nije najizlo\u017eenija takvu izrabljivanju, ali i u njoj postoje pojedinci kojima su oduzeti identitet, dostojanstvo ili minimalna naknada za njihov rad. Na ovim prostorima to nije nova pojava. Ova se knjiga bavi mijenama u dru\u0161tvenom polo\u017eaju obespravljenih ili u svojim slobodama bitno ograni\u010denih pripadnika najni\u017eih dru\u0161tvenih slojeva tijekom razdoblja od vi\u0161e od jednog tisu\u0107lje\u0107a. Na njezinim stranicama susre\u0107emo anti\u010dke robove, ranosrednjovjekovne obra\u0111iva\u010de zemlje i pastire, slu\u017eavke u ku\u0107anstvima gradskog plemstva, nau\u010dnike u obrtima i robove kojima su na\u0161i preci trgovali od Crnog mora i sjeverne Afrike do Venecije i Katalonije. Njihove su sudbine i \u017eivotni putovi mogli biti vrlo razli\u010diti. Neki su gubitkom slobode stjecali materijalnu sigurnost ili su slu\u017eenjem stvarali uvjete da se osamostale. Bilo je robova koji su postajali sve\u0107enici ili slu\u017eavki koje su ulagale novac u trgovinu. Mnogima, me\u0111utim, sre\u0107a nije bila tako naklonjena. Prodavani su ili su stupali u slu\u017ebu dok su bili djeca, a mnogi su odvo\u0111eni daleko preko mora, osu\u0111eni na \u017eivot me\u0111u strancima, \u010desto u te\u0161kim uvjetima. Ni oni koje je sudbina vezala bli\u017ee uz rodni kraj nisu uvijek prolazili bolje, izlagani fizi\u010dkim kaznama i oskudici. Mo\u017eemo li prema tim nesretnim, nama dalekim ljudima osjetiti empatiju? Jer ako ne mo\u017eemo, moramo se zapitati suosje\u0107amo li s onima koji se danas nalaze u sli\u010dnu, ako ne i u jednaku polo\u017eaju.<\/p>\n\n\n\n<hr class=\"wp-block-separator\"\/>\n\n\n\n<p>Izvor:<\/p>\n\n\n\n<p><a href=\"https:\/\/www.leykam-international.hr\/publikacija.php?id=237\">https:\/\/www.leykam-international.hr\/publikacija.php?id=237<\/a><\/p>\n\n\n\n<hr class=\"wp-block-separator\"\/>\n","protected":false},"excerpt":{"rendered":"","protected":false},"author":2,"featured_media":30088,"comment_status":"open","ping_status":"open","sticky":false,"template":"","format":"standard","meta":{"_acf_changed":false,"jetpack_post_was_ever_published":false,"_jetpack_newsletter_access":"","_jetpack_dont_email_post_to_subs":false,"_jetpack_newsletter_tier_id":0,"_jetpack_memberships_contains_paywalled_content":false,"_jetpack_memberships_contains_paid_content":false,"footnotes":"","jetpack_publicize_message":"","jetpack_publicize_feature_enabled":true,"jetpack_social_post_already_shared":true,"jetpack_social_options":{"image_generator_settings":{"template":"highway","default_image_id":0,"font":"","enabled":false},"version":2}},"categories":[8,3],"tags":[],"class_list":["post-30087","post","type-post","status-publish","format-standard","has-post-thumbnail","hentry","category-knjige","category-novosti"],"acf":{"facebook_opis":""},"jetpack_publicize_connections":[],"jetpack_featured_media_url":"https:\/\/i0.wp.com\/historiografija.hr\/wp-content\/uploads\/2022\/02\/Budak.jpg?fit=246%2C348&ssl=1","jetpack_sharing_enabled":true,"jetpack-related-posts":[],"_links":{"self":[{"href":"https:\/\/historiografija.hr\/index.php?rest_route=\/wp\/v2\/posts\/30087","targetHints":{"allow":["GET"]}}],"collection":[{"href":"https:\/\/historiografija.hr\/index.php?rest_route=\/wp\/v2\/posts"}],"about":[{"href":"https:\/\/historiografija.hr\/index.php?rest_route=\/wp\/v2\/types\/post"}],"author":[{"embeddable":true,"href":"https:\/\/historiografija.hr\/index.php?rest_route=\/wp\/v2\/users\/2"}],"replies":[{"embeddable":true,"href":"https:\/\/historiografija.hr\/index.php?rest_route=%2Fwp%2Fv2%2Fcomments&post=30087"}],"version-history":[{"count":1,"href":"https:\/\/historiografija.hr\/index.php?rest_route=\/wp\/v2\/posts\/30087\/revisions"}],"predecessor-version":[{"id":30089,"href":"https:\/\/historiografija.hr\/index.php?rest_route=\/wp\/v2\/posts\/30087\/revisions\/30089"}],"wp:featuredmedia":[{"embeddable":true,"href":"https:\/\/historiografija.hr\/index.php?rest_route=\/wp\/v2\/media\/30088"}],"wp:attachment":[{"href":"https:\/\/historiografija.hr\/index.php?rest_route=%2Fwp%2Fv2%2Fmedia&parent=30087"}],"wp:term":[{"taxonomy":"category","embeddable":true,"href":"https:\/\/historiografija.hr\/index.php?rest_route=%2Fwp%2Fv2%2Fcategories&post=30087"},{"taxonomy":"post_tag","embeddable":true,"href":"https:\/\/historiografija.hr\/index.php?rest_route=%2Fwp%2Fv2%2Ftags&post=30087"}],"curies":[{"name":"wp","href":"https:\/\/api.w.org\/{rel}","templated":true}]}}