{"id":30084,"date":"2022-02-22T22:08:07","date_gmt":"2022-02-22T22:08:07","guid":{"rendered":"http:\/\/historiografija.hr\/?p=30084"},"modified":"2022-02-22T22:08:07","modified_gmt":"2022-02-22T22:08:07","slug":"daria-loznjak-dizdar-hrvatske-zemlje-u-prapovijesti-od-broncanoga-do-mladega-zeljeznog-doba","status":"publish","type":"post","link":"https:\/\/historiografija.hr\/?p=30084","title":{"rendered":"Daria Lo\u017enjak Dizdar, \u201cHrvatske zemlje u prapovijesti od bron\u010danoga do mla\u0111ega \u017eeljeznog doba\u201d"},"content":{"rendered":"\n<p>Knjiga <em>Hrvatske zemlje u prapovijesti od bron\u010danoga do mla\u0111ega \u017eeljeznog doba<\/em> obuhva\u0107a razdoblje od po\u010detka \u0161iroke primjene slitine bakra i kositra u proizvodnji metalnih predmeta do po\u010detka rimskih osvajanja na tlu dana\u0161njih hrvatskih zemalja. U uvodnim poglavljima opisani su pojmovi bron\u010danoga i \u017eeljeznog doba u okviru prapovijesti hrvatskih zemalja uvjetovani povije\u0161\u0107u istra\u017eivanja \u0161ire regije, zatim kronolo\u0161ki okviri te izvori i metode prou\u010davanja metalnih razdoblja u prapovijesti.<\/p>\n\n\n\n<p><br>Knjiga je podijeljena na tri velike cjeline: bron\u010dano doba, starije i mla\u0111e \u017eeljezno doba koje su promatrane zasebno na podru\u010dju kontinetalne te jadranske Hrvatske zbog geografskih datosti koje su utjecale na op\u0107eprihva\u0107ene periodizacije koje su danas u upotrebi.<\/p>\n\n\n\n<p>U prvoj velikoj cjelini tuma\u010di se razdoblje bron\u010danoga doba kroz kronolo\u0161ke cjeline i teme naselja, gospodarstva, trgovine, dru\u0161tva, groblja i rituala. Uz prikaz svakodnevnoga \u017eivota na primjeru naselja, prikazuje se i \u0161ira slika gospodarstva i komunikacija koje su utjecale na dru\u0161tvene procese. Duhovni \u017eivot prikazan je kroz materijalne tragove o ritualima i pogrebnim obi\u010dajima.<\/p>\n\n\n\n<p>Druga velika cjelina obuhva\u0107a starije \u017eeljezno doba koje je obilje\u017eilo novi tehnolo\u0161ki razvoj predmeta izra\u0111enih od \u017eeljeza, zatim intenzivna trgovina i razmjena dobara i znanja kao i dru\u0161tveno raslojavanje vidljivo u naseljima i grobljima.<\/p>\n\n\n\n<p>Tre\u0107a cjelina pripada razdoblju mla\u0111ega \u017eeljeznog doba i obuhva\u0107a vrijeme od dolaska Kelta na prostor kontinentalne Hrvatske te helenizaciju ju\u017enoga dijela hrvatskih zemalja do po\u010detka rimskih osvajanja. Svakodnevni \u017eivot te dru\u0161tveni i gospodarski procesi obilje\u017eeni su intenzivnim kontaktima sa zajednicama koje su poznate u povijesnim izvorima.<\/p>\n\n\n\n<p>U prikazanome \u017eivotu ljudi tijekom mla\u0111ih razdoblja prapovijesti na tlu hrvatskih zemalja, koji je ocrtan iz tragova arheolo\u0161ke ba\u0161tine, vidljiva je strate\u0161ka uloga prostora na sjeci\u0161tu puteva izme\u0111u srednje i jugoisto\u010dne Europe te Panonije i Sredozemlja u praskozorje povijesti.<\/p>\n\n\n\n<hr class=\"wp-block-separator\"\/>\n\n\n\n<p>Izvor:<\/p>\n\n\n\n<p><a href=\"https:\/\/www.leykam-international.hr\/publikacija.php?id=235\">https:\/\/www.leykam-international.hr\/publikacija.php?id=235<\/a><\/p>\n\n\n\n<hr class=\"wp-block-separator\"\/>\n","protected":false},"excerpt":{"rendered":"","protected":false},"author":2,"featured_media":30085,"comment_status":"open","ping_status":"open","sticky":false,"template":"","format":"standard","meta":{"_acf_changed":false,"jetpack_post_was_ever_published":false,"_jetpack_newsletter_access":"","_jetpack_dont_email_post_to_subs":false,"_jetpack_newsletter_tier_id":0,"_jetpack_memberships_contains_paywalled_content":false,"_jetpack_memberships_contains_paid_content":false,"footnotes":"","jetpack_publicize_message":"","jetpack_publicize_feature_enabled":true,"jetpack_social_post_already_shared":true,"jetpack_social_options":{"image_generator_settings":{"template":"highway","default_image_id":0,"font":"","enabled":false},"version":2}},"categories":[8,3],"tags":[],"class_list":["post-30084","post","type-post","status-publish","format-standard","has-post-thumbnail","hentry","category-knjige","category-novosti"],"acf":{"facebook_opis":""},"jetpack_publicize_connections":[],"jetpack_featured_media_url":"https:\/\/i0.wp.com\/historiografija.hr\/wp-content\/uploads\/2022\/02\/Dizdar.jpg?fit=246%2C348&ssl=1","jetpack_sharing_enabled":true,"jetpack-related-posts":[],"_links":{"self":[{"href":"https:\/\/historiografija.hr\/index.php?rest_route=\/wp\/v2\/posts\/30084","targetHints":{"allow":["GET"]}}],"collection":[{"href":"https:\/\/historiografija.hr\/index.php?rest_route=\/wp\/v2\/posts"}],"about":[{"href":"https:\/\/historiografija.hr\/index.php?rest_route=\/wp\/v2\/types\/post"}],"author":[{"embeddable":true,"href":"https:\/\/historiografija.hr\/index.php?rest_route=\/wp\/v2\/users\/2"}],"replies":[{"embeddable":true,"href":"https:\/\/historiografija.hr\/index.php?rest_route=%2Fwp%2Fv2%2Fcomments&post=30084"}],"version-history":[{"count":1,"href":"https:\/\/historiografija.hr\/index.php?rest_route=\/wp\/v2\/posts\/30084\/revisions"}],"predecessor-version":[{"id":30086,"href":"https:\/\/historiografija.hr\/index.php?rest_route=\/wp\/v2\/posts\/30084\/revisions\/30086"}],"wp:featuredmedia":[{"embeddable":true,"href":"https:\/\/historiografija.hr\/index.php?rest_route=\/wp\/v2\/media\/30085"}],"wp:attachment":[{"href":"https:\/\/historiografija.hr\/index.php?rest_route=%2Fwp%2Fv2%2Fmedia&parent=30084"}],"wp:term":[{"taxonomy":"category","embeddable":true,"href":"https:\/\/historiografija.hr\/index.php?rest_route=%2Fwp%2Fv2%2Fcategories&post=30084"},{"taxonomy":"post_tag","embeddable":true,"href":"https:\/\/historiografija.hr\/index.php?rest_route=%2Fwp%2Fv2%2Ftags&post=30084"}],"curies":[{"name":"wp","href":"https:\/\/api.w.org\/{rel}","templated":true}]}}