{"id":30078,"date":"2022-02-21T23:02:07","date_gmt":"2022-02-21T23:02:07","guid":{"rendered":"http:\/\/historiografija.hr\/?p=30078"},"modified":"2022-02-21T23:02:07","modified_gmt":"2022-02-21T23:02:07","slug":"medunarodni-kolokvij-branding-cultural-heritage-through-diplomacy-glagolithic-script-and-bishops-past-considerations-and-contemporary-reflections","status":"publish","type":"post","link":"https:\/\/historiografija.hr\/?p=30078","title":{"rendered":"Me\u0111unarodni kolokvij \u201cBRANDING CULTURAL HERITAGE THROUGH DIPLOMACY. GLAGOLITHIC SCRIPT AND BISHOPS: PAST CONSIDERATIONS AND CONTEMPORARY REFLECTIONS\u201d"},"content":{"rendered":"\n<p>INTERNATIONAL COLLOQUIUM PROGRAMME<\/p>\n\n\n\n<p>BRANDING CULTURAL HERITAGE THROUGH DIPLOMACY.<\/p>\n\n\n\n<p>GLAGOLITHIC SCRIPT AND BISHOPS: PAST CONSIDERATIONS AND CONTEMPORARY REFLECTIONS<\/p>\n\n\n\n<p>22 February 2022<\/p>\n\n\n\n<p>HRVATSKI INSTITUT ZA POVIJEST \/ CROATIAN INSTITUTE OF HISTORY<\/p>\n\n\n\n<p>OPATI\u010cKA 10 \u2013 ZAGREB<\/p>\n\n\n\n<p>Golden Hall<\/p>\n\n\n\n<hr class=\"wp-block-separator\"\/>\n\n\n\n<p>Tuesday, 22 February 2022<\/p>\n\n\n\n<p>10.15: WELCOME AND OPENING<\/p>\n\n\n\n<p>BRANDING ETHNICITY, HISTORICAL CITIES AND MONUMENTS<\/p>\n\n\n\n<p>10.20 \u2013 10.40: Jadranka NERALI\u0106: Cultural Heritage Brands along the Adriatic<\/p>\n\n\n\n<p>10.40 \u2013 11.05: Maria Giulia AURIGEMMA: L\u2019UNESCO e la diplomazia culturale. Qualche esempio<\/p>\n\n\n\n<p>11.05 \u2013 11.30: Tatjana KOPRIVICA: Diplomacy and Cultural Heritage Researches in Montenegro at the End of the XIX. and the Beginning of the XX. Century<\/p>\n\n\n\n<p>OUTSTANDING DIPLOMATS<\/p>\n\n\n\n<p>11.30 \u2013 11.55: Radoslav BU\u017dAN\u010cI\u0106: Ivan Petar Marchi: polihistor, diplomat, graditelj i vizionar Ilirskoga pokreta u Splitu<\/p>\n\n\n\n<p>11.55 \u2013 12.20: Zdenko DUNDOVI\u0106: Zadarski nadbiskup Vicko Zmajevi\u0107 i glagolja\u0161ko sve\u0107enstvo<\/p>\n\n\n\n<p>12.20 \u2013 12.45: Brigitta MADER: L\u2019Arciduca austriaco Lodovico Salvatore ed il patromonio culturale immateriale nel Mediteraneo con particolar focus alla costa adriatica orientale<\/p>\n\n\n\n<p>LEGAL CULTURE AND CONTEMPORARY DIPLOMACY<\/p>\n\n\n\n<p>12.45 \u2013 13.10: Mirza HEBIB: Legal Education and Dubrovnik Legal Culture<\/p>\n\n\n\n<p>13.10 \u2013 13.40: Neven PELICARI\u0106: Empowering Cultural Identity through Diplomacy \u2013 Croatian Glagolithic in the Vatican<\/p>\n\n\n\n<p>13.40 \u2013 14. 00: QUESTIONS AND ANSWERS. CONCLUSIONS<\/p>\n\n\n\n<p>LUNCH BREAK: 14.00 \u2013 16.00<\/p>\n\n\n\n<p>You can find us on:<a href=\"https:\/\/medea.isp.hr\/\"> http::\/\/medea.isp.hr<\/a><\/p>\n\n\n\n<hr class=\"wp-block-separator\"\/>\n\n\n\n<p>Izvor:<\/p>\n\n\n\n<p><a href=\"https:\/\/www.isp.hr\/22-02-2022-poziv-na-medunarodni-kolokvij-branding-cultural-heritage-through-diplomacy-glagolithic-script-and-bishops-past-considerations-and-contemporary-reflections\/\">https:\/\/www.isp.hr\/22-02-2022-poziv-na-medunarodni-kolokvij-branding-cultural-heritage-through-diplomacy-glagolithic-script-and-bishops-past-considerations-and-contemporary-reflections\/<\/a><\/p>\n\n\n\n<hr class=\"wp-block-separator\"\/>\n","protected":false},"excerpt":{"rendered":"","protected":false},"author":2,"featured_media":30079,"comment_status":"open","ping_status":"open","sticky":false,"template":"","format":"standard","meta":{"_acf_changed":false,"jetpack_post_was_ever_published":false,"_jetpack_newsletter_access":"","_jetpack_dont_email_post_to_subs":false,"_jetpack_newsletter_tier_id":0,"_jetpack_memberships_contains_paywalled_content":false,"_jetpack_memberships_contains_paid_content":false,"footnotes":"","jetpack_publicize_message":"","jetpack_publicize_feature_enabled":true,"jetpack_social_post_already_shared":true,"jetpack_social_options":{"image_generator_settings":{"template":"highway","default_image_id":0,"font":"","enabled":false},"version":2}},"categories":[3,9],"tags":[],"class_list":["post-30078","post","type-post","status-publish","format-standard","has-post-thumbnail","hentry","category-novosti","category-skupovi"],"acf":{"facebook_opis":""},"jetpack_publicize_connections":[],"jetpack_featured_media_url":"https:\/\/i0.wp.com\/historiografija.hr\/wp-content\/uploads\/2022\/02\/HIP-2022.jpg?fit=620%2C370&ssl=1","jetpack_sharing_enabled":true,"jetpack-related-posts":[],"_links":{"self":[{"href":"https:\/\/historiografija.hr\/index.php?rest_route=\/wp\/v2\/posts\/30078","targetHints":{"allow":["GET"]}}],"collection":[{"href":"https:\/\/historiografija.hr\/index.php?rest_route=\/wp\/v2\/posts"}],"about":[{"href":"https:\/\/historiografija.hr\/index.php?rest_route=\/wp\/v2\/types\/post"}],"author":[{"embeddable":true,"href":"https:\/\/historiografija.hr\/index.php?rest_route=\/wp\/v2\/users\/2"}],"replies":[{"embeddable":true,"href":"https:\/\/historiografija.hr\/index.php?rest_route=%2Fwp%2Fv2%2Fcomments&post=30078"}],"version-history":[{"count":1,"href":"https:\/\/historiografija.hr\/index.php?rest_route=\/wp\/v2\/posts\/30078\/revisions"}],"predecessor-version":[{"id":30080,"href":"https:\/\/historiografija.hr\/index.php?rest_route=\/wp\/v2\/posts\/30078\/revisions\/30080"}],"wp:featuredmedia":[{"embeddable":true,"href":"https:\/\/historiografija.hr\/index.php?rest_route=\/wp\/v2\/media\/30079"}],"wp:attachment":[{"href":"https:\/\/historiografija.hr\/index.php?rest_route=%2Fwp%2Fv2%2Fmedia&parent=30078"}],"wp:term":[{"taxonomy":"category","embeddable":true,"href":"https:\/\/historiografija.hr\/index.php?rest_route=%2Fwp%2Fv2%2Fcategories&post=30078"},{"taxonomy":"post_tag","embeddable":true,"href":"https:\/\/historiografija.hr\/index.php?rest_route=%2Fwp%2Fv2%2Ftags&post=30078"}],"curies":[{"name":"wp","href":"https:\/\/api.w.org\/{rel}","templated":true}]}}