{"id":30072,"date":"2022-02-21T22:33:50","date_gmt":"2022-02-21T22:33:50","guid":{"rendered":"http:\/\/historiografija.hr\/?p=30072"},"modified":"2022-07-15T13:20:14","modified_gmt":"2022-07-15T13:20:14","slug":"tribina-casopis-zenski-pokret%ca%bc-kao-svedocanstvo-jugoslovenskog-feminizma","status":"publish","type":"post","link":"https:\/\/historiografija.hr\/?p=30072","title":{"rendered":"Tribina \u201c\u010casopis \u201b\u017denski pokret\u02bc kao svedo\u010danstvo jugoslovenskog feminizma\u201d"},"content":{"rendered":"\n<p><strong>Sreda, 23. februar 2022. u 19:00<\/strong> \u2013 <em>Dom omladine Beograda<\/em><\/p>\n\n\n\n<p>Ciklus: <strong>Jugoslavenski feminizmi<\/strong><br>Organizacija: <strong>Centar za jugoslovenske studije (Cejus) i Dom omladine Beograda<\/strong><\/p>\n\n\n\n<p>U\u010desnice: <strong>Jelena Milinkovi\u0107<\/strong>, Institut za knji\u017eevnost i umetnost; <strong>\u017darka Svir\u010dev<\/strong>, Institut za knji\u017eevnost i umetnost;<strong> Zorana Simi\u0107<\/strong>, Institut za knji\u017eevnost i umetnost; <strong>Sanja Petrovi\u0107-Todosijevi\u0107<\/strong>, Institut za noviju istoriju Srbije\/CEJUS. Moderatorka: <strong>Ivana Panteli\u0107<\/strong>, Institut za savremenu istoriju\/CEJUS.<\/p>\n\n\n\n<p>Prva CEJUS tribina u ciklusu \u201cJugoslavenski feminizmi\u201d bi\u0107e posve\u0107ena prvom jugoslovenskom feministi\u010dkom \u010dasopisu \u201c\u017denski pokret\u201d. Na tribini \u0107e biti predstavljen zbornik radova <strong><em>\u010casopis \u017denski pokret<\/em><\/strong><strong><em>(1920 \u2013 1938): zbornik radova<\/em><\/strong> koji je proistekao je iz istoimenog me\u0111unarodnog nau\u010dnog skupa odr\u017eanog na Institutu za knji\u017eevnost i umetnost u Beogradu u oktobru 2020. godine. Organizovanje nau\u010dnog skupa i pisanje zbornika predstavljaju poslednju fazu projekta <em>\u017denski pokret 2020<\/em>. Projekat je organizovan povodom stogodi\u0161njice od osnivanja \u010dasopisa \u201c\u017denski pokret\u201d, prvog i najdugove\u010dnijeg feministi\u010dkog \u010dasopisa u me\u0111uratnoj Jugoslaviji. Izdavalo ga je Dru\u0161tvo za prosve\u0107enje \u017eena i za\u0161titu njenih prava, kasnije Alijansa \u017eenskih pokreta u Kraljevini SHS\/Jugoslaviji. Stogodi\u0161njica \u010dasopisa je bila dovoljno inspirativan i izazovan povod da se osmisli i realizuje niz aktivnosti kojima bi se u\u010dvrstila i prikupila dotada\u0161nja znanja o ovom \u010dasopisu i da bi se kreirala nova. Zbog toga je projekat \u017denski pokret 2020 osmi\u0161ljen kako bi se obele\u017eio ovaj jubilej i imao je nekoliko faza: 1) pisanje bibliografije ovog \u010dasopisa 2) digitalizacija \u010dasopisa, 3) izrada sajta posve\u0107enog \u010dasopisu, 4) nau\u010dni skup i 5) izrada zbornika radova. U zborniku o \u010dasopisu \u201c\u017denski pokret\u201d objavljeno je 33 rada, koja su napisale nau\u010dnice iz Srbije, Hrvatske, Slovenije, Ma\u0111arske i Austrije. Autorke tekstova dolaze iz razli\u010ditih nau\u010dnih disciplina: istoriografije, studija knji\u017eevnosti, lingvistike, antropologije, sociologije, etnografije, filozofije, ekonomije, politike, bibliotekarstva, tako da je \u010dasopis istra\u017een multidisciplinarno. Tekstovi se ti\u010du dru\u0161tveno-politi\u010dkih i ideolo\u0161kih okolnosti u kojima \u010dasopis nastaje, jezi\u010dkih i uredni\u010dkih politika i centralnih tema \u010dasopisa. Radovi u zborniku obra\u0111uju va\u017ene dru\u0161tvene fenomene na koje \u010dasopis referi\u0161e kao \u0161to su prostitucija, pitanje (ne)pla\u0107enog rada i socijalno-ekonomske strategije, zatim knji\u017eevne fenomene, zna\u010dajne jugoslovenske i evropske autorke, ali i po\u010detke feministi\u010dke periodike u drugim kulturama. Zbornikom su objedinjena dosada\u0161nja znanja o ovom \u010dasopisu i dat je interdisciplinarni doprinos kako istra\u017eivanjima feminizma na ovim prostorima, tako i jugoslovenskim studijama.<\/p>\n\n\n\n<p>Vi\u0161e o projektu \u017denski pokret 2020: <a href=\"https:\/\/www.zenskipokret.org\/\">https:\/\/www.zenskipokret.org\/<\/a><\/p>\n\n\n\n<p>Biografije u\u010desnica:<\/p>\n\n\n\n<p><strong>Jelena Milinkovi\u0107<\/strong> (Beograd, 1981). Nau\u010dna saradnica na Institutu za knji\u017eevnost i umetnost u Beogradu. Sve nivoe studija zavr\u0161ila je na Fillolo\u0161kom fakultetu u Beogradu. Jedna je od urednica zbornika <em>Nova realnost iz sopstvene sobe, knji\u017eevno stvarala\u0161tvo Milice Jankovi\u0107<\/em> (2015), <em>Da li \u010ditate Jelenu Dimitrijevi\u0107?<\/em> (2018), <em>\u010casopis \u017denski pokret<\/em> <em>(1920\u20131938): zbornik radova<\/em> (2021). Koautorka je knjige <em>Dvadeset \u017eena koje su obele\u017eile XX vek u Srbiji<\/em> (2013) i autorka brojnih studija.<\/p>\n\n\n\n<p><strong>\u017darka Svir\u010dev<\/strong>, nau\u010dna saradnica u Institutu za knji\u017eevnost i umetnost u Beogradu na odeljenju Periodika u istoriji srpske knji\u017eevnosti i kulture. Osnovne i master studije je zavr\u0161ila na Odseku za srpsku knji\u017eevnost na Filozofskom fakultetu u Novom Sadu. Doktorirala je na Filolo\u0161kom fakultetu u Beogradu. Objavila je knjige <em>\u201eAh, taj identitet!\u201c Dekonstrukcija rodnih stereotipa u stvarala\u0161tvu Dubravke Ugre\u0161i\u0107<\/em> (2010), <em>Vinaverova knji\u017eevna republika<\/em> (2017), <em>Avangardistkinje. Ogledi o srpskoj (\u017eenskoj) avangardnoj knji\u017eevnosti<\/em> (2018) i <em>Portret prethodnice: Draga Dejanovi\u0107<\/em> (2018).<\/p>\n\n\n\n<p><strong>Zorana Simi\u0107<\/strong> (1992, Brus) knji\u017eevna je istori\u010darka i kriti\u010darka, istra\u017eiva\u010dica-saradnica u beogradskom Institutu za knji\u017eevnost i umetnost, doktorantkinja na Filolo\u0161kom fakultetu UB, gde je zavr\u0161ila i osnovne i master studije (Op\u0161ta knji\u017eevnost i teorija knji\u017eevnosti), i studentkinja master programa Politikologija \u2013 Studije roda na Fakultetu politi\u010dkih nauka UB. Bavi se prou\u010davanjem srpske i jugoslovenske periodike, knji\u017eevnosti i kulture 20. veka, kao i savremenim (knji\u017eevnim) teorijama i istorijom feminizma. Objavljuje kritiku i esejistiku u \u010dasopisu Polja.<\/p>\n\n\n\n<p><strong>Sanja Petrovi\u0107 Todosijevi\u0107<\/strong> (\u0160abac, 1977) je nau\u010dna saradnica Instituta za noviju istoriju Srbije. Bavi se dru\u0161tvenom istorijom Srbije i Jugoslavije u periodu posle Drugog svetskog rata s posebnim osvrtom na istoriju detinjstva i istoriju obrazovanja kao i istorijom Drugog svetskog rata s posebnim osvrtom na masovne zlo\u010dine i Holokaust kao i politiku kolaboracionisti\u010dke uprave na tlu nema\u010dke okupacione zone u Srbiji. Jedna je od osniva\u010dica Centra za jugoslovenske studije. Aktivna je kao \u010dlanica Inicijative za obnovu Memorijalnog kompleksa \u201eBo\u0161ko Buha\u201c. Napisala je dve monografske studije: <em>Ote\u0107emo svetlost bu\u010dnom vodopadu. Reforma osnovno\u0161kolskog sistema u Srbiji 1944-1959<\/em> (Beograd: Institut za noviju istoriju Srbije, 2018) i <em>Za bezimene. Delatnost UNICEF-a u Federativnoj Narodnoj Republici Jugoslaviji 1947-1954<\/em> (Beograd: Institut za noviju istoriju Srbije, 2008). Zajedno sa <em>Aleksandrom Ili\u0107 Rajkovi\u0107<\/em> uredila je zbornik <em>Bez \u0161kole \u0161ta bi mi?! Ogledi iz istorije obrazovanja u Srbiji i Jugoslaviji od 19. veka do danas<\/em> (Beograd: Institut za noviju istoriju Srbije, Institut za pedagogiju i andragogiju Filozofskog fakulteta Univerziteta u Beogradu, 2021).<\/p>\n\n\n\n<p><strong>Ivana Panteli\u0107<\/strong> je istori\u010darka, zaposlena kao nau\u010dna saradnica u Institutu za savremenu istoriju u Beogradu i jedna je od osniva\u010dica CEJUS-a. Samostalno je objavila monografije <em>Partizanke kao gra\u0111anke \u2013 dru\u0161tvena emancipacija partizanki u Srbiji 1945\u20131953<\/em> i <em>Uspon i pad prve drugarice Jugoslavije, Jovanka Broz i srpska javnst 1952-2013<\/em>. Kao koautorka sa <strong>Danilom \u0160arencem<\/strong> objavila je monografiju <em>Dve polovine se\u0107anja: partizanski dnevnici kao izvor za istoriju Drugog svetskog rata<\/em>.<\/p>\n\n\n\n<hr class=\"wp-block-separator\"\/>\n\n\n\n<p>Izvori:<\/p>\n\n\n\n<figure class=\"wp-block-embed-wordpress wp-block-embed is-type-wp-embed is-provider-dom-omladine-beograda\"><div class=\"wp-block-embed__wrapper\">\n<blockquote class=\"wp-embedded-content\" data-secret=\"kQIuvrnbG7\"><a href=\"https:\/\/domomladine.org\/debate\/tribina-casopis-zenski-pokret-kao-svedocanstvo-jugoslovenskog-feminizma\/\">Tribina: \u010casopis &#8220;\u017denski pokret&#8221; kao svedo\u010danstvo jugoslovenskog feminizma<\/a><\/blockquote><iframe loading=\"lazy\" class=\"wp-embedded-content\" sandbox=\"allow-scripts\" security=\"restricted\" style=\"position: absolute; clip: rect(1px, 1px, 1px, 1px);\" title=\"&#8220;Tribina: \u010casopis &#8220;\u017denski pokret&#8221; kao svedo\u010danstvo jugoslovenskog feminizma&#8221; &#8212; Dom omladine Beograda\" src=\"https:\/\/domomladine.org\/debate\/tribina-casopis-zenski-pokret-kao-svedocanstvo-jugoslovenskog-feminizma\/embed\/#?secret=kQIuvrnbG7\" data-secret=\"kQIuvrnbG7\" width=\"600\" height=\"338\" frameborder=\"0\" marginwidth=\"0\" marginheight=\"0\" scrolling=\"no\"><\/iframe>\n<\/div><\/figure>\n\n\n\n<p><a href=\"https:\/\/www.ikum.org.rs\/lat\/news.php?id=324\">https:\/\/www.ikum.org.rs\/lat\/news.php?id=324<\/a><\/p>\n\n\n\n<p><a href=\"https:\/\/www.facebook.com\/events\/1033890097193476\/\">https:\/\/www.facebook.com\/events\/1033890097193476\/<\/a><\/p>\n\n\n\n<p><a href=\"https:\/\/www.facebook.com\/cejus.jus\">https:\/\/www.facebook.com\/cejus.jus<\/a><\/p>\n\n\n\n<hr class=\"wp-block-separator\"\/>\n","protected":false},"excerpt":{"rendered":"","protected":false},"author":2,"featured_media":30073,"comment_status":"open","ping_status":"open","sticky":false,"template":"","format":"standard","meta":{"_acf_changed":false,"jetpack_post_was_ever_published":false,"_jetpack_newsletter_access":"","_jetpack_dont_email_post_to_subs":false,"_jetpack_newsletter_tier_id":0,"_jetpack_memberships_contains_paywalled_content":false,"_jetpack_memberships_contains_paid_content":false,"footnotes":"","jetpack_publicize_message":"","jetpack_publicize_feature_enabled":true,"jetpack_social_post_already_shared":true,"jetpack_social_options":{"image_generator_settings":{"template":"highway","default_image_id":0,"font":"","enabled":false},"version":2}},"categories":[21,3],"tags":[],"class_list":["post-30072","post","type-post","status-publish","format-standard","has-post-thumbnail","hentry","category-casopisi","category-novosti"],"acf":{"facebook_opis":""},"jetpack_publicize_connections":[],"jetpack_featured_media_url":"https:\/\/i0.wp.com\/historiografija.hr\/wp-content\/uploads\/2022\/02\/zppromocija.jpg?fit=956%2C1422&ssl=1","jetpack_sharing_enabled":true,"jetpack-related-posts":[],"_links":{"self":[{"href":"https:\/\/historiografija.hr\/index.php?rest_route=\/wp\/v2\/posts\/30072","targetHints":{"allow":["GET"]}}],"collection":[{"href":"https:\/\/historiografija.hr\/index.php?rest_route=\/wp\/v2\/posts"}],"about":[{"href":"https:\/\/historiografija.hr\/index.php?rest_route=\/wp\/v2\/types\/post"}],"author":[{"embeddable":true,"href":"https:\/\/historiografija.hr\/index.php?rest_route=\/wp\/v2\/users\/2"}],"replies":[{"embeddable":true,"href":"https:\/\/historiografija.hr\/index.php?rest_route=%2Fwp%2Fv2%2Fcomments&post=30072"}],"version-history":[{"count":1,"href":"https:\/\/historiografija.hr\/index.php?rest_route=\/wp\/v2\/posts\/30072\/revisions"}],"predecessor-version":[{"id":30074,"href":"https:\/\/historiografija.hr\/index.php?rest_route=\/wp\/v2\/posts\/30072\/revisions\/30074"}],"wp:featuredmedia":[{"embeddable":true,"href":"https:\/\/historiografija.hr\/index.php?rest_route=\/wp\/v2\/media\/30073"}],"wp:attachment":[{"href":"https:\/\/historiografija.hr\/index.php?rest_route=%2Fwp%2Fv2%2Fmedia&parent=30072"}],"wp:term":[{"taxonomy":"category","embeddable":true,"href":"https:\/\/historiografija.hr\/index.php?rest_route=%2Fwp%2Fv2%2Fcategories&post=30072"},{"taxonomy":"post_tag","embeddable":true,"href":"https:\/\/historiografija.hr\/index.php?rest_route=%2Fwp%2Fv2%2Ftags&post=30072"}],"curies":[{"name":"wp","href":"https:\/\/api.w.org\/{rel}","templated":true}]}}