{"id":30069,"date":"2022-02-21T22:19:17","date_gmt":"2022-02-21T22:19:17","guid":{"rendered":"http:\/\/historiografija.hr\/?p=30069"},"modified":"2022-02-21T22:19:37","modified_gmt":"2022-02-21T22:19:37","slug":"arhivi-nevidljivih-%d0%b0%d1%80%d1%85%d0%b8%d0%b2%d0%b8-%d0%bd%d0%b0-%d0%bd%d0%b5%d0%b2%d0%b8%d0%b4%d0%bb%d0%b8%d0%b2%d0%b8%d1%82%d0%b5-%d0%b6%d0%b5%d0%bd%d0%b8%d1%82%d0%b5-%d0%b2%d0%be-%d0%bf","status":"publish","type":"post","link":"https:\/\/historiografija.hr\/?p=30069","title":{"rendered":"Arhivi nevidljivih \/ \u0410\u0440\u0445\u0438\u0432\u0438 \u043d\u0430 \u043d\u0435\u0432\u0438\u0434\u043b\u0438\u0432\u0438\u0442\u0435. \u0416\u0435\u043d\u0438\u0442\u0435 \u0432\u043e \u043f\u0435\u0447\u0430\u0442\u043e\u0442 \u043d\u0430 \u0432\u0430\u0440\u0434\u0430\u0440\u0441\u043a\u0430 \u041c\u0430\u043a\u0435\u0434\u043e\u043d\u0438\u0458\u0430 \u043f\u043e\u043c\u0435\u0453\u0443 \u0434\u0432\u0435\u0442\u0435 \u0441\u0432\u0435\u0442\u0441\u043a\u0438 \u0432\u043e\u0458\u043d\u0438 \/ Invisible Archives: Women in the periodicals from Vardar Macedonia between the two world wars"},"content":{"rendered":"\n<p>U izdanju <a rel=\"noreferrer noopener\" href=\"https:\/\/cinikskopje.wordpress.com\/\" target=\"_blank\">Centra za istra\u017eivanje\u00a0nacionalizma i kulture (CINIK) &#8211; Skopje<\/a> objavljena je 2021. godine knjiga <em>\u0410\u0440\u0445\u0438\u0432\u0438 \u043d\u0430 \u043d\u0435\u0432\u0438\u0434\u043b\u0438\u0432\u0438\u0442\u0435. \u0416\u0435\u043d\u0438\u0442\u0435 \u0432\u043e \u043f\u0435\u0447\u0430\u0442\u043e\u0442 \u043d\u0430 \u0432\u0430\u0440\u0434\u0430\u0440\u0441\u043a\u0430 \u041c\u0430\u043a\u0435\u0434\u043e\u043d\u0438\u0458\u0430 \u043f\u043e\u043c\u0435\u0453\u0443 \u0434\u0432\u0435\u0442\u0435 \u0441\u0432\u0435\u0442\u0441\u043a\u0438 \u0432\u043e\u0458\u043d\u0438<\/em> koja je prevedena na engleski pod naslovom <em>Invisible Archives: Women in the periodicals from Vardar Macedonia between the two world wars<\/em>. Oba izdanja &#8211; makedonsko i englesko \u2013 dostupna su u pdf-obliku.<\/p>\n\n\n\n<hr class=\"wp-block-separator\"\/>\n\n\n\n<p>Urednice ovog izdanja su Ivana Hadjievska i Jana Kocevska. Knjiga je proiza\u0161la iz istoimenog istra\u017eiva\u010dkog projekta koji je ujedinio vi\u0161e\u00a0suradnika\/ca u istra\u017eivanju vidljivosti \u017eena u periodici koja je nastala ili cirkulirala na teritoriju Vardarske Makedonije (1918-1941). Knjiga se sastoji od \u010detiri teksta \u010diji su autori afirmirani i relevantni predstavnici humanisti\u010dkih znanosti i knji\u017eevnosti iz Makedonije, kao i Bibliografije i Registra \u017eenskih imena iz istra\u017eivane periodike. Uvod je napisala prof. dr. Nada Bo\u0161kovska (Universit\u00e4t Z\u00fcrich, Historisches Seminar). Knjiga je bila promovirana na\u00a0<a href=\"https:\/\/cinikskopje.wordpress.com\/2021\/11\/07\/invisible-archives-2\/\">konferenciji na temu regionalnih iskustava o arhiviranju i izu\u010davanju \u017eenske historije<\/a>. Na konferenciji su sudjelovale relevantne regionalne predstavnice \u017eenskih studija: Manca Renko, Ivana Panteli\u0107 i Ana Kolari\u0107.\u00a0<\/p>\n\n\n\n<p>Tokom istog projekta, tim je izradio i web platformu za digitalizaciju izvora iz podru\u010dja historije \u017eena iz makedonske povijesti <a rel=\"noreferrer noopener\" href=\"http:\/\/nevidliviarhivi.mk.\" target=\"_blank\">nevidliviarhivi.mk.<\/a>\u00a0<\/p>\n\n\n\n<hr class=\"wp-block-separator\"\/>\n\n\n\n<p><strong>Abstract (na engleskom jeziku):<\/strong><\/p>\n\n\n\n<p><strong>Original title: \u0410\u0440\u0445\u0438\u0432\u0438 \u043d\u0430 \u043d\u0435\u0432\u0438\u0434\u043b\u0438\u0432\u0438\u0442\u0435: \u0416\u0435\u043d\u0438\u0442\u0435 \u0432\u043e \u043f\u0435\u0447\u0430\u0442\u043e\u0442 \u043e\u0434 \u0412\u0430\u0440\u0434\u0430\u0440\u0441\u043a\u0430 \u041c\u0430\u043a\u0435\u0434\u043e\u043d\u0438\u0458\u0430 \u043f\u043e\u043c\u0435\u0453\u0443 \u0434\u0432\u0435\u0442\u0435 \u0441\u0432\u0435\u0442\u0441\u043a\u0438 \u0432\u043e\u0458\u043d\u0438&nbsp;<\/strong><\/p>\n\n\n\n<p>We are mostly interested in the everyday life and reality of urban and rural women on the territory of Vardar Macedonia. More particularly, we examine the changes that the 20th century brought into women&#8217;s lives in a political sense, regarding their visibility in the public sphere. We search for this visibility of women in the press as an explicit type of medium. Our research was focused on three sources of periodical literature covering national and social issues: Illustration Illinden \u2013 a publication of the Ilinden Organization, Lu\u010d \u2013 a monthly review for cultural and social issues, and Smena (Change) a magazine of the Yugoslav students.<\/p>\n\n\n\n<p>&#8212;&#8212;&#8212;&#8212;&#8212;&#8212;&#8212;&#8212;&#8212;&#8212;&#8212;&#8212;&#8212;&#8212;&#8211;<\/p>\n\n\n\n<p><strong>Sadr\u017eaj (na engleskom jeziku):<\/strong><\/p>\n\n\n\n<p>FOREWORD, Nada Bo\u0161kovska<\/p>\n\n\n\n<p><br>INTRODUCTION, Ivana Hadjievska and Jana Kocevska<\/p>\n\n\n\n<p><br>HISTORICAL CONTEXT, Zdravko Stojkoski<br>Social and political circumstances in Vardar Macedonia and the position of women<\/p>\n\n\n\n<p><br>WOMEN&#8217;S HISTORY, Ivana Hadjievska<br>The press and women&#8217;s political activity in Macedonia in the past: themes and examples of women&#8217;s participation in public affairs and politics in the 20th century<\/p>\n\n\n\n<p><br>LITERARY-COMPARATIVE ASPECTS, Manja Veli\u010dkovska, Frosina Kru\u0161karovska<br>The literary representation of women in the press from the interwar period<\/p>\n\n\n\n<p><br>BIBLIOGRAPHY, Compiled by Marina Mijakovska<\/p>\n\n\n\n<p><br>REGISTER OF THE NAMES OF THE WOMEN<br>in the bibliography of the three magazines Illustration Ilinden, Lu\u010d, and Smena<br>Compiled by Jana Kocevska<\/p>\n\n\n\n<p>A REVIEW OF THE PUBLIC POLICIES Biljana Kotevska<br>Gender, history and historiography: towards gender-sensitive policies for setting gender equality and gender visibility as priorities in the development of Macedonian historiography<\/p>\n\n\n\n<hr class=\"wp-block-separator\"\/>\n\n\n\n<p><strong>Linkovi za preuzimanje knjige:&nbsp;<\/strong><strong><\/strong><\/p>\n\n\n\n<p><a href=\"https:\/\/cinikskopje.files.wordpress.com\/2021\/11\/arhivi-na-nevidlivite-mk-za-web.pdf\" target=\"_blank\" rel=\"noreferrer noopener\"><strong>MAKEDONSKI JEZIK: \u0410\u0420\u0425\u0418\u0412\u0418 \u041d\u0410 \u041d\u0415\u0412\u0418\u0414\u041b\u0418\u0412\u0418\u0422\u0415<\/strong><\/a><\/p>\n\n\n\n<p><a rel=\"noreferrer noopener\" href=\"https:\/\/cinikskopje.files.wordpress.com\/2021\/11\/arhivi-na-nevidlivite-ang-za-web.pdf\" target=\"_blank\"><strong>ENGLESKI JEZIK: INVISIBLE ARCHIVES<\/strong><\/a><\/p>\n\n\n\n<hr class=\"wp-block-separator\"\/>\n\n\n\n<figure class=\"wp-block-embed-wordpress wp-block-embed is-type-wp-embed is-provider-historiografija-hr\"><div class=\"wp-block-embed__wrapper\">\n<blockquote class=\"wp-embedded-content\" data-secret=\"Mb9almaLRB\"><a href=\"https:\/\/historiografija.hr\/?p=27986\">\u201cArhivi nevidljivih\u201d \u2013 promocija knjige, regionalna konferencija i izlo\u017eba u Skoplju<\/a><\/blockquote><iframe loading=\"lazy\" class=\"wp-embedded-content\" sandbox=\"allow-scripts\" security=\"restricted\" style=\"position: absolute; clip: rect(1px, 1px, 1px, 1px);\" title=\"&#8220;\u201cArhivi nevidljivih\u201d \u2013 promocija knjige, regionalna konferencija i izlo\u017eba u Skoplju&#8221; &#8212; Historiografija.hr\" src=\"https:\/\/historiografija.hr\/?p=27986&#038;embed=true#?secret=Mb9almaLRB\" data-secret=\"Mb9almaLRB\" width=\"600\" height=\"338\" frameborder=\"0\" marginwidth=\"0\" marginheight=\"0\" scrolling=\"no\"><\/iframe>\n<\/div><\/figure>\n\n\n\n<hr class=\"wp-block-separator\"\/>\n\n\n\n<p><\/p>\n","protected":false},"excerpt":{"rendered":"","protected":false},"author":2,"featured_media":27997,"comment_status":"open","ping_status":"open","sticky":false,"template":"","format":"standard","meta":{"_acf_changed":false,"jetpack_post_was_ever_published":false,"_jetpack_newsletter_access":"","_jetpack_dont_email_post_to_subs":false,"_jetpack_newsletter_tier_id":0,"_jetpack_memberships_contains_paywalled_content":false,"_jetpack_memberships_contains_paid_content":false,"footnotes":"","jetpack_publicize_message":"","jetpack_publicize_feature_enabled":true,"jetpack_social_post_already_shared":true,"jetpack_social_options":{"image_generator_settings":{"template":"highway","default_image_id":0,"font":"","enabled":false},"version":2}},"categories":[19,8,3],"tags":[],"class_list":["post-30069","post","type-post","status-publish","format-standard","has-post-thumbnail","hentry","category-e-knjige","category-knjige","category-novosti"],"acf":{"facebook_opis":""},"jetpack_publicize_connections":[],"jetpack_featured_media_url":"https:\/\/i0.wp.com\/historiografija.hr\/wp-content\/uploads\/2021\/10\/Arhivi.png?fit=972%2C972&ssl=1","jetpack_sharing_enabled":true,"jetpack-related-posts":[],"_links":{"self":[{"href":"https:\/\/historiografija.hr\/index.php?rest_route=\/wp\/v2\/posts\/30069","targetHints":{"allow":["GET"]}}],"collection":[{"href":"https:\/\/historiografija.hr\/index.php?rest_route=\/wp\/v2\/posts"}],"about":[{"href":"https:\/\/historiografija.hr\/index.php?rest_route=\/wp\/v2\/types\/post"}],"author":[{"embeddable":true,"href":"https:\/\/historiografija.hr\/index.php?rest_route=\/wp\/v2\/users\/2"}],"replies":[{"embeddable":true,"href":"https:\/\/historiografija.hr\/index.php?rest_route=%2Fwp%2Fv2%2Fcomments&post=30069"}],"version-history":[{"count":2,"href":"https:\/\/historiografija.hr\/index.php?rest_route=\/wp\/v2\/posts\/30069\/revisions"}],"predecessor-version":[{"id":30071,"href":"https:\/\/historiografija.hr\/index.php?rest_route=\/wp\/v2\/posts\/30069\/revisions\/30071"}],"wp:featuredmedia":[{"embeddable":true,"href":"https:\/\/historiografija.hr\/index.php?rest_route=\/wp\/v2\/media\/27997"}],"wp:attachment":[{"href":"https:\/\/historiografija.hr\/index.php?rest_route=%2Fwp%2Fv2%2Fmedia&parent=30069"}],"wp:term":[{"taxonomy":"category","embeddable":true,"href":"https:\/\/historiografija.hr\/index.php?rest_route=%2Fwp%2Fv2%2Fcategories&post=30069"},{"taxonomy":"post_tag","embeddable":true,"href":"https:\/\/historiografija.hr\/index.php?rest_route=%2Fwp%2Fv2%2Ftags&post=30069"}],"curies":[{"name":"wp","href":"https:\/\/api.w.org\/{rel}","templated":true}]}}