{"id":30058,"date":"2022-02-18T22:28:23","date_gmt":"2022-02-18T22:28:23","guid":{"rendered":"http:\/\/historiografija.hr\/?p=30058"},"modified":"2022-02-21T21:42:01","modified_gmt":"2022-02-21T21:42:01","slug":"sinisa-malesevic-zasto-je-nacionalizam-tako-mocan-socioloska-analiza","status":"publish","type":"post","link":"https:\/\/historiografija.hr\/?p=30058","title":{"rendered":"Sini\u0161a Male\u0161evi\u0107, \u201cZa\u0161to je nacionalizam tako mo\u0107an? Sociolo\u0161ka analiza\u201d"},"content":{"rendered":"\n<p>Globalizacija nije neprijatelj nacionalizma &#8211; naprotiv, ova knjiga pokazuje kako su se te dvije sile zajedno razvijale kroz povijest. Male\u0161evi\u0107 osporava i dominantna stajali\u0161ta koja nacionalizam opisuju kao dru\u0161tvenu snagu u opadanju. Obja\u0161njava za\u0161to nedavne eskalacije populisti\u010dkog nacionalizma diljem svijeta nisu dru\u0161tvena anomalija nego povijesna norma. Imaju\u0107i u vidu sve ja\u010de organizacijske sposobnosti, sve dublju ideolo\u0161ku penetraciju i sve \u0161ire mre\u017ee mikrosolidarnosti, Male\u0161evi\u0107 pokazuje kako se i za\u0161to nacionalizam tako duboko ugradio u svakodnevni \u017eivot. Autor istra\u017euje dru\u0161tvenu dinamiku nacionalizama u Irskoj i na Balkanu, a njegovi nalazi pokazuju da je nacionalizam oja\u010dao i da se nametnuo kao dominantna operativna ideologija modernoga doba.<\/p>\n\n\n\n<hr class=\"wp-block-separator\"\/>\n\n\n\n<p>Nacionalizam je ugra\u0111en u strukturu moderne teritorijalne dr\u017eave, koja se temelji na suverenosti njezina naroda. Male\u0161evi\u0107 tvrdi da \u0107e nacionalizam postojati dok god dr\u017eave imaju granice i dok god pretendiraju na narodni legitimitet. Nacionalizam se tako sljubljuje sa svim ideologijama, bilo lijevim bilo desnim. Male\u0161evi\u0107 nudi dosad najsofisticiraniju analizu bremenitog pitanja nacionalizma.<br>[Randall Collins, Sveu\u010dili\u0161te Pennsylvania]<br><br>Male\u0161evi\u0107 je me\u0111u rijetkim autorima koji su uspje\u0161no povezali makrohistorijska i makrosociolo\u0161ka obja\u0161njenja s mikrosociolo\u0161kim, u jedan integrirani obja\u0161njavaju\u0107i model koji se mo\u017ee primijeniti u razli\u010ditim vremenskim i prostornim okvirima. Taj model se jednako uspje\u0161no primjenjuje na &#8220;male&#8221; i &#8220;velike&#8221; nacije u razli\u010ditim povijesnim fazama. Usto, Male\u0161evi\u0107 na odabranim primjerima, uklju\u010duju\u0107i i hrvatski, vrlo uvjerljivo prikazuje vezu pro\u0161irenja i produbljenja organizacijskih kapaciteta nacija-dr\u017eava i pro\u0161irenja i produbljenja nacionalnih identiteta u posljednjih tridesetak godina.&nbsp;<br>[Sa\u0161a Bo\u017ei\u0107, Sveu\u010dili\u0161te u Zadru]<br><br>Izvrsno napisana, s izvornim i zanimljivim tezama poduprtima relevantnim teorijskim argumentima i relevantnim i ilustrativnim studijama slu\u010dajeva, ova je knjiga znanstveni u\u017eitak i neophodan doprinos akademskim i javnim raspravama o temi nacionalizma u Hrvatskoj i \u0161ire u Europi.<br>[Ana Matan, Sveu\u010dili\u0161te u Zagrebu]<\/p>\n\n\n\n<hr class=\"wp-block-separator\"\/>\n\n\n\n<p><strong>Sini\u0161a Male\u0161evi\u0107<\/strong> je profesor sociologije na dublinskom University Collegeu, \u010dlan Irske Kraljevske akademije i jedan od najistaknutijih teoreti\u010dara nacije u svijetu. U nas su mu objavljene&nbsp;knjige Dr\u017eave-nacije i nacionalizmi (2017), Sociologija rata i nasilja (2011), te Ideologija, legitimnost i nova dr\u017eava &#8211; Jugoslavija, Srbija i Hrvatska (2004).<\/p>\n\n\n\n<hr class=\"wp-block-separator\"\/>\n\n\n\n<p>Nakladnik: JESENSKI I TURK<\/p>\n\n\n\n<p>Godina izdanja: 2021<\/p>\n\n\n\n<p>Broj stranica: 374<\/p>\n\n\n\n<hr class=\"wp-block-separator\"\/>\n\n\n\n<p>Izvor: <\/p>\n\n\n\n<p><a href=\"https:\/\/www.jesenski-turk.hr\/hr\/zasto-je-nacionalizam-tako-mocan-socioloska-analiza-2021-sinisa-malesevic\">https:\/\/www.jesenski-turk.hr\/hr\/zasto-je-nacionalizam-tako-mocan-socioloska-analiza-2021-sinisa-malesevic<\/a><\/p>\n\n\n\n<hr class=\"wp-block-separator\"\/>\n\n\n\n<p>Odjeci:<\/p>\n\n\n\n<p><strong>Za\u0161to je nacionalizam tako mo\u0107an?<\/strong><\/p>\n\n\n\n<p><a href=\"https:\/\/historiografija.ba\/article.php?id=921\">https:\/\/historiografija.ba\/article.php?id=921<\/a><\/p>\n\n\n\n<hr class=\"wp-block-separator\"\/>\n","protected":false},"excerpt":{"rendered":"","protected":false},"author":2,"featured_media":30059,"comment_status":"open","ping_status":"open","sticky":false,"template":"","format":"standard","meta":{"_acf_changed":false,"jetpack_post_was_ever_published":false,"_jetpack_newsletter_access":"","_jetpack_dont_email_post_to_subs":false,"_jetpack_newsletter_tier_id":0,"_jetpack_memberships_contains_paywalled_content":false,"_jetpack_memberships_contains_paid_content":false,"footnotes":"","jetpack_publicize_message":"","jetpack_publicize_feature_enabled":true,"jetpack_social_post_already_shared":true,"jetpack_social_options":{"image_generator_settings":{"template":"highway","default_image_id":0,"font":"","enabled":false},"version":2}},"categories":[8,3],"tags":[],"class_list":["post-30058","post","type-post","status-publish","format-standard","has-post-thumbnail","hentry","category-knjige","category-novosti"],"acf":{"facebook_opis":""},"jetpack_publicize_connections":[],"jetpack_featured_media_url":"https:\/\/i0.wp.com\/historiografija.hr\/wp-content\/uploads\/2022\/02\/nacionalizam.jpg?fit=230%2C352&ssl=1","jetpack_sharing_enabled":true,"jetpack-related-posts":[],"_links":{"self":[{"href":"https:\/\/historiografija.hr\/index.php?rest_route=\/wp\/v2\/posts\/30058","targetHints":{"allow":["GET"]}}],"collection":[{"href":"https:\/\/historiografija.hr\/index.php?rest_route=\/wp\/v2\/posts"}],"about":[{"href":"https:\/\/historiografija.hr\/index.php?rest_route=\/wp\/v2\/types\/post"}],"author":[{"embeddable":true,"href":"https:\/\/historiografija.hr\/index.php?rest_route=\/wp\/v2\/users\/2"}],"replies":[{"embeddable":true,"href":"https:\/\/historiografija.hr\/index.php?rest_route=%2Fwp%2Fv2%2Fcomments&post=30058"}],"version-history":[{"count":2,"href":"https:\/\/historiografija.hr\/index.php?rest_route=\/wp\/v2\/posts\/30058\/revisions"}],"predecessor-version":[{"id":30065,"href":"https:\/\/historiografija.hr\/index.php?rest_route=\/wp\/v2\/posts\/30058\/revisions\/30065"}],"wp:featuredmedia":[{"embeddable":true,"href":"https:\/\/historiografija.hr\/index.php?rest_route=\/wp\/v2\/media\/30059"}],"wp:attachment":[{"href":"https:\/\/historiografija.hr\/index.php?rest_route=%2Fwp%2Fv2%2Fmedia&parent=30058"}],"wp:term":[{"taxonomy":"category","embeddable":true,"href":"https:\/\/historiografija.hr\/index.php?rest_route=%2Fwp%2Fv2%2Fcategories&post=30058"},{"taxonomy":"post_tag","embeddable":true,"href":"https:\/\/historiografija.hr\/index.php?rest_route=%2Fwp%2Fv2%2Ftags&post=30058"}],"curies":[{"name":"wp","href":"https:\/\/api.w.org\/{rel}","templated":true}]}}