{"id":30047,"date":"2022-02-18T22:00:05","date_gmt":"2022-02-18T22:00:05","guid":{"rendered":"http:\/\/historiografija.hr\/?p=30047"},"modified":"2022-02-18T22:00:05","modified_gmt":"2022-02-18T22:00:05","slug":"world-fairs-and-the-global-moulding-of-national-identities-international-exhibitions-as-cultural-platforms-1851-1958","status":"publish","type":"post","link":"https:\/\/historiografija.hr\/?p=30047","title":{"rendered":"World Fairs and the Global Moulding of National Identities: International Exhibitions as Cultural Platforms, 1851\u20131958"},"content":{"rendered":"\n<p>Edited by Joep Leerssen and Eric Storm<\/p>\n\n\n\n<hr class=\"wp-block-separator\"\/>\n\n\n\n<p>This volume examines the role of the broad variety of international exhibitions between 1851 and 1958 in two programmatic essays and twelve case studies, covering not just France and the United States, but also, among others, Sweden, Romania, Colombia, Japan and the nascent European Community.<br><br>World fairs were global platforms for the construction of national identities. The mix of national self-profiling and commercial exoticism turned the nation into a \u201cbrand\u201d, while reframing the nation-state from its nineteenth-century positioning amidst neighbouring enemies towards being a competitor in a global, consumer-oriented trade and entertainment economy. By presenting national identities in \u201cbanal\u201d form as feelgood factors, world fairs helped the nation to maintain its grassroots appeal across the century of totalitarianism and internationalism.<br><br>Contributors are: Joep Leerssen, Eric Storm, Florian Gro\u00df, Anthony Swift, Cosmin Minea, Claire Hendren, Taka Oshikiri, Robert W. Rydell, Sven Schuster, Miriam Oesterreich, Bartosz Dziewanowski-Stefa\u0144czyk, Christina Romlid, Jonathan Voges, and Anastasia Remes.<\/p>\n\n\n\n<hr class=\"wp-block-separator\"\/>\n\n\n\n<p><strong>Joep Leerssen<\/strong> is Professor of Modern European Literature at the University of Amsterdam. Among his recent publications are <em>National Thought in Europe: A Cultural History<\/em> (2018) and the <em>Encyclopedia of Romantic Nationalism in Europe<\/em>(2018).<br><br><strong>Eric Storm<\/strong> is Senior Lecturer in European History at Leiden University. He is author of <em>The Culture of Regionalism: Art, Architecture and International Exhibitions<\/em> (2010) and co-editor of <em>Writing the History of Nationalism<\/em> (2019).<\/p>\n\n\n\n<hr class=\"wp-block-separator\"\/>\n\n\n\n<p><strong>Table of contents<\/strong><\/p>\n\n\n\n<p>List of Illustrations<br>Notes on Contributors<br><br><strong>Introduction<\/strong><br>\u2003 <em>Eric Storm and Joep Leerssen<\/em><br>1 <strong>Trademarking the Nation: World Fairs, Spectacles, and the Banalization of Nationalism<\/strong><br>\u2003 <em>Joep Leerssen<\/em><br>2 <strong>The Transnational Construction of National Identities: A Classification of National Pavilions at World Fairs<\/strong><br>\u2003 <em>Eric Storm<\/em><br>3 <strong>From the New York Crystal Palace to the World of Tomorrow: World Fairs as a Transnational Series<\/strong><br>\u2003 <em>Florian Gro\u00df<\/em><br>4 <strong>Russian National Identity at World Fairs, 1851\u20131900<\/strong><br>\u2003 <em>Anthony Swift<\/em><br>5 <strong>Roma Musicians, Folk Art and Traditional Food from Romania at the Paris World Fairs of 1889 and 1900<\/strong><br>\u2003 <em>Cosmin Minea<\/em><br>6 <strong>Portraying France: French Art in American World Fairs, 1893\u20131915<\/strong><br>\u2003 <em>Claire Hendren<\/em><br>7 <strong>Selling Tea as Japanese History: Culture, Consumption and International Expositions, 1873\u2013191<\/strong><br>\u2003 <em>Taka Oshikiri<\/em><br>8 <strong>Self Becomes Nation: Sol Bloom and America\u2019s World Fairs, 1893\u20131939<\/strong><br>\u2003 <em>Robert W. Rydell<\/em><br>9 <strong>Colombia in the Age of Exhibitions: Envisioning the Nation in a Global Context, 1892\u20131929<\/strong><br>\u2003 <em>Sven Schuster<\/em><br>10 <strong>Displaying the \u201cMexican\u201d National Identity and Transnational Entanglements at the New York World\u2019s Fair, 1939\u201340<\/strong><br>\u2003 <em>Miriam Oesterreich<\/em><br>11 <strong>World Fairs as Tools of Diplomacy: Interwar Poland<\/strong><br>\u2003 <em>Bartosz Dziewanowski-Stefa\u0144czyk<\/em><br>12 <strong>Promoting Sweden: The Socioeconomic Section of the Swedish Pavilion Display at the 1937 World Fair in Paris<\/strong><br>\u2003 <em>Christina Romlid<\/em><br>13 <strong>The International Institute for Intellectual Co-Operation at the World Fair 1937 in Paris: Profiling Internationalism in a \u201cHyper-Nationalistic\u201d Context?<\/strong><br>\u2003 <em>Jonathan Voges<\/em><br>14 <strong>Exhibiting European Integration at Expo 58: The European Coal and Steel Community Pavilion<\/strong><br>\u2003 <em>Anastasia Remes<\/em><br><br><strong>Index<\/strong><\/p>\n\n\n\n<hr class=\"wp-block-separator\"\/>\n\n\n\n<p><a href=\"https:\/\/brill.com\/view\/title\/61148\">https:\/\/brill.com\/view\/title\/61148<\/a><\/p>\n\n\n\n<hr class=\"wp-block-separator\"\/>\n","protected":false},"excerpt":{"rendered":"","protected":false},"author":2,"featured_media":30048,"comment_status":"open","ping_status":"open","sticky":false,"template":"","format":"standard","meta":{"_acf_changed":false,"jetpack_post_was_ever_published":false,"_jetpack_newsletter_access":"","_jetpack_dont_email_post_to_subs":false,"_jetpack_newsletter_tier_id":0,"_jetpack_memberships_contains_paywalled_content":false,"_jetpack_memberships_contains_paid_content":false,"footnotes":"","jetpack_publicize_message":"","jetpack_publicize_feature_enabled":true,"jetpack_social_post_already_shared":true,"jetpack_social_options":{"image_generator_settings":{"template":"highway","default_image_id":0,"font":"","enabled":false},"version":2}},"categories":[8,3],"tags":[],"class_list":["post-30047","post","type-post","status-publish","format-standard","has-post-thumbnail","hentry","category-knjige","category-novosti"],"acf":{"facebook_opis":""},"jetpack_publicize_connections":[],"jetpack_featured_media_url":"https:\/\/i0.wp.com\/historiografija.hr\/wp-content\/uploads\/2022\/02\/Fairs.jpg?fit=300%2C452&ssl=1","jetpack_sharing_enabled":true,"jetpack-related-posts":[{"id":52679,"url":"https:\/\/historiografija.hr\/?p=52679","url_meta":{"origin":30047,"position":0},"title":"CfP: CHOSEN NATION(S): HISTORICAL AND CULTURAL INTERPRETATIONS OF EXCEPTIONALISM, BUDAPEST, 10TH\u201311TH JUNE 2026 (DEADLINE: 1ST MAY 2026)","author":"Branimir Jankovi\u0107","date":"27. travnja 2026.","format":false,"excerpt":"The Ludovika University of Public Service (NKE) and the Jewish Theological Seminary \u2013 University of Jewish Studies (OR-ZSE) are pleased to announce a joint academic conference on \u201cChosen Nation(s): Historical and Cultural Interpretations of Exceptionalism\u201d, to be held in Budapest, Hungary. Chosen Nation(s): Historical and Cultural Interpretations of Exceptionalism Keynote\u2026","rel":"","context":"U &quot;Novosti&quot;","block_context":{"text":"Novosti","link":"https:\/\/historiografija.hr\/?cat=3"},"img":{"alt_text":"","src":"https:\/\/i0.wp.com\/historiografija.hr\/wp-content\/uploads\/2017\/10\/hsozkult.png?fit=1006%2C241&ssl=1&resize=350%2C200","width":350,"height":200,"srcset":"https:\/\/i0.wp.com\/historiografija.hr\/wp-content\/uploads\/2017\/10\/hsozkult.png?fit=1006%2C241&ssl=1&resize=350%2C200 1x, https:\/\/i0.wp.com\/historiografija.hr\/wp-content\/uploads\/2017\/10\/hsozkult.png?fit=1006%2C241&ssl=1&resize=525%2C300 1.5x, https:\/\/i0.wp.com\/historiografija.hr\/wp-content\/uploads\/2017\/10\/hsozkult.png?fit=1006%2C241&ssl=1&resize=700%2C400 2x"},"classes":[]},{"id":52677,"url":"https:\/\/historiografija.hr\/?p=52677","url_meta":{"origin":30047,"position":1},"title":"CfP: NAVIGATING THE PAST, FACING THE PRESENT: CHALLENGES AND OPPORTUNITIES IN RE-PRESENTING CONFLICTS AND VIOLENCE IN MEMORY AND EDUCATION INSTITUTIONS, WARSAW, 22ND\u201324TH OCTOBER 2026 (DEADLINE: 30TH APRIL 2026)","author":"Branimir Jankovi\u0107","date":"27. travnja 2026.","format":false,"excerpt":"The conference and graduate workshop (October 22-24, 2026, Warsaw) addresses the representation of history in public and institutional contexts, with a focus beyond the often-studied field of \u201cmemory culture\u201d. Rather than emphasizing the politicization of memory and cultural institutions, the discussion shifts toward new methods, media, and challenges in historical\u2026","rel":"","context":"U &quot;Novosti&quot;","block_context":{"text":"Novosti","link":"https:\/\/historiografija.hr\/?cat=3"},"img":{"alt_text":"","src":"https:\/\/i0.wp.com\/historiografija.hr\/wp-content\/uploads\/2017\/10\/hsozkult.png?fit=1006%2C241&ssl=1&resize=350%2C200","width":350,"height":200,"srcset":"https:\/\/i0.wp.com\/historiografija.hr\/wp-content\/uploads\/2017\/10\/hsozkult.png?fit=1006%2C241&ssl=1&resize=350%2C200 1x, https:\/\/i0.wp.com\/historiografija.hr\/wp-content\/uploads\/2017\/10\/hsozkult.png?fit=1006%2C241&ssl=1&resize=525%2C300 1.5x, https:\/\/i0.wp.com\/historiografija.hr\/wp-content\/uploads\/2017\/10\/hsozkult.png?fit=1006%2C241&ssl=1&resize=700%2C400 2x"},"classes":[]},{"id":52625,"url":"https:\/\/historiografija.hr\/?p=52625","url_meta":{"origin":30047,"position":2},"title":"Omer Bartov, \u201eIsrael: What Went Wrong?\u201c","author":"Branimir Jankovi\u0107","date":"23. travnja 2026.","format":false,"excerpt":"Professor Omer Bartov was born on a kibbutz, grew up in Tel Aviv and served in the Israel Defence Forces during the Yom Kippur War. He went on to become an expert on the German army and the Holocaust, before turning his attention to his native country.In Israel: What Went\u2026","rel":"","context":"U &quot;Knjige&quot;","block_context":{"text":"Knjige","link":"https:\/\/historiografija.hr\/?cat=8"},"img":{"alt_text":"","src":"https:\/\/i0.wp.com\/historiografija.hr\/wp-content\/uploads\/2026\/04\/Bartov.jpeg?fit=320%2C500&ssl=1&resize=350%2C200","width":350,"height":200},"classes":[]},{"id":52531,"url":"https:\/\/historiografija.hr\/?p=52531","url_meta":{"origin":30047,"position":3},"title":"Jonathan G. Leslie, \u201eFear and Insecurity: Israel and the Iran Threat Narrative\u201c","author":"Branimir Jankovi\u0107","date":"17. travnja 2026.","format":false,"excerpt":"Why is Israel\u2019s former ally Iran now perceived as the country\u2019s greatest threat? Description To observers of the Iran-Israel conflict, its vitriolic rhetoric might suggest an ancient hatred between Jews and Muslims\u2013a biblical feud dating back hundreds, or thousands, of years. But this rivalry is a far more modern development.\u2026","rel":"","context":"U &quot;Knjige&quot;","block_context":{"text":"Knjige","link":"https:\/\/historiografija.hr\/?cat=8"},"img":{"alt_text":"","src":"https:\/\/i0.wp.com\/historiografija.hr\/wp-content\/uploads\/2026\/04\/Leslie.jpg?fit=391%2C612&ssl=1&resize=350%2C200","width":350,"height":200},"classes":[]},{"id":52622,"url":"https:\/\/historiografija.hr\/?p=52622","url_meta":{"origin":30047,"position":4},"title":"Annual CAPONEU conference: Political Novel in Europe Between Democracy and Authoritarianism","author":"Branimir Jankovi\u0107","date":"23. travnja 2026.","format":false,"excerpt":"Caponeu event 22.04.2026 - 24.04.2026 Location: The Faculty of Polish and Classical Philology AMU (Fredry 10, Pozna\u0144)Organized by: Tomasz Mizerkiewicz, Krystyna Pieni\u0105\u017cek-Markovi\u0107, Anna Gawarecka, Ewa Szperlik, Magda Potok, B\u0142a\u017cej Warkocki, Gerard Ronge (all Adam Mickiewicz University in Pozna\u0144)Contact: gerron@amu.edu.pl The Adam Mickiewicz University team, as part of the international CAPONEU\u2026","rel":"","context":"U &quot;Novosti&quot;","block_context":{"text":"Novosti","link":"https:\/\/historiografija.hr\/?cat=3"},"img":{"alt_text":"","src":"https:\/\/i0.wp.com\/historiografija.hr\/wp-content\/uploads\/2026\/04\/Caponeu-political-novel.jpg?fit=500%2C261&ssl=1&resize=350%2C200","width":350,"height":200},"classes":[]},{"id":52641,"url":"https:\/\/historiografija.hr\/?p=52641","url_meta":{"origin":30047,"position":5},"title":"CfP: WHO OWNS THE PAST? VERNACULAR MEMORY, STATE MEMORY, AND THE POLITICS OF OWNERSHIP","author":"Branimir Jankovi\u0107","date":"24. travnja 2026.","format":false,"excerpt":"VIENNA, 31ST AUGUST\u20133RD SEPTEMBER 2026 (DEADLINE: 24TH APRIL 2026) The Center for Austrian Studies at the European Forum at the Hebrew University and the Austrian Academy of Sciences\/Institute of Culture Studies invite early postdocs, PhD candidates, and advanced Master\u2019s students from the Hebrew University of Jerusalem and universities and academic\u2026","rel":"","context":"U &quot;Novosti&quot;","block_context":{"text":"Novosti","link":"https:\/\/historiografija.hr\/?cat=3"},"img":{"alt_text":"","src":"https:\/\/i0.wp.com\/historiografija.hr\/wp-content\/uploads\/2017\/10\/hsozkult.png?fit=1006%2C241&ssl=1&resize=350%2C200","width":350,"height":200,"srcset":"https:\/\/i0.wp.com\/historiografija.hr\/wp-content\/uploads\/2017\/10\/hsozkult.png?fit=1006%2C241&ssl=1&resize=350%2C200 1x, https:\/\/i0.wp.com\/historiografija.hr\/wp-content\/uploads\/2017\/10\/hsozkult.png?fit=1006%2C241&ssl=1&resize=525%2C300 1.5x, https:\/\/i0.wp.com\/historiografija.hr\/wp-content\/uploads\/2017\/10\/hsozkult.png?fit=1006%2C241&ssl=1&resize=700%2C400 2x"},"classes":[]}],"_links":{"self":[{"href":"https:\/\/historiografija.hr\/index.php?rest_route=\/wp\/v2\/posts\/30047","targetHints":{"allow":["GET"]}}],"collection":[{"href":"https:\/\/historiografija.hr\/index.php?rest_route=\/wp\/v2\/posts"}],"about":[{"href":"https:\/\/historiografija.hr\/index.php?rest_route=\/wp\/v2\/types\/post"}],"author":[{"embeddable":true,"href":"https:\/\/historiografija.hr\/index.php?rest_route=\/wp\/v2\/users\/2"}],"replies":[{"embeddable":true,"href":"https:\/\/historiografija.hr\/index.php?rest_route=%2Fwp%2Fv2%2Fcomments&post=30047"}],"version-history":[{"count":1,"href":"https:\/\/historiografija.hr\/index.php?rest_route=\/wp\/v2\/posts\/30047\/revisions"}],"predecessor-version":[{"id":30049,"href":"https:\/\/historiografija.hr\/index.php?rest_route=\/wp\/v2\/posts\/30047\/revisions\/30049"}],"wp:featuredmedia":[{"embeddable":true,"href":"https:\/\/historiografija.hr\/index.php?rest_route=\/wp\/v2\/media\/30048"}],"wp:attachment":[{"href":"https:\/\/historiografija.hr\/index.php?rest_route=%2Fwp%2Fv2%2Fmedia&parent=30047"}],"wp:term":[{"taxonomy":"category","embeddable":true,"href":"https:\/\/historiografija.hr\/index.php?rest_route=%2Fwp%2Fv2%2Fcategories&post=30047"},{"taxonomy":"post_tag","embeddable":true,"href":"https:\/\/historiografija.hr\/index.php?rest_route=%2Fwp%2Fv2%2Ftags&post=30047"}],"curies":[{"name":"wp","href":"https:\/\/api.w.org\/{rel}","templated":true}]}}