{"id":30044,"date":"2022-02-18T21:52:36","date_gmt":"2022-02-18T21:52:36","guid":{"rendered":"http:\/\/historiografija.hr\/?p=30044"},"modified":"2022-02-18T21:52:36","modified_gmt":"2022-02-18T21:52:36","slug":"the-matica-and-beyond-cultural-associations-and-nationalism-in-europe","status":"publish","type":"post","link":"https:\/\/historiografija.hr\/?p=30044","title":{"rendered":"The Matica and Beyond: Cultural Associations and Nationalism in Europe"},"content":{"rendered":"\n<p>Edited by Krisztina Lajosi and Andreas Stynen<\/p>\n\n\n\n<hr class=\"wp-block-separator\"\/>\n\n\n\n<p>Nineteenth-century national movements perceived the nation as a community defined by language, culture and history. Part of the infrastructure to spread this view of the nation were institutions publishing literary and scientific texts in the national language. Starting with the <em>Matica srpska<\/em> (Pest, 1826), a particular kind of society was established in several parts of the Habsburg Empire \u2013 inspiring each other, but with often major differences in activities, membership and financing. Outside of the Slavic world analogues institutions played a similar key role in the early stages of national revival in Europe. <em>The Matica and Beyond<\/em> is the first concerted attempt to comparatively investigate both the specificity and commonality of these cultural associations, bringing together cases from differing regional, political and social circumstances.<br><br>Contributors are: Daniel Baric, Benjamin Bossaert, Marijan Dovi\u0107, Liljana Gushevska, J\u00f6rg Hackmann, Rois\u00edn Higgins, Alfonso Iglesias Amor\u00edn, Dagmar Kro\u010danov\u00e1, Joep Leerssen, Marion L\u00f6ffler, Philippe Martel, Alexei Miller, Xos\u00e9 M. N\u00fa\u00f1ez Seixas, Iryna Orlevych, Magdal\u00e9na Pokorn\u00e1, Milo\u0161 \u0158ezn\u00edk, Jan Rock, Diliara M. Usmanova, and Zsuzsanna Varga.<\/p>\n\n\n\n<hr class=\"wp-block-separator\"\/>\n\n\n\n<p><strong>Dr. Krisztina Lajosi<\/strong> is a Senior Lecturer in Modern European Culture at the Department of European Studies of the Universiteit van Amsterdam. Her research area is nationalism and transnationalism studies, focusing on the intersections between history, media and political thought.<br><br><strong>Dr. Andreas Stynen<\/strong> is postdoctoral assistant at KU Leuven, Research Group for Cultural History since 1750. Mainly studying the history of urbanism and national movements, he has also published on musical culture, transatlantic migration and practices of remembrance.<\/p>\n\n\n\n<hr class=\"wp-block-separator\"\/>\n\n\n\n<p><strong>Table of contents<\/strong><\/p>\n\n\n\n<p>\u2003Acknowledgements<br>\u2003List of Figures<br>\u2003Notes on Contributors<br><br>\u2003Introduction<br>\u2003\u2003 <em>Joep Leerssen<\/em><br><br>\u20031 The Buda University Press and National Awakenings in Habsburg Austria<br>\u2003\u2003 <em>Zsuzsanna Varga<\/em><br><br>\u20032 The Matice \u010cesk\u00e1<br>\u2003\u2003 <em>Magdal\u00e9na Pokorn\u00e1<\/em><br><br>\u20033 The Slovak Matica, Its Precursors and Its Legacy<br>\u2003\u2003 <em>Benjamin Bossaert and Dagmar Kro\u010danov\u00e1<\/em><br><br>\u20034 The Matica in an Ethnic-Regional Context: Sorbian Lusatia and Czech Silesia in Comparison<br>\u2003\u2003 <em>Milo\u0161 \u0158ezn\u00edk<\/em><br><br>\u20035 The Slovenian Matica: The \u2018Foundation-Stone\u2019<br>\u2003\u2003 <em>Marijan Dovi\u0107<\/em><br><br>\u20036 Framing a Regional Matica, from Dalmatian to Croatian<br>\u2003\u2003 <em>Daniel Baric<\/em><br><br>\u20037 Macedonian Societies in the Balkan Context<br>\u2003\u2003 <em>Liljana Gushevska<\/em><br><br>\u20038 Language, Cultural Associations, and the Origins of Galician Nationalism, 1840\u20131918<br>\u2003\u2003 <em>Xos\u00e9 M. N\u00fa\u00f1ez Seixas and Alfonso Iglesias Amor\u00edn<\/em><br><br>\u20039 F\u00e9librige, or the Impossible Occitan Nation<br>\u2003\u2003 <em>Philippe Martel<\/em><br><br>\u200310 Educational, Scholarly, and Literary Societies in Dutch-speaking Regions, 1766\u20131886<br>\u2003\u2003 <em>Jan Rock<\/em><br><br>\u200311 A Century of Change: The Eisteddfod and Welsh Cultural Nationalism<br>\u2003\u2003 <em>Marion L\u00f6ffler<\/em><br><br>\u200312 \u201cRacy of the Soil\u201d: Young Ireland and the Cultural Production of Nationhood<br>\u2003\u2003 <em>Rois\u00edn Higgins<\/em><br><br>\u200313 Competing National Movements: School Associations and Cultural Nationalism in the Baltic Region<br>\u2003\u2003 <em>J\u00f6rg Hackmann<\/em><br><br>\u200314 The Galician-Ruthenian Matica (1848\u20131939)<br>\u2003\u2003 <em>Iryna Orlevych<\/em><br><br>\u200315 Tatar Cultural and Educational Organizations and Charities: Muslim Self-Organization in the Russian Empire<br>\u2003\u2003 <em>Diliara M. Usmanova<\/em><br><br>\u2003Afterword: The Maticas in a World of Empires<br>\u2003\u2003 <em>Alexei Miller<\/em><br><br>\u2003Index<\/p>\n\n\n\n<hr class=\"wp-block-separator\"\/>\n\n\n\n<p><a href=\"https:\/\/brill.com\/view\/title\/56043\">https:\/\/brill.com\/view\/title\/56043<\/a><\/p>\n\n\n\n<hr class=\"wp-block-separator\"\/>\n","protected":false},"excerpt":{"rendered":"","protected":false},"author":2,"featured_media":30045,"comment_status":"open","ping_status":"open","sticky":false,"template":"","format":"standard","meta":{"_acf_changed":false,"jetpack_post_was_ever_published":false,"_jetpack_newsletter_access":"","_jetpack_dont_email_post_to_subs":false,"_jetpack_newsletter_tier_id":0,"_jetpack_memberships_contains_paywalled_content":false,"_jetpack_memberships_contains_paid_content":false,"footnotes":"","jetpack_publicize_message":"","jetpack_publicize_feature_enabled":true,"jetpack_social_post_already_shared":true,"jetpack_social_options":{"image_generator_settings":{"template":"highway","default_image_id":0,"font":"","enabled":false},"version":2}},"categories":[8,3],"tags":[],"class_list":["post-30044","post","type-post","status-publish","format-standard","has-post-thumbnail","hentry","category-knjige","category-novosti"],"acf":{"facebook_opis":""},"jetpack_publicize_connections":[],"jetpack_featured_media_url":"https:\/\/i0.wp.com\/historiografija.hr\/wp-content\/uploads\/2022\/02\/Matica.jpg?fit=300%2C452&ssl=1","jetpack_sharing_enabled":true,"jetpack-related-posts":[],"_links":{"self":[{"href":"https:\/\/historiografija.hr\/index.php?rest_route=\/wp\/v2\/posts\/30044","targetHints":{"allow":["GET"]}}],"collection":[{"href":"https:\/\/historiografija.hr\/index.php?rest_route=\/wp\/v2\/posts"}],"about":[{"href":"https:\/\/historiografija.hr\/index.php?rest_route=\/wp\/v2\/types\/post"}],"author":[{"embeddable":true,"href":"https:\/\/historiografija.hr\/index.php?rest_route=\/wp\/v2\/users\/2"}],"replies":[{"embeddable":true,"href":"https:\/\/historiografija.hr\/index.php?rest_route=%2Fwp%2Fv2%2Fcomments&post=30044"}],"version-history":[{"count":1,"href":"https:\/\/historiografija.hr\/index.php?rest_route=\/wp\/v2\/posts\/30044\/revisions"}],"predecessor-version":[{"id":30046,"href":"https:\/\/historiografija.hr\/index.php?rest_route=\/wp\/v2\/posts\/30044\/revisions\/30046"}],"wp:featuredmedia":[{"embeddable":true,"href":"https:\/\/historiografija.hr\/index.php?rest_route=\/wp\/v2\/media\/30045"}],"wp:attachment":[{"href":"https:\/\/historiografija.hr\/index.php?rest_route=%2Fwp%2Fv2%2Fmedia&parent=30044"}],"wp:term":[{"taxonomy":"category","embeddable":true,"href":"https:\/\/historiografija.hr\/index.php?rest_route=%2Fwp%2Fv2%2Fcategories&post=30044"},{"taxonomy":"post_tag","embeddable":true,"href":"https:\/\/historiografija.hr\/index.php?rest_route=%2Fwp%2Fv2%2Ftags&post=30044"}],"curies":[{"name":"wp","href":"https:\/\/api.w.org\/{rel}","templated":true}]}}