{"id":30031,"date":"2022-02-17T19:06:16","date_gmt":"2022-02-17T19:06:16","guid":{"rendered":"http:\/\/historiografija.hr\/?p=30031"},"modified":"2022-02-21T23:08:26","modified_gmt":"2022-02-21T23:08:26","slug":"izlozba-andreja-kuluncic-vi-ste-partiju-izdale-onda-kada-je-trebalo-da-joj-pomognete","status":"publish","type":"post","link":"https:\/\/historiografija.hr\/?p=30031","title":{"rendered":"Izlo\u017eba &#8211; Andreja Kulun\u010di\u0107: Vi ste Partiju izdale onda kada je trebalo da joj pomognete"},"content":{"rendered":"\n<p><strong>Muzej moderne i suvremene umjetnosti u Rijeci, 22.2.\u201320.3.2022.<\/strong><\/p>\n\n\n\n<hr class=\"wp-block-separator\"\/>\n\n\n\n<p>U utorak, 22. velja\u010de 2022., otvara se izlo\u017eba <strong>Andreje Kulun\u010di\u0107<\/strong> <em>Vi ste Partiju izdale onda kada je trebalo da joj pomognete<\/em>. Kustosice izlo\u017ebe su<strong> Irena Beki\u0107<\/strong> i <strong>Anca Verona Mihule\u021b<\/strong>, a glavne suradnice na projektu<strong> Renata Jambre\u0161i\u0107 Kirin<\/strong>, antropologinja i <strong>Dubravka Stija\u010di\u0107<\/strong>, psihoterapeutkinja.<\/p>\n\n\n\n<p>Umjetni\u010dko-istra\u017eiva\u010dko-aktivisti\u010dkim projektom <em>Vi ste Partiju izdale onda kada je trebalo da joj pomognete<\/em>, vizualna umjetnica Andreja Kulun\u010di\u0107 reagira na \u010dinjenicu da su u dominantnom povijesnom narativu o politi\u010dkom logoru Goli otok, kao i u javnom govoru o njemu, u potpunosti&nbsp; zanemarene specifi\u010dnosti \u017eenskog iskustva traume. Re\u017eim u logorima za politi\u010dke zatvorenice sustavno je ugro\u017eavao njihovo reproduktivno zdravlje, osje\u0107aj eti\u010dke odgovornosti i skrbi za druge te isklju\u010divao njihove spolne specifi\u010dnosti. Ka\u017enjenice su prisiljavane da ka\u017enjavaju, nadziru i islje\u0111uju jedna drugu, \u0161to je, uz te\u017eak rad, rezultiralo dubokom traumom i dugogodi\u0161njom \u0161utnjom \u017eena. U suradnji s feministi\u010dkom antropologinjom Renatom Jambre\u0161i\u0107 Kirin i psihoterapeutkinjom Dubravkom Stija\u010di\u0107, Andreja Kulun\u010di\u0107 zahva\u0107a ovaj kompleksni problem strate\u0161ki razvijaju\u0107i projekt kroz nekoliko dionica i smjerova.<\/p>\n\n\n\n<p>Kroz prostorne umjetni\u010dke intervencije na lokalitetima Golog otoka i Svetog Grgura, izlo\u017ebe, web stranicu, publikacije te nizom radionica, \u010ditateljskih grupa i razgovora, nastoji dekonstruirati hotimi\u010dnu amneziju \u017eenske povijesti Golog otoka i Svetog Grgura te otvoriti prolaz pam\u0107enju.<\/p>\n\n\n\n<p>Izlo\u017eba u MMSU-u proizi\u0161la je iz projekta i fokusira se na transformaciju \u017eenskog tijela podvrgnutog ugnjetavanju ili traumi. Osmi\u0161ljena da generira proces koji se razvija kao iskustvo posjetitelja, ne zaokru\u017euje se u rekonstrukciji represije nad logora\u0161icama, ve\u0107 se rizomatski \u0161iri i grana i izvan prostora i vremena izlo\u017ebe, pri \u010demu su upravo sje\u0107anja biv\u0161ih zatvorenica krhka baza za konsolidaciju osporene povijesti.<\/p>\n\n\n\n<p>Izlo\u017eba \u0107e na dan otvorenja <strong>22. velja\u010de<\/strong> biti otvorena <strong>od 14 sati<\/strong>, a tijekom popodneva odr\u017eat \u0107e se program prema sljede\u0107em rasporedu:<br><strong>15 \u2013 16:30 sati<\/strong>: radionica <em>850 \u017eena za 850 \u017eena<\/em> (radionica je namijenjena \u017eenama)<br><strong>18 sati<\/strong>: okrugli stol <em>\u017denska strana Golog otoka<\/em> (sudionice: Irena Beki\u0107, Renata Jambre\u0161i\u0107 Kirin, Andreja Kulun\u010di\u0107, Anca Verona Mihule\u021b, Dubravka Stija\u010di\u0107)<br><strong>19 sati<\/strong>: otvorenje<\/p>\n\n\n\n<p>U MMSU (Dvorana Jaslice) tijekom izlo\u017ebe odr\u017eavat \u0107e se:<br>\u2013<strong>radionice <\/strong><em><strong>850 \u017eena za 850 \u017eena<\/strong><\/em><br><strong>srijedom i petkom u 16 sati; \u010detvrtkom, subotom i nedjeljom u 12 sati<\/strong>.<br>Radionice vodi Andreja Kulun\u010di\u0107, a namijenjene su \u017eenama.<\/p>\n\n\n\n<p><strong>-\u010ditateljske ve\u010deri<\/strong><br>srijeda, <strong>23. velja\u010de u 18 sati<\/strong>,&nbsp; <em>\u0160to je logor?,<\/em> moderatorica Renata Jambre\u0161i\u0107 Kirin<br>petak, <strong>4. o\u017eujka u 18 sati<\/strong>, <em>Mo\u0107i u\u017easa i granice solidarnosti, <\/em>moderatorica&nbsp; Sarah Czerny<br>petak, <strong>11. o\u017eujka u 18 sati<\/strong>, <em>Granice tijela: tragom nevolja s rodom,<\/em> moderatorica Brigita Milo\u0161<br>Zbog ograni\u010denog broja sudionika\/ca na \u010ditateljskim ve\u010derima, molimo vas da se prijavite na mail <strong>850zena@gmail.com<\/strong><\/p>\n\n\n\n<p>Sudionice radionica i \u010ditateljskih ve\u010deri ne pla\u0107aju ulaznicu na izlo\u017ebu.<\/p>\n\n\n\n<p><strong>Vodstva kroz izlo\u017ebu<\/strong> kustosice Irene Beki\u0107 odr\u017eat \u0107e se u<strong> subotu 12. i 19. 3.<\/strong> te nedjelju <strong>13. i 20. 3<\/strong>. od 12 sati.<\/p>\n\n\n\n<p><em>Otvorenje i program izlo\u017ebe odvijat \u0107e se sukladno uputama o epidemiolo\u0161kim mjerama. Za ulazak u Muzej potrebna je COVID potvrda.<\/em><\/p>\n\n\n\n<p>Website projekta: <a href=\"http:\/\/www.zene-arhipelag-goli.info\/\">http:\/\/www.zene-arhipelag-goli.info\/<\/a><br>Grafi\u010dki dizajn izlo\u017ebe i publikacije projekta: Negra Nigoevi\u0107<br>Suradnica na izlo\u017ebi, MMSU Rijeka: Sabina Salamon<br>Produkcija projekta: Udruga MAPA\/Maja Markovi\u0107 i Udruga Goli otok \u201eAnte Zemljar\u201c\/Darko Bavoljak<\/p>\n\n\n\n<p>Projekt <em>Vi ste Partiju izdale onda kada je trebalo da joj pomognete<\/em> podr\u017eali su Neda Young, Zaklada Kultura nova, EPK Rijeka 2020, Ministarstvo kulture i medija Republike Hrvatske, Grad Zagreb, Grad Rijeka, Friedrich Ebert fondacija ured za jugoisto\u010dnu Europu i Rumunjski kulturni institut.<\/p>\n\n\n\n<p>Foto: Andreja Kulun\u010di\u0107 \u201cVi ste Partiju izdale onda kada je trebalo da joj pomognete\u201d, in situ umjetni\u010dka intervencija, Goli Otok, 2021. Fotografija: Ivo Martinovi\u0107<\/p>\n\n\n\n<hr class=\"wp-block-separator\"\/>\n\n\n\n<p>Izvor:<\/p>\n\n\n\n<figure class=\"wp-block-embed-wordpress wp-block-embed is-type-wp-embed is-provider-muzej-moderne-i-suvremene-umjetnosti\"><div class=\"wp-block-embed__wrapper\">\n<blockquote class=\"wp-embedded-content\" data-secret=\"ne3RYFYy8U\"><a href=\"https:\/\/mmsu.hr\/dogadaji\/andreja-kuluncic-vi-ste-partiju-izdale-onda-kada-je-trebalo-da-joj-pomognete\/\">Andreja Kulun\u010di\u0107: Vi ste Partiju izdale onda kada je trebalo da joj pomognete<\/a><\/blockquote><iframe loading=\"lazy\" class=\"wp-embedded-content\" sandbox=\"allow-scripts\" security=\"restricted\" style=\"position: absolute; clip: rect(1px, 1px, 1px, 1px);\" title=\"&#8220;Andreja Kulun\u010di\u0107: Vi ste Partiju izdale onda kada je trebalo da joj pomognete&#8221; &#8212; Muzej moderne i suvremene umjetnosti\" src=\"https:\/\/mmsu.hr\/dogadaji\/andreja-kuluncic-vi-ste-partiju-izdale-onda-kada-je-trebalo-da-joj-pomognete\/embed\/#?secret=ne3RYFYy8U\" data-secret=\"ne3RYFYy8U\" width=\"600\" height=\"338\" frameborder=\"0\" marginwidth=\"0\" marginheight=\"0\" scrolling=\"no\"><\/iframe>\n<\/div><\/figure>\n\n\n\n<hr class=\"wp-block-separator\"\/>\n\n\n\n<p>Iz medija:<\/p>\n\n\n\n<p><a href=\"https:\/\/www.jutarnji.hr\/kultura\/art\/zatvorenice-su-na-golom-otoku-njih-850-bile-prisiljavane-kaznjavati-i-nadzirati-jedna-drugu-15158275\">https:\/\/www.jutarnji.hr\/kultura\/art\/zatvorenice-su-na-golom-otoku-njih-850-bile-prisiljavane-kaznjavati-i-nadzirati-jedna-drugu-15158275<\/a><\/p>\n\n\n\n<hr class=\"wp-block-separator\"\/>\n\n\n\n<p><a href=\"https:\/\/www.portalnovosti.com\/andreja-kuluncic-ne-smiju-nam-promicati-logori-i-tude-patnje\">https:\/\/www.portalnovosti.com\/andreja-kuluncic-ne-smiju-nam-promicati-logori-i-tude-patnje<\/a><\/p>\n\n\n\n<hr class=\"wp-block-separator\"\/>\n","protected":false},"excerpt":{"rendered":"","protected":false},"author":2,"featured_media":30032,"comment_status":"open","ping_status":"open","sticky":false,"template":"","format":"standard","meta":{"_acf_changed":false,"jetpack_post_was_ever_published":false,"_jetpack_newsletter_access":"","_jetpack_dont_email_post_to_subs":false,"_jetpack_newsletter_tier_id":0,"_jetpack_memberships_contains_paywalled_content":false,"_jetpack_memberships_contains_paid_content":false,"footnotes":"","jetpack_publicize_message":"","jetpack_publicize_feature_enabled":true,"jetpack_social_post_already_shared":true,"jetpack_social_options":{"image_generator_settings":{"template":"highway","default_image_id":0,"font":"","enabled":false},"version":2}},"categories":[10,3],"tags":[],"class_list":["post-30031","post","type-post","status-publish","format-standard","has-post-thumbnail","hentry","category-izlozbe","category-novosti"],"acf":{"facebook_opis":""},"jetpack_publicize_connections":[],"jetpack_featured_media_url":"https:\/\/i0.wp.com\/historiografija.hr\/wp-content\/uploads\/2022\/02\/6-izlozba-scaled.jpg?fit=2560%2C1707&ssl=1","jetpack_sharing_enabled":true,"jetpack-related-posts":[],"_links":{"self":[{"href":"https:\/\/historiografija.hr\/index.php?rest_route=\/wp\/v2\/posts\/30031","targetHints":{"allow":["GET"]}}],"collection":[{"href":"https:\/\/historiografija.hr\/index.php?rest_route=\/wp\/v2\/posts"}],"about":[{"href":"https:\/\/historiografija.hr\/index.php?rest_route=\/wp\/v2\/types\/post"}],"author":[{"embeddable":true,"href":"https:\/\/historiografija.hr\/index.php?rest_route=\/wp\/v2\/users\/2"}],"replies":[{"embeddable":true,"href":"https:\/\/historiografija.hr\/index.php?rest_route=%2Fwp%2Fv2%2Fcomments&post=30031"}],"version-history":[{"count":3,"href":"https:\/\/historiografija.hr\/index.php?rest_route=\/wp\/v2\/posts\/30031\/revisions"}],"predecessor-version":[{"id":30083,"href":"https:\/\/historiografija.hr\/index.php?rest_route=\/wp\/v2\/posts\/30031\/revisions\/30083"}],"wp:featuredmedia":[{"embeddable":true,"href":"https:\/\/historiografija.hr\/index.php?rest_route=\/wp\/v2\/media\/30032"}],"wp:attachment":[{"href":"https:\/\/historiografija.hr\/index.php?rest_route=%2Fwp%2Fv2%2Fmedia&parent=30031"}],"wp:term":[{"taxonomy":"category","embeddable":true,"href":"https:\/\/historiografija.hr\/index.php?rest_route=%2Fwp%2Fv2%2Fcategories&post=30031"},{"taxonomy":"post_tag","embeddable":true,"href":"https:\/\/historiografija.hr\/index.php?rest_route=%2Fwp%2Fv2%2Ftags&post=30031"}],"curies":[{"name":"wp","href":"https:\/\/api.w.org\/{rel}","templated":true}]}}