{"id":29998,"date":"2022-02-15T23:28:13","date_gmt":"2022-02-15T23:28:13","guid":{"rendered":"http:\/\/historiografija.hr\/?p=29998"},"modified":"2022-02-16T23:14:37","modified_gmt":"2022-02-16T23:14:37","slug":"davor-konjikusic-nika-petkovic-i-goran-andlar-slana-radikalni-krajobraz","status":"publish","type":"post","link":"https:\/\/historiografija.hr\/?p=29998","title":{"rendered":"Davor Konjiku\u0161i\u0107, Nika Petkovi\u0107 i Goran Andlar \/ SLANA &#8211; radikalni krajobraz"},"content":{"rendered":"\n<p>03.02. &#8211; 21.02.2022., Salon Gali\u0107, Split<\/p>\n\n\n\n<hr class=\"wp-block-separator\"\/>\n\n\n\n<p>Rad se sastoji od filma, fotografija, istra\u017eivanja, &nbsp;objavljenog u formi 3D rekonstrukcije nekada\u0161njeg koncentracijskog logora te popratne publikacije. Istra\u017eivanje zapo\u010dinje jo\u0161 2016. godine s namjerom da se istra\u017ee sve posebnosti krajobraza,&nbsp; a&nbsp; da&nbsp; se&nbsp; kroz&nbsp; umjetni\u010dki&nbsp; rad&nbsp; i istra\u017eivanje poku\u0161a utjecati na mogu\u0107nost njegovog obilje\u017eavanje kao prostora traume i sje\u0107anja i to u prostoru koji predstavlja jedinstvenu geografsku i krajobraznu cjelinu i to u \u0161irem mediteranskom kontekstu.<\/p>\n\n\n\n<p>Namjera autora je cijeli prostor Slane pretvoriti u prostor komemoracije i sje\u0107anja, te da se na taj na\u010din odgovori na konstantne poku\u0161aje brisanja povijesti.<\/p>\n\n\n\n<p>Film \u2018Uvala\u2019, snimljen na podru\u010dju nekada\u0161njeg logora, razotkriva surovost krajobraza i njegovu neraskidivu povezanost s povijesnim kontekstom. Metodom reduciranog prikaza umjetnici su pristupili radikalnom kraj- obrazu koriste\u0107i metodu \u2018pejza\u017enog filma\u2019 u kojem se glavno zna\u010denje nalazi upravo u odsustvu.<\/p>\n\n\n\n<p>Umjetni\u010dko&nbsp; istra\u017eivanje&nbsp; postepeno&nbsp; je&nbsp; poprimilo oblik interdisciplinarnog istra\u017eivanja, koje je realizirano u suradnji s krajobraznim arhitektom doc. dr. sc. Goranom Andlarom s Agronomskog fakulteta u Zagrebu, te uz svesrdnu podr\u0161ku doc. dr. sc. Hrvoja Tomi\u0107a s Geodetskog fakulteta u Zagrebu i arhitekta Juraja Bo\u017ei\u0107a. Terenska istra\u017eivanja, izrada ortofoto karte, GIS kartiranja i analize, izrada oblaka to\u010daka i 3D modela, te arhivsko istra\u017eivanje svih dostupnih izvora za rezultat imaju opse\u017ean projekt i prikupljenu gra\u0111u koja uvelike nadilazi po\u010detnu namjeru projekta, ali za cilj ima potaknuti sva budu\u0107a istra\u017eivanja.<\/p>\n\n\n\n<p>Ana Devi\u0107<\/p>\n\n\n\n<p>_______<\/p>\n\n\n\n<p><strong>Izbrisan iz slike \u2013<\/strong> <strong>Pavle Levi<\/strong><\/p>\n\n\n\n<p>Kronologija koju autori filma Uvala uspostavljaju \u2013 od sada\u0161njeg trenutka ka pro\u0161lom vremenu, od 2021. ka 1941. godini \u2013 uvodi stilsku figuru \u201ehysteron proteron\u201c, postupak koji preokre\u0107e konvencionalni redoslijed zbivanja, a u ovom se radu realizira kao presudan politi\u010dki okvir pri promatranju odre\u0111ene lokacije. Ono \u0161to na prvi pogled djeluje kao \u201eprazan\u201c prostor, kako film odmi\u010de, sve se eksplicitnije, razotkriva kao ni\u0161ta manje nego mjesto zlo\u010dina. Drugim rije\u010dima, dok film traje, gledatelj kao da se \u2013 linearnom vremenskom putanjom \u2013 vra\u0107a u pro\u0161lost, u doba zlo\u010dina. Ali, na kraju puta \u2013 \u0161to je klju\u010dno \u2013 taj linearni vremenski tok razotkriva se kao sredstvo jednog politi\u010dki daleko emancipiranijeg pristupa vremenu. Taj je pristup zasnovan na vremenskom \u201ekratkom spoju\u201c ili superimpoziciji: na spoznaji da je zlo\u010din (iz pro\u0161losti) zapravo sve vrijeme prisutan (u sada\u0161njosti), ali je potisnut, \u201eizbrisan iz slike\u201c. Upravo je to brisanje rezultat i simptom dana\u0161nje dominantne \u2013 i problemati\u010dne \u2013 ideolo\u0161ke paradigme.<\/p>\n\n\n\n<p><strong>Izlo\u017eba je realizirana uz pomo\u0107 Srpskog narodnog vije\u0107a SNV i Ureda za ljudska prava i prava nacionalnih manjina.<\/strong><\/p>\n\n\n\n<hr class=\"wp-block-separator\"\/>\n\n\n\n<p>Izvor i dodatne informacije:<\/p>\n\n\n\n<figure class=\"wp-block-embed-wordpress wp-block-embed is-type-wp-embed is-provider-hrvatska-udruga-likovnih-umjetnika\"><div class=\"wp-block-embed__wrapper\">\n<blockquote class=\"wp-embedded-content\" data-secret=\"4cnIMWdLD6\"><a href=\"http:\/\/hulu-split.hr\/izlozbe\/davor-konjikusic-nika-petkovic-goran-andlar-slana-radikalni-krajobraz\/\">Davor Konjiku\u0161i\u0107,  Nika Petkovi\u0107  i Goran Andlar  &#8221; SLANA &#8211; radikalni krajobraz &#8221;<\/a><\/blockquote><iframe loading=\"lazy\" class=\"wp-embedded-content\" sandbox=\"allow-scripts\" security=\"restricted\" style=\"position: absolute; clip: rect(1px, 1px, 1px, 1px);\" title=\"Ugradi WordPress objavu\" src=\"http:\/\/hulu-split.hr\/izlozbe\/davor-konjikusic-nika-petkovic-goran-andlar-slana-radikalni-krajobraz\/embed\/#?secret=4cnIMWdLD6\" data-secret=\"4cnIMWdLD6\" width=\"600\" height=\"338\" frameborder=\"0\" marginwidth=\"0\" marginheight=\"0\" scrolling=\"no\"><\/iframe>\n<\/div><\/figure>\n\n\n\n<p><a href=\"https:\/\/www.portalnovosti.com\/nika-petkovic-pobudili-smo-interes-istrazivaca-i-teoreticara-za-slanu\">https:\/\/www.portalnovosti.com\/nika-petkovic-pobudili-smo-interes-istrazivaca-i-teoreticara-za-slanu<\/a><\/p>\n\n\n\n<p><a href=\"https:\/\/slobodnadalmacija.hr\/kultura\/ostalo\/slana-radikalni-krajobraz-je-izlozba-koja-zeli-rasvijetliti-strasne-zlocine-u-logoru-u-kojem-su-1941-ustase-ubili-neutvrdeni-broj-zidova-srba-i-nepocudnih-hrvata-1167866\">https:\/\/slobodnadalmacija.hr\/kultura\/ostalo\/slana-radikalni-krajobraz-je-izlozba-koja-zeli-rasvijetliti-strasne-zlocine-u-logoru-u-kojem-su-1941-ustase-ubili-neutvrdeni-broj-zidova-srba-i-nepocudnih-hrvata-1167866<\/a><\/p>\n\n\n\n<hr class=\"wp-block-separator\"\/>\n\n\n\n<p><\/p>\n","protected":false},"excerpt":{"rendered":"","protected":false},"author":2,"featured_media":26462,"comment_status":"open","ping_status":"open","sticky":false,"template":"","format":"standard","meta":{"_acf_changed":false,"jetpack_post_was_ever_published":false,"_jetpack_newsletter_access":"","_jetpack_dont_email_post_to_subs":false,"_jetpack_newsletter_tier_id":0,"_jetpack_memberships_contains_paywalled_content":false,"_jetpack_memberships_contains_paid_content":false,"footnotes":"","jetpack_publicize_message":"","jetpack_publicize_feature_enabled":true,"jetpack_social_post_already_shared":true,"jetpack_social_options":{"image_generator_settings":{"template":"highway","default_image_id":0,"font":"","enabled":false},"version":2}},"categories":[10,3],"tags":[],"class_list":["post-29998","post","type-post","status-publish","format-standard","has-post-thumbnail","hentry","category-izlozbe","category-novosti"],"acf":{"facebook_opis":""},"jetpack_publicize_connections":[],"jetpack_featured_media_url":"https:\/\/i0.wp.com\/historiografija.hr\/wp-content\/uploads\/2021\/05\/Slana.jpg?fit=1500%2C1125&ssl=1","jetpack_sharing_enabled":true,"jetpack-related-posts":[],"_links":{"self":[{"href":"https:\/\/historiografija.hr\/index.php?rest_route=\/wp\/v2\/posts\/29998","targetHints":{"allow":["GET"]}}],"collection":[{"href":"https:\/\/historiografija.hr\/index.php?rest_route=\/wp\/v2\/posts"}],"about":[{"href":"https:\/\/historiografija.hr\/index.php?rest_route=\/wp\/v2\/types\/post"}],"author":[{"embeddable":true,"href":"https:\/\/historiografija.hr\/index.php?rest_route=\/wp\/v2\/users\/2"}],"replies":[{"embeddable":true,"href":"https:\/\/historiografija.hr\/index.php?rest_route=%2Fwp%2Fv2%2Fcomments&post=29998"}],"version-history":[{"count":2,"href":"https:\/\/historiografija.hr\/index.php?rest_route=\/wp\/v2\/posts\/29998\/revisions"}],"predecessor-version":[{"id":30023,"href":"https:\/\/historiografija.hr\/index.php?rest_route=\/wp\/v2\/posts\/29998\/revisions\/30023"}],"wp:featuredmedia":[{"embeddable":true,"href":"https:\/\/historiografija.hr\/index.php?rest_route=\/wp\/v2\/media\/26462"}],"wp:attachment":[{"href":"https:\/\/historiografija.hr\/index.php?rest_route=%2Fwp%2Fv2%2Fmedia&parent=29998"}],"wp:term":[{"taxonomy":"category","embeddable":true,"href":"https:\/\/historiografija.hr\/index.php?rest_route=%2Fwp%2Fv2%2Fcategories&post=29998"},{"taxonomy":"post_tag","embeddable":true,"href":"https:\/\/historiografija.hr\/index.php?rest_route=%2Fwp%2Fv2%2Ftags&post=29998"}],"curies":[{"name":"wp","href":"https:\/\/api.w.org\/{rel}","templated":true}]}}