{"id":29990,"date":"2022-02-15T23:10:05","date_gmt":"2022-02-15T23:10:05","guid":{"rendered":"http:\/\/historiografija.hr\/?p=29990"},"modified":"2022-02-15T23:10:05","modified_gmt":"2022-02-15T23:10:05","slug":"izlozba-korijeni-i-krila-vlaho-bukovac-u-zagrebu-cavtatu-i-becu-1893-1903-od-17-veljace-do-22-svibnja-2022","status":"publish","type":"post","link":"https:\/\/historiografija.hr\/?p=29990","title":{"rendered":"Izlo\u017eba &#8220;KORIJENI I KRILA. VLAHO BUKOVAC U ZAGREBU, CAVTATU I BE\u010cU, 1893.-1903.&#8221; [od 17. velja\u010de do 22. svibnja 2022.]"},"content":{"rendered":"\n<p><strong>Autorice izlo\u017ebe<\/strong>: Petra Vugrinec i Lucija Vukovi\u0107<\/p>\n\n\n\n<p><strong>Koautori<\/strong>: Iskra Ivelji\u0107, Irena Kra\u0161evac, Dragan Damjanovi\u0107 i Petar Petrovi\u0107<\/p>\n\n\n\n<p><strong>Kustosica<\/strong>: Iva Sudec Andreis<\/p>\n\n\n\n<p><strong>Izlo\u017ebeni prostor<\/strong>: Galerija Klovi\u0107evi dvori, 2. kat<\/p>\n\n\n\n<p><strong>Izlo\u017eba je <u>za javnost otvorena od&nbsp;18. velja\u010de<\/u><\/strong><\/p>\n\n\n\n<p>U velja\u010di 2022. godine otvara se izlo\u017eba <em>Korijeni i krila. Vlaho Bukovac u Zagrebu, Cavtatu i Be\u010du, 1893.-1903. <\/em>Dugo o\u010dekivana i pripremana izlo\u017eba iz ciklusa<em> Vlaho Bukovac u Europi <\/em>otvorit \u0107e se u godini kad obilje\u017eavamo stotu obljetnicu Bukov\u010deve smrti.<\/p>\n\n\n\n<p>Prva je izlo\u017eba, Vlaho Bukovac u Parizu, 1878.-1892. odr\u017eana 2018. godine, obradila Bukov\u010dev rad od amaterskih po\u010detaka u Sjevernoj Americi, preko \u0161kolovanja i profesionalnog puta u Parizu, povremenih radnih boravaka u Engleskoj, kao i kratkih, ali plodonosnih predaha u domovini, sve do kona\u010dnog povratka u domovinu.<\/p>\n\n\n\n<p>Tema dugo o\u010dekivane druge izlo\u017ebe iz ciklusa Bukov\u010dev je \u017eivot i opus nastao u Zagrebu kad Bukovac postaje sredi\u0161njom li\u010dno\u0161\u0107u javnoga kulturnoga \u017eivota, velikim mentorom mlade generacije likovnih umjetnika, a njegov zavodljivi kolorizam obilje\u017eava \u010ditavu generaciju zagreba\u010dkih slikara, prema toj karakteristici nazvanih Zagreba\u010dka \u0161arena \u0161kola. Zahvaljuju\u0107i Bukovcu Zagreb \u0107e postati sredi\u0161njim mjestom likovnih zbivanja \u010diji \u0107e utemeljiteljski zahvati prednja\u010diti pred ostalim gradovima u regiji. Zagreba\u010dka je faza istodobno i najplodonosnija razvojna cjelina ovog umjetnika koji upravo u sretnim okolnostima stvarala\u010dkog zanosa u Zagrebu ostvaruje neka od svojih kapitalnih djela. Sudjeluju\u0107i u dru\u0161tvenom \u017eivotu Zagreba i dru\u017ee\u0107i se s intelektualnom elitom, Bukovac \u0107e portretirati protagoniste klju\u010dnih obitelji poput Vranyczanyjevih, Pongra\u010devih, Nossanovih, Mileti\u0107a, Farka\u0161a, Crnadaka ili Bergerovih.<\/p>\n\n\n\n<p>Unutar izlo\u017ebe obradit \u0107e se i opus nastao u rodnom Cavtatu, kad se Bukovac vra\u0107a svojim korijenima (izme\u0111u 1899. i 1902. godine), gdje \u0107e tako\u0111er unijeti novi elan u dru\u0161tvenim i umjetni\u010dkim krugovima. U stilskom \u0107e smislu Bukovac upravo u rodnome gradu dosegnuti svoj stvarala\u010dki vrhunac te donijeti najljep\u0161a ostvarenja pleneristi\u010dkog slikarstva.<\/p>\n\n\n\n<p>U Cavtatu \u0107e se zadr\u017eati otprilike \u010detiri godine, a potom \u0107e zajedno s obitelji preseliti u Be\u010d. Njegov boravak u Be\u010du i uspjeh koji je polu\u010dila njegova samostalna izlo\u017eba bit \u0107e presudno za kasniji odlazak u Prag.<\/p>\n\n\n\n<p>Izlo\u017eba \u0107e u kronolo\u0161kom slijedu predstaviti Bukov\u010devi \u017eivot i djelo, dubinski \u0107e analizirati brojne epizode Bukov\u010deva \u017eivota te njihov utjecaj na stvarala\u0161tvo. Poput romana pred o\u010dima posjetitelja odvijat \u0107e se svojevrsna drama dolaska, opstanka i odlaska potkrijepljena brojnim dokumentarnim materijalima, arhivskom gra\u0111om, do sad ne izlaganim djelima i sasvim novim otkri\u0107ima.<\/p>\n\n\n\n<p>Djela za izlo\u017ebu prikupljena su iz brojnih muzejsko-galerijskih institucija diljem Hrvatske i susjednih zemalja. Vrata ovoj izlo\u017ebi s povjerenjem su otvorili mnogi privatni vlasnici, a velik je broj njihovih slika potpuno nepoznat dana\u0161njoj publici.<\/p>\n\n\n\n<p>Povodom stote godi\u0161njice smrti velikoga slikara za vrijeme trajanja izlo\u017ebe (travanj 2022.) u Galeriji Klovi\u0107evi dvori odr\u017eat \u0107e se me\u0111unarodni znanstveno-stru\u010dni skup <strong><em>Vlaho Bukovac i njegovo djelo<\/em><\/strong> u suorganizaciji s Institutom za povijest umjetnosti u Zagrebu.<\/p>\n\n\n\n<hr class=\"wp-block-separator\"\/>\n\n\n\n<p>Izvor:<\/p>\n\n\n\n<figure class=\"wp-block-embed-wordpress wp-block-embed is-type-wp-embed is-provider-galerija-klovicevi-dvori\"><div class=\"wp-block-embed__wrapper\">\n<blockquote class=\"wp-embedded-content\" data-secret=\"B08syzO4Mm\"><a href=\"https:\/\/gkd.hr\/2022\/02\/04\/ciklus-vlaho-bukovac-u-europi-2-3-korijeni-i-krila-vlaho-bukovac-u-zagrebu-cavtatu-i-becu-1893-1903-od-17-veljace-do-22-svibnja-2022\/\">Ciklus Vlaho Bukovac u Europi: (2\/3) KORIJENI I KRILA. VLAHO BUKOVAC U ZAGREBU, CAVTATU I BE\u010cU, 1893.-1903. [od 17. velja\u010de do 22. svibnja 2022.]<\/a><\/blockquote><iframe loading=\"lazy\" class=\"wp-embedded-content\" sandbox=\"allow-scripts\" security=\"restricted\" style=\"position: absolute; clip: rect(1px, 1px, 1px, 1px);\" title=\"&#8220;Ciklus Vlaho Bukovac u Europi: (2\/3) KORIJENI I KRILA. VLAHO BUKOVAC U ZAGREBU, CAVTATU I BE\u010cU, 1893.-1903. [od 17. velja\u010de do 22. svibnja 2022.]&#8221; &#8212; Galerija Klovi\u0107evi dvori\" src=\"https:\/\/gkd.hr\/2022\/02\/04\/ciklus-vlaho-bukovac-u-europi-2-3-korijeni-i-krila-vlaho-bukovac-u-zagrebu-cavtatu-i-becu-1893-1903-od-17-veljace-do-22-svibnja-2022\/embed\/#?secret=B08syzO4Mm\" data-secret=\"B08syzO4Mm\" width=\"600\" height=\"338\" frameborder=\"0\" marginwidth=\"0\" marginheight=\"0\" scrolling=\"no\"><\/iframe>\n<\/div><\/figure>\n\n\n\n<hr class=\"wp-block-separator\"\/>\n","protected":false},"excerpt":{"rendered":"","protected":false},"author":2,"featured_media":29991,"comment_status":"open","ping_status":"open","sticky":false,"template":"","format":"standard","meta":{"_acf_changed":false,"jetpack_post_was_ever_published":false,"_jetpack_newsletter_access":"","_jetpack_dont_email_post_to_subs":false,"_jetpack_newsletter_tier_id":0,"_jetpack_memberships_contains_paywalled_content":false,"_jetpack_memberships_contains_paid_content":false,"footnotes":"","jetpack_publicize_message":"","jetpack_publicize_feature_enabled":true,"jetpack_social_post_already_shared":true,"jetpack_social_options":{"image_generator_settings":{"template":"highway","default_image_id":0,"font":"","enabled":false},"version":2}},"categories":[10,3],"tags":[],"class_list":["post-29990","post","type-post","status-publish","format-standard","has-post-thumbnail","hentry","category-izlozbe","category-novosti"],"acf":{"facebook_opis":""},"jetpack_publicize_connections":[],"jetpack_featured_media_url":"https:\/\/i0.wp.com\/historiografija.hr\/wp-content\/uploads\/2022\/02\/BUKOVAC_H.jpeg?fit=1280%2C640&ssl=1","jetpack_sharing_enabled":true,"jetpack-related-posts":[],"_links":{"self":[{"href":"https:\/\/historiografija.hr\/index.php?rest_route=\/wp\/v2\/posts\/29990","targetHints":{"allow":["GET"]}}],"collection":[{"href":"https:\/\/historiografija.hr\/index.php?rest_route=\/wp\/v2\/posts"}],"about":[{"href":"https:\/\/historiografija.hr\/index.php?rest_route=\/wp\/v2\/types\/post"}],"author":[{"embeddable":true,"href":"https:\/\/historiografija.hr\/index.php?rest_route=\/wp\/v2\/users\/2"}],"replies":[{"embeddable":true,"href":"https:\/\/historiografija.hr\/index.php?rest_route=%2Fwp%2Fv2%2Fcomments&post=29990"}],"version-history":[{"count":1,"href":"https:\/\/historiografija.hr\/index.php?rest_route=\/wp\/v2\/posts\/29990\/revisions"}],"predecessor-version":[{"id":29992,"href":"https:\/\/historiografija.hr\/index.php?rest_route=\/wp\/v2\/posts\/29990\/revisions\/29992"}],"wp:featuredmedia":[{"embeddable":true,"href":"https:\/\/historiografija.hr\/index.php?rest_route=\/wp\/v2\/media\/29991"}],"wp:attachment":[{"href":"https:\/\/historiografija.hr\/index.php?rest_route=%2Fwp%2Fv2%2Fmedia&parent=29990"}],"wp:term":[{"taxonomy":"category","embeddable":true,"href":"https:\/\/historiografija.hr\/index.php?rest_route=%2Fwp%2Fv2%2Fcategories&post=29990"},{"taxonomy":"post_tag","embeddable":true,"href":"https:\/\/historiografija.hr\/index.php?rest_route=%2Fwp%2Fv2%2Ftags&post=29990"}],"curies":[{"name":"wp","href":"https:\/\/api.w.org\/{rel}","templated":true}]}}