{"id":29966,"date":"2022-02-14T23:20:55","date_gmt":"2022-02-14T23:20:55","guid":{"rendered":"http:\/\/historiografija.hr\/?p=29966"},"modified":"2022-02-14T23:20:55","modified_gmt":"2022-02-14T23:20:55","slug":"pieter-plas-mi-o-vuku-poetika-vuka-u-vjerovanjima-i-obrednim-praksama","status":"publish","type":"post","link":"https:\/\/historiografija.hr\/?p=29966","title":{"rendered":"Pieter Plas, \u201cMi o vuku: poetika vuka u vjerovanjima i obrednim praksama\u201d"},"content":{"rendered":"\n<p>Rije\u010d je o prvoj studiji koja podastire sustavnu analizu i interpretaciju simbolike vuka u tradicijskoj kulturi zapadnoju\u017enoslavenskoga podru\u010dja na temelju etnografskih, folklornih i lingvisti\u010dkih izvora. Pritom autor objedinjuje interpretativnu ni\u0161u etnopoeti\u010dke interpretacije s modusima simboli\u010dke i interpretativne antropologije u kontekstu etnozoolo\u0161koga i\u0161\u010ditavanja teksta vuka. Knjiga \u0107e svakako biti poticajna studentima, teoreti\u010darima i prakti\u010darima iz polja etnologije i kulturne antropologije, (etno)lingvistike, teoreti\u010darima i teoreti\u010darkama rodnih studija kao i \u0161irem \u010ditateljskom krugu.<\/p>\n\n\n\n<p>dr. sc. Suzana Marjani\u0107<\/p>\n\n\n\n<p>Vuk je jedna od najva\u017enijih divljih \u017eivotinja s kojima je \u010dovek dolazio u dodir tokom minulih vekova. Ukupnost obredne prakse vezane za vuka te razna verovanja koja odre\u0111uju pona\u0161anje ljudi \u010dini&nbsp; megatekst u kojem je ograni\u010den broj predikata, vr\u0161ilaca radnje, obrednih predmeta te atributa s ustaljenim zna\u010denjem. Upravo tako toj temi pristupa i autor dela, koji je do detalja istra\u017eio sve relevantne objavljene i rukopisne izvore. Delo je zato zna\u010dajan doprinos savremenom izu\u010davanju ne samo hrvatske nego i ju\u017enoslovenske tradicijske kulture uop\u0161te.<\/p>\n\n\n\n<p>dr. sc. Ljubinko Radenkovi\u0107<\/p>\n\n\n\n<p>Ovo je prvi sustavni poku\u0161aj reinterpretacije iznimnoga fonda raznovrsne zapisane gra\u0111e o obi\u010dajima i pu\u010dkim vjerovanjima povezanima s vukom. Gra\u0111a je uzeta u kontekstu u kojem je nastala te se koristi za inventivniju kulturnu analizu koja bi mogla otvoriti put i za druge znanstvenike koji bi za svoja istra\u017eivanja ponovno zavirili u arhive prvih etnografa na Balkanu. Rije\u010d je o znanstveno va\u017enoj studiji koja \u0107e izazvati sna\u017ean odaziv i recepciju te time dodatno produbiti istra\u017eiva\u010dke probleme koji su u njoj postavljeni.<\/p>\n\n\n\n<p>dr. sc. Tomislav Pletenac<\/p>\n\n\n\n<hr class=\"wp-block-separator\"\/>\n\n\n\n<p><strong>Nakladnik:<\/strong> Institut za etnologiju i folkloristiku<\/p>\n\n\n\n<p><strong>Godina izdanja: <\/strong>2021.<\/p>\n\n\n\n<hr class=\"wp-block-separator\"\/>\n\n\n\n<p>Izvor i sadr\u017eaj:<\/p>\n\n\n\n<figure class=\"wp-block-embed-wordpress wp-block-embed is-type-wp-embed is-provider-institut-za-etnologiju-i-folkloristiku\"><div class=\"wp-block-embed__wrapper\">\n<blockquote class=\"wp-embedded-content\" data-secret=\"Zul4vVqP6c\"><a href=\"https:\/\/www.ief.hr\/novosti\/mi-o-vuku-poetika-vuka-u-vjerovanjima-i-obrednim-praksama\/\">Mi o vuku: poetika vuka u vjerovanjima i obrednim praksama<\/a><\/blockquote><iframe loading=\"lazy\" class=\"wp-embedded-content\" sandbox=\"allow-scripts\" security=\"restricted\" style=\"position: absolute; clip: rect(1px, 1px, 1px, 1px);\" title=\"&#8220;Mi o vuku: poetika vuka u vjerovanjima i obrednim praksama&#8221; &#8212; Institut za etnologiju i folkloristiku\" src=\"https:\/\/www.ief.hr\/novosti\/mi-o-vuku-poetika-vuka-u-vjerovanjima-i-obrednim-praksama\/embed\/#?secret=Zul4vVqP6c\" data-secret=\"Zul4vVqP6c\" width=\"600\" height=\"338\" frameborder=\"0\" marginwidth=\"0\" marginheight=\"0\" scrolling=\"no\"><\/iframe>\n<\/div><\/figure>\n\n\n\n<hr class=\"wp-block-separator\"\/>\n","protected":false},"excerpt":{"rendered":"","protected":false},"author":2,"featured_media":29967,"comment_status":"open","ping_status":"open","sticky":false,"template":"","format":"standard","meta":{"_acf_changed":false,"jetpack_post_was_ever_published":false,"_jetpack_newsletter_access":"","_jetpack_dont_email_post_to_subs":false,"_jetpack_newsletter_tier_id":0,"_jetpack_memberships_contains_paywalled_content":false,"_jetpack_memberships_contains_paid_content":false,"footnotes":"","jetpack_publicize_message":"","jetpack_publicize_feature_enabled":true,"jetpack_social_post_already_shared":true,"jetpack_social_options":{"image_generator_settings":{"template":"highway","default_image_id":0,"font":"","enabled":false},"version":2}},"categories":[8,3],"tags":[],"class_list":["post-29966","post","type-post","status-publish","format-standard","has-post-thumbnail","hentry","category-knjige","category-novosti"],"acf":{"facebook_opis":""},"jetpack_publicize_connections":[],"jetpack_featured_media_url":"https:\/\/i0.wp.com\/historiografija.hr\/wp-content\/uploads\/2022\/02\/Plas_naslovna.jpeg?fit=886%2C1280&ssl=1","jetpack_sharing_enabled":true,"jetpack-related-posts":[],"_links":{"self":[{"href":"https:\/\/historiografija.hr\/index.php?rest_route=\/wp\/v2\/posts\/29966","targetHints":{"allow":["GET"]}}],"collection":[{"href":"https:\/\/historiografija.hr\/index.php?rest_route=\/wp\/v2\/posts"}],"about":[{"href":"https:\/\/historiografija.hr\/index.php?rest_route=\/wp\/v2\/types\/post"}],"author":[{"embeddable":true,"href":"https:\/\/historiografija.hr\/index.php?rest_route=\/wp\/v2\/users\/2"}],"replies":[{"embeddable":true,"href":"https:\/\/historiografija.hr\/index.php?rest_route=%2Fwp%2Fv2%2Fcomments&post=29966"}],"version-history":[{"count":1,"href":"https:\/\/historiografija.hr\/index.php?rest_route=\/wp\/v2\/posts\/29966\/revisions"}],"predecessor-version":[{"id":29968,"href":"https:\/\/historiografija.hr\/index.php?rest_route=\/wp\/v2\/posts\/29966\/revisions\/29968"}],"wp:featuredmedia":[{"embeddable":true,"href":"https:\/\/historiografija.hr\/index.php?rest_route=\/wp\/v2\/media\/29967"}],"wp:attachment":[{"href":"https:\/\/historiografija.hr\/index.php?rest_route=%2Fwp%2Fv2%2Fmedia&parent=29966"}],"wp:term":[{"taxonomy":"category","embeddable":true,"href":"https:\/\/historiografija.hr\/index.php?rest_route=%2Fwp%2Fv2%2Fcategories&post=29966"},{"taxonomy":"post_tag","embeddable":true,"href":"https:\/\/historiografija.hr\/index.php?rest_route=%2Fwp%2Fv2%2Ftags&post=29966"}],"curies":[{"name":"wp","href":"https:\/\/api.w.org\/{rel}","templated":true}]}}