{"id":29957,"date":"2022-02-11T23:32:18","date_gmt":"2022-02-11T23:32:18","guid":{"rendered":"http:\/\/historiografija.hr\/?p=29957"},"modified":"2022-02-11T23:33:17","modified_gmt":"2022-02-11T23:33:17","slug":"in-den-sturmen-der-transformation-zwei-werften-zwischen-sozialismus-und-eu","status":"publish","type":"post","link":"https:\/\/historiografija.hr\/?p=29957","title":{"rendered":"In den St\u00fcrmen der Transformation. Zwei Werften zwischen Sozialismus und EU"},"content":{"rendered":"\n<p>Upravo je objavljena knjiga grupe dru\u0161tvenih znanstvenika i povjesni\u010dara predvo\u0111enih Ulfom Brunnbauerom i Philippom Therom o brodogradili\u0161tima u Gdanjsku i Puli prate\u0107i na primjeru njihova \u201euspona i pada\u201c u vremenskom rasponu od socijalizma do Europske unije proces velike transformacije koji je zahvatio Europu po\u010dev\u0161i od 1970-ih godina nadalje.<\/p>\n\n\n\n<hr class=\"wp-block-separator\"\/>\n\n\n\n<p>Philipp Ther, Ulf Brunnbauer, Piotr Filipkowski, Andrew Hodges, Stefano Petrungaro, Peter Wegenschimmel<\/p>\n\n\n\n<hr class=\"wp-block-separator\"\/>\n\n\n\n<p>Die gigantischen Kr\u00e4ne der Werften in Gdynia und in Pula waren bis vor Kurzem der Stolz dieser St\u00e4dte. In Polen entstanden 300 Meter lange Ozeanriesen, in Kroatien Schiffe, auf denen Tausende Schafe lebend aus Neuseeland nach Europa transportiert werden konnten \u2013 Meerwasserentsalzungsanlage inklusive. Doch all der Erfindungsreichtum und das im Sozialismus einge\u00fcbte Improvisationstalent halfen nichts: Bald nach dem EU-Beitritt gingen die Werften pleite, auch weil in Br\u00fcssel das Wettbewerbsrecht mehr z\u00e4hlt als eine global orientierte Industriepolitik.<\/p>\n\n\n\n<p>Das \u00bbWerftenkollektiv\u00ab um Ulf Brunnbauer und Philipp Ther taucht tief ein in den Alltag der beiden Betriebe. Die Sozialwissenschaftler und Historiker rekonstruieren ihren Niedergang und analysieren die gro\u00dfe Transformation, die Europa seit den siebziger Jahren ersch\u00fcttert.<\/p>\n\n\n\n<p>Leseprobe:<\/p>\n\n\n\n<p><a href=\"https:\/\/www.suhrkamp.de\/buch\/in-den-stuermen-der-transformation-t-9783518127988\">https:\/\/www.suhrkamp.de\/buch\/in-den-stuermen-der-transformation-t-9783518127988<\/a><\/p>\n\n\n\n<hr class=\"wp-block-separator\"\/>\n\n\n\n<p>NEW BOOK on shipyards in Gdynia and Pula!<\/p>\n\n\n\n<p>Philipp Ther, Ulf Brunnbauer, Piotr Filipkowski, Andrew Hodges, Stefano Petrungaro, Peter Wegenschimmel<\/p>\n\n\n\n<p>In den St\u00fcrmen der Transformation<\/p>\n\n\n\n<p>Zwei Werften zwischen Sozialismus und EU<\/p>\n\n\n\n<p><a href=\"https:\/\/www.facebook.com\/ckpis.unipu.hr\">https:\/\/www.facebook.com\/ckpis.unipu.hr<\/a><\/p>\n\n\n\n<hr class=\"wp-block-separator\"\/>\n\n\n\n<figure class=\"wp-block-embed-wordpress wp-block-embed is-type-wp-embed is-provider-historiografija-hr\"><div class=\"wp-block-embed__wrapper\">\n<blockquote class=\"wp-embedded-content\" data-secret=\"OWnd4IXkDx\"><a href=\"https:\/\/historiografija.hr\/?p=11009\">Ulf Brunnbauer: \u201cKrenuli smo od premise da je Uljanik jedno od posljednjih europskih uspje\u0161nih brodogradili\u0161ta, jer jo\u0161 postoji i radi, a brodogradili\u0161te u Gdanjsku nije uspjelo pre\u017eivjeti krizu i lo\u0161e upravljanje\u201d<\/a><\/blockquote><iframe loading=\"lazy\" class=\"wp-embedded-content\" sandbox=\"allow-scripts\" security=\"restricted\" style=\"position: absolute; clip: rect(1px, 1px, 1px, 1px);\" title=\"&#8220;Ulf Brunnbauer: \u201cKrenuli smo od premise da je Uljanik jedno od posljednjih europskih uspje\u0161nih brodogradili\u0161ta, jer jo\u0161 postoji i radi, a brodogradili\u0161te u Gdanjsku nije uspjelo pre\u017eivjeti krizu i lo\u0161e upravljanje\u201d&#8221; &#8212; Historiografija.hr\" src=\"https:\/\/historiografija.hr\/?p=11009&#038;embed=true#?secret=OWnd4IXkDx\" data-secret=\"OWnd4IXkDx\" width=\"600\" height=\"338\" frameborder=\"0\" marginwidth=\"0\" marginheight=\"0\" scrolling=\"no\"><\/iframe>\n<\/div><\/figure>\n\n\n\n<hr class=\"wp-block-separator\"\/>\n","protected":false},"excerpt":{"rendered":"","protected":false},"author":2,"featured_media":29958,"comment_status":"open","ping_status":"open","sticky":false,"template":"","format":"standard","meta":{"_acf_changed":false,"jetpack_post_was_ever_published":false,"_jetpack_newsletter_access":"","_jetpack_dont_email_post_to_subs":false,"_jetpack_newsletter_tier_id":0,"_jetpack_memberships_contains_paywalled_content":false,"_jetpack_memberships_contains_paid_content":false,"footnotes":"","jetpack_publicize_message":"","jetpack_publicize_feature_enabled":true,"jetpack_social_post_already_shared":true,"jetpack_social_options":{"image_generator_settings":{"template":"highway","default_image_id":0,"font":"","enabled":false},"version":2}},"categories":[8,3],"tags":[],"class_list":["post-29957","post","type-post","status-publish","format-standard","has-post-thumbnail","hentry","category-knjige","category-novosti"],"acf":{"facebook_opis":""},"jetpack_publicize_connections":[],"jetpack_featured_media_url":"https:\/\/i0.wp.com\/historiografija.hr\/wp-content\/uploads\/2022\/02\/in-den-stuermen-der-transformation.jpg?fit=1318%2C929&ssl=1","jetpack_sharing_enabled":true,"jetpack-related-posts":[],"_links":{"self":[{"href":"https:\/\/historiografija.hr\/index.php?rest_route=\/wp\/v2\/posts\/29957","targetHints":{"allow":["GET"]}}],"collection":[{"href":"https:\/\/historiografija.hr\/index.php?rest_route=\/wp\/v2\/posts"}],"about":[{"href":"https:\/\/historiografija.hr\/index.php?rest_route=\/wp\/v2\/types\/post"}],"author":[{"embeddable":true,"href":"https:\/\/historiografija.hr\/index.php?rest_route=\/wp\/v2\/users\/2"}],"replies":[{"embeddable":true,"href":"https:\/\/historiografija.hr\/index.php?rest_route=%2Fwp%2Fv2%2Fcomments&post=29957"}],"version-history":[{"count":2,"href":"https:\/\/historiografija.hr\/index.php?rest_route=\/wp\/v2\/posts\/29957\/revisions"}],"predecessor-version":[{"id":29960,"href":"https:\/\/historiografija.hr\/index.php?rest_route=\/wp\/v2\/posts\/29957\/revisions\/29960"}],"wp:featuredmedia":[{"embeddable":true,"href":"https:\/\/historiografija.hr\/index.php?rest_route=\/wp\/v2\/media\/29958"}],"wp:attachment":[{"href":"https:\/\/historiografija.hr\/index.php?rest_route=%2Fwp%2Fv2%2Fmedia&parent=29957"}],"wp:term":[{"taxonomy":"category","embeddable":true,"href":"https:\/\/historiografija.hr\/index.php?rest_route=%2Fwp%2Fv2%2Fcategories&post=29957"},{"taxonomy":"post_tag","embeddable":true,"href":"https:\/\/historiografija.hr\/index.php?rest_route=%2Fwp%2Fv2%2Ftags&post=29957"}],"curies":[{"name":"wp","href":"https:\/\/api.w.org\/{rel}","templated":true}]}}