{"id":29939,"date":"2022-02-11T21:57:24","date_gmt":"2022-02-11T21:57:24","guid":{"rendered":"http:\/\/historiografija.hr\/?p=29939"},"modified":"2022-02-11T21:58:58","modified_gmt":"2022-02-11T21:58:58","slug":"stanko-andric-grabovo-i-bijela-benediktinski-samostani-svete-margarete","status":"publish","type":"post","link":"https:\/\/historiografija.hr\/?p=29939","title":{"rendered":"Stanko Andri\u0107, \u201cGrabovo i Bijela \u2013 benediktinski samostani svete Margarete\u201d"},"content":{"rendered":"\n<p>\u201eOvom se knjigom nastavlja nedavno zapo\u010deti niz monografija o <strong>srednjovjekovnim samostanima u Slavoniji, Srijemu i Baranji<\/strong>. U njoj su obra\u0111ena dva samostana \u010dije su povijesti blisko povezane i isprepletene, do te mjere da je dio dosada\u0161njih istra\u017eiva\u010da vjerovao kako je posrijedi samo jedan samostan s dvama imenima. Sa\u010duvani pisani izvori ipak ne dopu\u0161taju takav zaklju\u010dak, otkrivaju\u0107i dovoljno jasno da su <strong>Grabovo<\/strong> i <strong>Bijela<\/strong> bili dvije razli\u010dite i zemljopisno jedna od druge udaljene ustanove. Pa ipak, kako god jasno proistjecala iz nekoliko klju\u010dnih dokumenata, ta \u010dinjenica nije za povjesni\u010dara sasvim o\u010di\u0161\u0107ena od nedoumica: one se ponajprije ti\u010du krupnog nerazmjera u koli\u010dini i sadr\u017eaju podataka u korist ustanove u Bijeloj, iako je prema svim izvorima koji o tome govore opatija u srijemskom Grabovu bila starija i za Bijelu materinska ustanova. Ta temeljna asimetrija jo\u0161 uvijek zna\u010di istra\u017eiva\u010dku zagonetku. Tu se na sada\u0161njem stupnju povijesnog znanja mo\u017ee jedino pribje\u0107i zaklju\u010dku da je sudbina pisanog gradiva bila izrazito nenaklonjena ustanovi u Grabovu, tako da o njezinim po\u010decima, kao ni o njezinim dru\u0161tvenim odnosima u lokalnom srijemskom okru\u017eju, ne znamo zapravo ni\u0161ta.\u201d<\/p>\n\n\n\n<hr class=\"wp-block-separator\"\/>\n\n\n\n<p>Izvor, sadr\u017eaj i dodatne informacije:<\/p>\n\n\n\n<figure class=\"wp-block-embed-wordpress wp-block-embed is-type-wp-embed is-provider-hrvatski-institut-za-povijest\"><div class=\"wp-block-embed__wrapper\">\n<blockquote class=\"wp-embedded-content\" data-secret=\"t5YRhDn9EV\"><a href=\"http:\/\/hipsb.hr\/proizvod\/grabovo-i-bijela-benediktinski-samostani-svete-margarete\/\">Grabovo i Bijela \u2013 benediktinski samostani svete Margarete<\/a><\/blockquote><iframe loading=\"lazy\" class=\"wp-embedded-content\" sandbox=\"allow-scripts\" security=\"restricted\" style=\"position: absolute; clip: rect(1px, 1px, 1px, 1px);\" title=\"&#8220;Grabovo i Bijela \u2013 benediktinski samostani svete Margarete&#8221; &#8212; Hrvatski institut za povijest\" src=\"http:\/\/hipsb.hr\/proizvod\/grabovo-i-bijela-benediktinski-samostani-svete-margarete\/embed\/#?secret=t5YRhDn9EV\" data-secret=\"t5YRhDn9EV\" width=\"600\" height=\"338\" frameborder=\"0\" marginwidth=\"0\" marginheight=\"0\" scrolling=\"no\"><\/iframe>\n<\/div><\/figure>\n\n\n\n<hr class=\"wp-block-separator\"\/>\n\n\n\n<figure class=\"wp-block-embed-wordpress wp-block-embed is-type-wp-embed is-provider-historiografija-hr\"><div class=\"wp-block-embed__wrapper\">\n<blockquote class=\"wp-embedded-content\" data-secret=\"kjW8YuytyL\"><a href=\"https:\/\/historiografija.hr\/?p=21264\">Stanko Andri\u0107, \u201cRudina \u2013 benediktinski samostan sv. Mihaela Arkan\u0111ela\u201d<\/a><\/blockquote><iframe loading=\"lazy\" class=\"wp-embedded-content\" sandbox=\"allow-scripts\" security=\"restricted\" style=\"position: absolute; clip: rect(1px, 1px, 1px, 1px);\" title=\"&#8220;Stanko Andri\u0107, \u201cRudina \u2013 benediktinski samostan sv. Mihaela Arkan\u0111ela\u201d&#8221; &#8212; Historiografija.hr\" src=\"https:\/\/historiografija.hr\/?p=21264&#038;embed=true#?secret=kjW8YuytyL\" data-secret=\"kjW8YuytyL\" width=\"600\" height=\"338\" frameborder=\"0\" marginwidth=\"0\" marginheight=\"0\" scrolling=\"no\"><\/iframe>\n<\/div><\/figure>\n\n\n\n<hr class=\"wp-block-separator\"\/>\n","protected":false},"excerpt":{"rendered":"","protected":false},"author":2,"featured_media":29940,"comment_status":"open","ping_status":"open","sticky":false,"template":"","format":"standard","meta":{"_acf_changed":false,"jetpack_post_was_ever_published":false,"_jetpack_newsletter_access":"","_jetpack_dont_email_post_to_subs":false,"_jetpack_newsletter_tier_id":0,"_jetpack_memberships_contains_paywalled_content":false,"_jetpack_memberships_contains_paid_content":false,"footnotes":"","jetpack_publicize_message":"","jetpack_publicize_feature_enabled":true,"jetpack_social_post_already_shared":true,"jetpack_social_options":{"image_generator_settings":{"template":"highway","default_image_id":0,"font":"","enabled":false},"version":2}},"categories":[8,3],"tags":[],"class_list":["post-29939","post","type-post","status-publish","format-standard","has-post-thumbnail","hentry","category-knjige","category-novosti"],"acf":{"facebook_opis":""},"jetpack_publicize_connections":[],"jetpack_featured_media_url":"https:\/\/i0.wp.com\/historiografija.hr\/wp-content\/uploads\/2022\/02\/Grabovo-naslovnica.jpg?fit=1807%2C2560&ssl=1","jetpack_sharing_enabled":true,"jetpack-related-posts":[],"_links":{"self":[{"href":"https:\/\/historiografija.hr\/index.php?rest_route=\/wp\/v2\/posts\/29939","targetHints":{"allow":["GET"]}}],"collection":[{"href":"https:\/\/historiografija.hr\/index.php?rest_route=\/wp\/v2\/posts"}],"about":[{"href":"https:\/\/historiografija.hr\/index.php?rest_route=\/wp\/v2\/types\/post"}],"author":[{"embeddable":true,"href":"https:\/\/historiografija.hr\/index.php?rest_route=\/wp\/v2\/users\/2"}],"replies":[{"embeddable":true,"href":"https:\/\/historiografija.hr\/index.php?rest_route=%2Fwp%2Fv2%2Fcomments&post=29939"}],"version-history":[{"count":2,"href":"https:\/\/historiografija.hr\/index.php?rest_route=\/wp\/v2\/posts\/29939\/revisions"}],"predecessor-version":[{"id":29942,"href":"https:\/\/historiografija.hr\/index.php?rest_route=\/wp\/v2\/posts\/29939\/revisions\/29942"}],"wp:featuredmedia":[{"embeddable":true,"href":"https:\/\/historiografija.hr\/index.php?rest_route=\/wp\/v2\/media\/29940"}],"wp:attachment":[{"href":"https:\/\/historiografija.hr\/index.php?rest_route=%2Fwp%2Fv2%2Fmedia&parent=29939"}],"wp:term":[{"taxonomy":"category","embeddable":true,"href":"https:\/\/historiografija.hr\/index.php?rest_route=%2Fwp%2Fv2%2Fcategories&post=29939"},{"taxonomy":"post_tag","embeddable":true,"href":"https:\/\/historiografija.hr\/index.php?rest_route=%2Fwp%2Fv2%2Ftags&post=29939"}],"curies":[{"name":"wp","href":"https:\/\/api.w.org\/{rel}","templated":true}]}}