{"id":29929,"date":"2022-02-10T18:45:57","date_gmt":"2022-02-10T18:45:57","guid":{"rendered":"http:\/\/historiografija.hr\/?p=29929"},"modified":"2022-02-14T23:40:03","modified_gmt":"2022-02-14T23:40:03","slug":"borivoj-dovnikovic-bordo-1930-2022","status":"publish","type":"post","link":"https:\/\/historiografija.hr\/?p=29929","title":{"rendered":"Borivoj Dovnikovi\u0107 Bordo (1930-2022)"},"content":{"rendered":"\n<p>U 92. godini u Zagrebu je umro Borivoj Dovnikovi\u0107 Bordo (\u201cfilmski redatelj, scenarist, animator, karikaturist, strip-crta\u010d i grafi\u010dki dizajner\u201d), autor autobiografskog zapisa \u201co godinama njegova djetinjstva u Jugoslaviji (Hrvatskoj, Sloveniji i Srbiji) od 1931. do 1941.\u201d koji je pod naslovom \u201c\u017divot s olovkom: Od ro\u0111enja do izbjegli\u0161tva (1930. &#8211; 1941.)\u201d objavljen u \u201cTragovima: \u010dasopisu za srpske i hrvatske teme\u201d (br. 2-2019), dostupnom online na sljede\u0107oj poveznici:<\/p>\n\n\n\n<p><a href=\"https:\/\/hrcak.srce.hr\/229356\">https:\/\/hrcak.srce.hr\/229356<\/a><\/p>\n\n\n\n<hr class=\"wp-block-separator\"\/>\n\n\n\n<p>Iz medija:<\/p>\n\n\n\n<p><a href=\"https:\/\/www.vecernji.hr\/kultura\/umro-je-bordo-legenda-hrvatskog-stripa-i-animacije-1561795\">https:\/\/www.vecernji.hr\/kultura\/umro-je-bordo-legenda-hrvatskog-stripa-i-animacije-1561795<\/a><\/p>\n\n\n\n<p><a href=\"https:\/\/www.jutarnji.hr\/kultura\/art\/preminuo-veliki-i-svestrani-animator-redatelj-karikaturist-strip-crtac-i-dizajner-borivoj-dovnikovic-bordo-15155609\">https:\/\/www.jutarnji.hr\/kultura\/art\/preminuo-veliki-i-svestrani-animator-redatelj-karikaturist-strip-crtac-i-dizajner-borivoj-dovnikovic-bordo-15155609<\/a><\/p>\n\n\n\n<p><a href=\"https:\/\/www.telegram.hr\/kultura\/preminuo-je-cuveni-borivoj-dovnikovic-bordo-jedan-od-nasih-najpoznatijih-vizualnih-umjetnika\/\">https:\/\/www.telegram.hr\/kultura\/preminuo-je-cuveni-borivoj-dovnikovic-bordo-jedan-od-nasih-najpoznatijih-vizualnih-umjetnika\/<\/a><\/p>\n\n\n\n<p><a href=\"https:\/\/www.portalnovosti.com\/in-memoriam-borivoj-dovnikovic-bordo-1930-2022\">https:\/\/www.portalnovosti.com\/in-memoriam-borivoj-dovnikovic-bordo-1930-2022<\/a><\/p>\n\n\n\n<p><a href=\"https:\/\/www.portalnovosti.com\/dositejevac-od-glave-do-pera\">https:\/\/www.portalnovosti.com\/dositejevac-od-glave-do-pera<\/a><\/p>\n\n\n\n<figure class=\"wp-block-embed-wordpress wp-block-embed is-type-wp-embed is-provider-documenta\"><div class=\"wp-block-embed__wrapper\">\n<blockquote class=\"wp-embedded-content\" data-secret=\"vxmRaQexON\"><a href=\"https:\/\/documenta.hr\/novosti\/posljednji-pozdrav-borivoj-dovnikovic-bordo-1930-2022\/\">Posljednji pozdrav &#8211; Borivoj Dovnikovi\u0107 Bordo (1930. \u2013 2022.)<\/a><\/blockquote><iframe loading=\"lazy\" class=\"wp-embedded-content\" sandbox=\"allow-scripts\" security=\"restricted\" style=\"position: absolute; clip: rect(1px, 1px, 1px, 1px);\" title=\"&#8220;Posljednji pozdrav &#8211; Borivoj Dovnikovi\u0107 Bordo (1930. \u2013 2022.)&#8221; &#8212; Documenta\" src=\"https:\/\/documenta.hr\/novosti\/posljednji-pozdrav-borivoj-dovnikovic-bordo-1930-2022\/embed\/#?secret=vxmRaQexON\" data-secret=\"vxmRaQexON\" width=\"600\" height=\"338\" frameborder=\"0\" marginwidth=\"0\" marginheight=\"0\" scrolling=\"no\"><\/iframe>\n<\/div><\/figure>\n\n\n\n<p><a href=\"https:\/\/www.telegram.hr\/kultura\/bjezao-je-pred-ustasama-iz-osijeka-iz-zagreba-se-91-sklonio-u-bec-ali-ipak-je-dozivio-da-mu-se-drustvo-oduzi\/\">https:\/\/www.telegram.hr\/kultura\/bjezao-je-pred-ustasama-iz-osijeka-iz-zagreba-se-91-sklonio-u-bec-ali-ipak-je-dozivio-da-mu-se-drustvo-oduzi\/<\/a><\/p>\n\n\n\n<p><a href=\"https:\/\/www.glas-slavonije.hr\/485897\/9\/Vrhunski-umjetnik-i-divan-covjek-koji-je-nesebicno-dijelio-znanje-s-mladima\">https:\/\/www.glas-slavonije.hr\/485897\/9\/Vrhunski-umjetnik-i-divan-covjek-koji-je-nesebicno-dijelio-znanje-s-mladima<\/a><\/p>\n\n\n\n<p><a href=\"https:\/\/havc.hr\/infocentar\/novosti\/preminuo-velikan-hrvatske-animacije-borivoj-dovnikovic-bordo\">https:\/\/havc.hr\/infocentar\/novosti\/preminuo-velikan-hrvatske-animacije-borivoj-dovnikovic-bordo<\/a><\/p>\n\n\n\n<hr class=\"wp-block-separator\"\/>\n","protected":false},"excerpt":{"rendered":"","protected":false},"author":2,"featured_media":18201,"comment_status":"open","ping_status":"open","sticky":false,"template":"","format":"standard","meta":{"_acf_changed":false,"jetpack_post_was_ever_published":false,"_jetpack_newsletter_access":"","_jetpack_dont_email_post_to_subs":false,"_jetpack_newsletter_tier_id":0,"_jetpack_memberships_contains_paywalled_content":false,"_jetpack_memberships_contains_paid_content":false,"footnotes":"","jetpack_publicize_message":"","jetpack_publicize_feature_enabled":true,"jetpack_social_post_already_shared":true,"jetpack_social_options":{"image_generator_settings":{"template":"highway","default_image_id":0,"font":"","enabled":false},"version":2}},"categories":[3,20],"tags":[],"class_list":["post-29929","post","type-post","status-publish","format-standard","has-post-thumbnail","hentry","category-novosti","category-obavijesti-o-smrti-i-nekrolozi"],"acf":{"facebook_opis":""},"jetpack_publicize_connections":[],"jetpack_featured_media_url":"https:\/\/i0.wp.com\/historiografija.hr\/wp-content\/uploads\/2019\/12\/Tragovi.jpg?fit=300%2C401&ssl=1","jetpack_sharing_enabled":true,"jetpack-related-posts":[],"_links":{"self":[{"href":"https:\/\/historiografija.hr\/index.php?rest_route=\/wp\/v2\/posts\/29929","targetHints":{"allow":["GET"]}}],"collection":[{"href":"https:\/\/historiografija.hr\/index.php?rest_route=\/wp\/v2\/posts"}],"about":[{"href":"https:\/\/historiografija.hr\/index.php?rest_route=\/wp\/v2\/types\/post"}],"author":[{"embeddable":true,"href":"https:\/\/historiografija.hr\/index.php?rest_route=\/wp\/v2\/users\/2"}],"replies":[{"embeddable":true,"href":"https:\/\/historiografija.hr\/index.php?rest_route=%2Fwp%2Fv2%2Fcomments&post=29929"}],"version-history":[{"count":4,"href":"https:\/\/historiografija.hr\/index.php?rest_route=\/wp\/v2\/posts\/29929\/revisions"}],"predecessor-version":[{"id":29978,"href":"https:\/\/historiografija.hr\/index.php?rest_route=\/wp\/v2\/posts\/29929\/revisions\/29978"}],"wp:featuredmedia":[{"embeddable":true,"href":"https:\/\/historiografija.hr\/index.php?rest_route=\/wp\/v2\/media\/18201"}],"wp:attachment":[{"href":"https:\/\/historiografija.hr\/index.php?rest_route=%2Fwp%2Fv2%2Fmedia&parent=29929"}],"wp:term":[{"taxonomy":"category","embeddable":true,"href":"https:\/\/historiografija.hr\/index.php?rest_route=%2Fwp%2Fv2%2Fcategories&post=29929"},{"taxonomy":"post_tag","embeddable":true,"href":"https:\/\/historiografija.hr\/index.php?rest_route=%2Fwp%2Fv2%2Ftags&post=29929"}],"curies":[{"name":"wp","href":"https:\/\/api.w.org\/{rel}","templated":true}]}}