{"id":29921,"date":"2022-02-10T17:25:20","date_gmt":"2022-02-10T17:25:20","guid":{"rendered":"http:\/\/historiografija.hr\/?p=29921"},"modified":"2022-02-10T17:25:20","modified_gmt":"2022-02-10T17:25:20","slug":"pescanik-milan-subotic-ukrajina-rat-kao-nastavak-politike-istorije","status":"publish","type":"post","link":"https:\/\/historiografija.hr\/?p=29921","title":{"rendered":"\u201cPe\u0161\u010danik\u201d \u2013 Milan Suboti\u0107, \u201cUkrajina: Rat kao nastavak politike istorije\u201d"},"content":{"rendered":"\n<p>Na portalu \u201cPe\u0161\u010danik\u201d dostupno je poglavlje iz knjige Milana Suboti\u0107a \u201eNapred, u pro\u0161lost. Studije o politici istorije u Poljskoj, Ukrajini i Rusiji\u201c (Fabrika knjiga, 2019), koje se odnosi na vrlo aktualnu temu.<\/p>\n\n\n\n<hr class=\"wp-block-separator\"\/>\n\n\n\n<p><strong>Poglavlje se nalazi na sljede\u0107oj poveznici:<\/strong><\/p>\n\n\n\n<figure class=\"wp-block-embed-wordpress wp-block-embed is-type-wp-embed is-provider-pescanik\"><div class=\"wp-block-embed__wrapper\">\n<blockquote class=\"wp-embedded-content\" data-secret=\"omx9hpj4g0\"><a href=\"https:\/\/pescanik.net\/ukrajina-rat-kao-nastavak-politike-istorije\/\">Ukrajina: Rat kao nastavak politike istorije<\/a><\/blockquote><iframe loading=\"lazy\" class=\"wp-embedded-content\" sandbox=\"allow-scripts\" security=\"restricted\" style=\"position: absolute; clip: rect(1px, 1px, 1px, 1px);\" title=\"&#8220;Ukrajina: Rat kao nastavak politike istorije&#8221; &#8212; Pe\u0161\u010danik\" src=\"https:\/\/pescanik.net\/ukrajina-rat-kao-nastavak-politike-istorije\/embed\/#?secret=omx9hpj4g0\" data-secret=\"omx9hpj4g0\" width=\"600\" height=\"338\" frameborder=\"0\" marginwidth=\"0\" marginheight=\"0\" scrolling=\"no\"><\/iframe>\n<\/div><\/figure>\n\n\n\n<hr class=\"wp-block-separator\"\/>\n","protected":false},"excerpt":{"rendered":"","protected":false},"author":2,"featured_media":29922,"comment_status":"open","ping_status":"open","sticky":false,"template":"","format":"standard","meta":{"_acf_changed":false,"_jetpack_newsletter_access":"","_jetpack_dont_email_post_to_subs":false,"_jetpack_newsletter_tier_id":0,"_jetpack_memberships_contains_paywalled_content":false,"_jetpack_memberships_contains_paid_content":false,"footnotes":"","jetpack_publicize_message":"","jetpack_publicize_feature_enabled":true,"jetpack_social_post_already_shared":true,"jetpack_social_options":{"image_generator_settings":{"template":"highway","default_image_id":0,"font":"","enabled":false},"version":2},"jetpack_post_was_ever_published":false},"categories":[3],"tags":[],"class_list":["post-29921","post","type-post","status-publish","format-standard","has-post-thumbnail","hentry","category-novosti"],"acf":{"facebook_opis":""},"jetpack_publicize_connections":[],"jetpack_featured_media_url":"https:\/\/i0.wp.com\/historiografija.hr\/wp-content\/uploads\/2022\/02\/Ukrajina-Pescanik.jpg?fit=1000%2C667&ssl=1","jetpack_sharing_enabled":true,"jetpack-related-posts":[{"id":54696,"url":"https:\/\/historiografija.hr\/?p=54696","url_meta":{"origin":29921,"position":0},"title":"Leidulf Melve i Eivind Heldaas Seland, \u201e\u0160ta je globalna istorija?&#8221;","author":"Branimir Jankovi\u0107","date":"21. srpnja 2026.","format":false,"excerpt":"U knjizi, koju je na srpski prevela Jelena Stani\u0161i\u0107, razmatra se razvoj globalne povijesti kao historiografskog pristupa, njezino razlikovanje od univerzalne i svjetske povijesti te njezina povezanost s kolonijalizmom, nacionalnim historiografijama i odnosima izme\u0111u razvijenih i nerazvijenih dijelova svijeta. O knjizi: \u201eU ovoj knjizi globalnu istoriju razumemo kao polje istra\u017eivanja\u2026","rel":"","context":"U &quot;Knjige&quot;","block_context":{"text":"Knjige","link":"https:\/\/historiografija.hr\/?cat=8"},"img":{"alt_text":"","src":"https:\/\/i0.wp.com\/historiografija.hr\/wp-content\/uploads\/2026\/07\/Sta-je-globalna-istorija.jpg?fit=203%2C312&ssl=1&resize=350%2C200","width":350,"height":200},"classes":[]},{"id":42895,"url":"https:\/\/historiografija.hr\/?p=42895","url_meta":{"origin":29921,"position":1},"title":"Dragan Popovi\u0107, \u201eRat se\u0107anja u Srbiji 1980-1990.\u201c","author":"Branimir Jankovi\u0107","date":"23. listopada 2024.","format":false,"excerpt":"U izdanju Biblioteke XX vek upravo je objavljena knjiga Dragana Popovi\u0107a \u201eRat se\u0107anja u Srbiji 1980-1990.\u201c Dragan Popovi\u0107 (Kraljevo, 1980) je istori\u010dar i dugogodi\u0161nji aktivista za za\u0161titu ljudskih prava iz Beograda. Osnovne i master studije zavr\u0161io je na Pravnom fakultetu u Beogradu, a doktorsku disertaciju pod naslovom \u201ePromene u politici\u2026","rel":"","context":"U &quot;Knjige&quot;","block_context":{"text":"Knjige","link":"https:\/\/historiografija.hr\/?cat=8"},"img":{"alt_text":"","src":"https:\/\/i0.wp.com\/historiografija.hr\/wp-content\/uploads\/2024\/10\/Rat_secanja.jpg?fit=450%2C652&ssl=1&resize=350%2C200","width":350,"height":200},"classes":[]},{"id":54967,"url":"https:\/\/historiografija.hr\/?p=54967","url_meta":{"origin":29921,"position":2},"title":"Milan Ristovi\u0107, \u201eUti\u0161ani glasovi. Iz istorije obi\u010dnih ljudi\u201c","author":"Branimir Jankovi\u0107","date":"14. kolovoza 2026.","format":false,"excerpt":"Devedesetih godina pro\u0161log veka pojavili su se mla\u0111i i hrabriji istori\u010dari pi\u0161u\u0107i eseje o malim sudbinama pojedinaca u vihorima tih ogromnih prevrata sveta. \u017deleli su da makar naknadno ostave trag dostojanstvu nepravedno nazvanom Mali \u010dovek. Pokazali su da istorijska faktografija nudi beskona\u010dno mnogo izuzetnih pri\u010da koje ravnopravno i jednako zanimljivim\u2026","rel":"","context":"U &quot;Knjige&quot;","block_context":{"text":"Knjige","link":"https:\/\/historiografija.hr\/?cat=8"},"img":{"alt_text":"","src":"https:\/\/i0.wp.com\/historiografija.hr\/wp-content\/uploads\/2026\/08\/Utisani-glasovi.jpg?fit=373%2C551&ssl=1&resize=350%2C200","width":350,"height":200},"classes":[]},{"id":54052,"url":"https:\/\/historiografija.hr\/?p=54052","url_meta":{"origin":29921,"position":3},"title":"Tribina: Mark Blok, istori\u010dar u Panteonu","author":"Branimir Jankovi\u0107","date":"12. lipnja 2026.","format":false,"excerpt":"16 Jun 2026 - 18h \/ Francuski institut u Srbiji, Beograd Povodom sve\u010danog polaganja posmrtnih ostataka Marka Bloka u kriptu Panteona, francuskog nacionalnog mauzoleja u kojem po\u010divaju najistaknutije li\u010dnosti francuske istorije, Francuski institut u Srbiji, u saradnji sa uglednim francuskim \u010dasopisom L\u2019Histoire, organizuje tribinu posve\u0107enu \u017eivotu, delu i nasle\u0111u jedne\u2026","rel":"","context":"U &quot;Novosti&quot;","block_context":{"text":"Novosti","link":"https:\/\/historiografija.hr\/?cat=3"},"img":{"alt_text":"","src":"https:\/\/i0.wp.com\/historiografija.hr\/wp-content\/uploads\/2026\/06\/Bloch-site.jpg?fit=720%2C400&ssl=1&resize=350%2C200","width":350,"height":200,"srcset":"https:\/\/i0.wp.com\/historiografija.hr\/wp-content\/uploads\/2026\/06\/Bloch-site.jpg?fit=720%2C400&ssl=1&resize=350%2C200 1x, https:\/\/i0.wp.com\/historiografija.hr\/wp-content\/uploads\/2026\/06\/Bloch-site.jpg?fit=720%2C400&ssl=1&resize=525%2C300 1.5x, https:\/\/i0.wp.com\/historiografija.hr\/wp-content\/uploads\/2026\/06\/Bloch-site.jpg?fit=720%2C400&ssl=1&resize=700%2C400 2x"},"classes":[]},{"id":54438,"url":"https:\/\/historiografija.hr\/?p=54438","url_meta":{"origin":29921,"position":4},"title":"Debata &#8220;Od Srebrenice do Gaze: od legitimacije do negiranja&#8221; u Beogradu","author":"Branimir Jankovi\u0107","date":"3. srpnja 2026.","format":false,"excerpt":"U okviru 18. po redu festivala KROKODIL, koji se odr\u017eava 3. i 4. jula 2026. u Beogradu pod motom KNJI\u017dEVNOST KAO NEPOSLU\u0160NOST\/LITERATURE AS DISOBEDIENCE, holandski histori\u010dar Ger Duijzing \u0107e razgovarati o temi Od Srebrenice do Gaze: od legitimacije do negiranja. Razgovor povezuje regionalno iskustvo s aktuelnim globalnim krizama i istra\u017euje\u2026","rel":"","context":"U &quot;Novosti&quot;","block_context":{"text":"Novosti","link":"https:\/\/historiografija.hr\/?cat=3"},"img":{"alt_text":"","src":"https:\/\/i0.wp.com\/historiografija.hr\/wp-content\/uploads\/2026\/07\/Krokodil-debata-2026.png?fit=1200%2C749&ssl=1&resize=350%2C200","width":350,"height":200,"srcset":"https:\/\/i0.wp.com\/historiografija.hr\/wp-content\/uploads\/2026\/07\/Krokodil-debata-2026.png?fit=1200%2C749&ssl=1&resize=350%2C200 1x, https:\/\/i0.wp.com\/historiografija.hr\/wp-content\/uploads\/2026\/07\/Krokodil-debata-2026.png?fit=1200%2C749&ssl=1&resize=525%2C300 1.5x, https:\/\/i0.wp.com\/historiografija.hr\/wp-content\/uploads\/2026\/07\/Krokodil-debata-2026.png?fit=1200%2C749&ssl=1&resize=700%2C400 2x, https:\/\/i0.wp.com\/historiografija.hr\/wp-content\/uploads\/2026\/07\/Krokodil-debata-2026.png?fit=1200%2C749&ssl=1&resize=1050%2C600 3x"},"classes":[]},{"id":54673,"url":"https:\/\/historiografija.hr\/?p=54673","url_meta":{"origin":29921,"position":5},"title":"Novi broj \u010dasopisa &#8220;Tokovi istorije&#8221; (br. 1, 2026)","author":"Branimir Jankovi\u0107","date":"20. srpnja 2026.","format":false,"excerpt":"U izdanju Instituta za noviju istoriju Srbije u Beogradu objavljen je novi broj \u010dasopisa \"Tokovi istorije\" (br. 1, 2026), koji donosi temu broja \"Evropski horizonti Ervina \u0160inka: egzil, emigracija i kulturno posredovanje\" te druge \u010dlanke i priloge. Op\u0161irnije: https:\/\/inis.bg.ac.rs\/lat\/aktuelno\/9\/1515\/novi-broj-tokova-istorije---12026.html https:\/\/tokovi.istorije.rs\/cir\/arhiva\/13\/1563\/12026.html","rel":"","context":"U &quot;\u010casopisi&quot;","block_context":{"text":"\u010casopisi","link":"https:\/\/historiografija.hr\/?cat=21"},"img":{"alt_text":"","src":"https:\/\/i0.wp.com\/historiografija.hr\/wp-content\/uploads\/2026\/07\/Tokovi-istorije-br-1-2026.png?fit=552%2C283&ssl=1&resize=350%2C200","width":350,"height":200,"srcset":"https:\/\/i0.wp.com\/historiografija.hr\/wp-content\/uploads\/2026\/07\/Tokovi-istorije-br-1-2026.png?fit=552%2C283&ssl=1&resize=350%2C200 1x, https:\/\/i0.wp.com\/historiografija.hr\/wp-content\/uploads\/2026\/07\/Tokovi-istorije-br-1-2026.png?fit=552%2C283&ssl=1&resize=525%2C300 1.5x"},"classes":[]}],"_links":{"self":[{"href":"https:\/\/historiografija.hr\/index.php?rest_route=\/wp\/v2\/posts\/29921","targetHints":{"allow":["GET"]}}],"collection":[{"href":"https:\/\/historiografija.hr\/index.php?rest_route=\/wp\/v2\/posts"}],"about":[{"href":"https:\/\/historiografija.hr\/index.php?rest_route=\/wp\/v2\/types\/post"}],"author":[{"embeddable":true,"href":"https:\/\/historiografija.hr\/index.php?rest_route=\/wp\/v2\/users\/2"}],"replies":[{"embeddable":true,"href":"https:\/\/historiografija.hr\/index.php?rest_route=%2Fwp%2Fv2%2Fcomments&post=29921"}],"version-history":[{"count":1,"href":"https:\/\/historiografija.hr\/index.php?rest_route=\/wp\/v2\/posts\/29921\/revisions"}],"predecessor-version":[{"id":29923,"href":"https:\/\/historiografija.hr\/index.php?rest_route=\/wp\/v2\/posts\/29921\/revisions\/29923"}],"wp:featuredmedia":[{"embeddable":true,"href":"https:\/\/historiografija.hr\/index.php?rest_route=\/wp\/v2\/media\/29922"}],"wp:attachment":[{"href":"https:\/\/historiografija.hr\/index.php?rest_route=%2Fwp%2Fv2%2Fmedia&parent=29921"}],"wp:term":[{"taxonomy":"category","embeddable":true,"href":"https:\/\/historiografija.hr\/index.php?rest_route=%2Fwp%2Fv2%2Fcategories&post=29921"},{"taxonomy":"post_tag","embeddable":true,"href":"https:\/\/historiografija.hr\/index.php?rest_route=%2Fwp%2Fv2%2Ftags&post=29921"}],"curies":[{"name":"wp","href":"https:\/\/api.w.org\/{rel}","templated":true}]}}