{"id":29909,"date":"2022-02-10T16:31:30","date_gmt":"2022-02-10T16:31:30","guid":{"rendered":"http:\/\/historiografija.hr\/?p=29909"},"modified":"2022-02-10T16:31:30","modified_gmt":"2022-02-10T16:31:30","slug":"zbornik-radova-80-godina-od-izbijanja-drugog-svetskog-rata-na-prostoru-jugoslavije-i-stradanja-grada-kragujevca-novi-pomaci-ili-revizija-istorije","status":"publish","type":"post","link":"https:\/\/historiografija.hr\/?p=29909","title":{"rendered":"Zbornik radova \u201e80 godina od izbijanja Drugog svetskog rata na prostoru Jugoslavije i stradanja grada Kragujevca: novi pomaci ili revizija istorije\u201c"},"content":{"rendered":"\n<p>Centar za nau\u010dnoistra\u017eiva\u010dki rad Srpske akademije nauka i umetnosti, Univerzitet u Kragujevcu i Institut za noviju istoriju Srbije objavili su zbornik radova pod nazivom \u201e80 godina od izbijanja Drugog svetskog rata na prostoru Jugoslavije i stradanja grada Kragujevca: novi pomaci ili revizija istorije\u201c. Zbornik su uredili dr Dmitar Tasi\u0107, vi\u0161i nau\u010dni saradnik INIS-a i Lela Vujo\u0161evi\u0107. U okviru \u010detiri tematske cjeline Zbornika (Revizionizam; Genocid i kultura se\u0107anja; Pod okupacijom; Me\u0111unarodni kontekst) obavljeni su radovi: Mileta Bjelajca, Dubravke Stojanovi\u0107, Bojana Dimitrijevi\u0107a, Davora Stipi\u0107a, Viktora Bejatovi\u0107a, Nenada Karamijalkovi\u0107a, Nemanje Devi\u0107a, Marijane T. Mraovi\u0107, Radeta Ristanovi\u0107a, Aleksandra Stojanovi\u0107a, Milo\u0161a Timotijevi\u0107a, Milane \u017divanovi\u0107, Zorana Janjetovi\u0107a, Miljana Milki\u0107a i Aleksandra Rakonjca.<\/p>\n\n\n\n<p>Zbornik je rezultat nau\u010dnog skupa odr\u017eanog u Kragujevcu 25. maja 2021. godine.<\/p>\n\n\n\n<hr class=\"wp-block-separator\"\/>\n\n\n\n<p>Izvori:<\/p>\n\n\n\n<p><a href=\"https:\/\/historiografija.ba\/article.php?id=1000\">https:\/\/historiografija.ba\/article.php?id=1000<\/a><\/p>\n\n\n\n<p><a href=\"https:\/\/www.inisbgd.co.rs\/lat\/vesti\/9\/2022\/02\/08\/80-godina-od-izbijanja-drugog-svetskog-rata-na-prostoru-jugoslavije-i-stradanja-grada-kragujevca_-novi-pomaci-ili-revizija-istorije.html\">https:\/\/www.inisbgd.co.rs\/lat\/vesti\/9\/2022\/02\/08\/80-godina-od-izbijanja-drugog-svetskog-rata-na-prostoru-jugoslavije-i-stradanja-grada-kragujevca_-novi-pomaci-ili-revizija-istorije.html<\/a><\/p>\n\n\n\n<hr class=\"wp-block-separator\"\/>\n","protected":false},"excerpt":{"rendered":"","protected":false},"author":2,"featured_media":29910,"comment_status":"open","ping_status":"open","sticky":false,"template":"","format":"standard","meta":{"_acf_changed":false,"jetpack_post_was_ever_published":false,"_jetpack_newsletter_access":"","_jetpack_dont_email_post_to_subs":false,"_jetpack_newsletter_tier_id":0,"_jetpack_memberships_contains_paywalled_content":false,"_jetpack_memberships_contains_paid_content":false,"footnotes":"","jetpack_publicize_message":"","jetpack_publicize_feature_enabled":true,"jetpack_social_post_already_shared":true,"jetpack_social_options":{"image_generator_settings":{"template":"highway","default_image_id":0,"font":"","enabled":false},"version":2}},"categories":[8,3],"tags":[],"class_list":["post-29909","post","type-post","status-publish","format-standard","has-post-thumbnail","hentry","category-knjige","category-novosti"],"acf":{"facebook_opis":""},"jetpack_publicize_connections":[],"jetpack_featured_media_url":"https:\/\/i0.wp.com\/historiografija.hr\/wp-content\/uploads\/2022\/02\/Zbornik-Kragujevac.jpg?fit=343%2C375&ssl=1","jetpack_sharing_enabled":true,"jetpack-related-posts":[],"_links":{"self":[{"href":"https:\/\/historiografija.hr\/index.php?rest_route=\/wp\/v2\/posts\/29909","targetHints":{"allow":["GET"]}}],"collection":[{"href":"https:\/\/historiografija.hr\/index.php?rest_route=\/wp\/v2\/posts"}],"about":[{"href":"https:\/\/historiografija.hr\/index.php?rest_route=\/wp\/v2\/types\/post"}],"author":[{"embeddable":true,"href":"https:\/\/historiografija.hr\/index.php?rest_route=\/wp\/v2\/users\/2"}],"replies":[{"embeddable":true,"href":"https:\/\/historiografija.hr\/index.php?rest_route=%2Fwp%2Fv2%2Fcomments&post=29909"}],"version-history":[{"count":1,"href":"https:\/\/historiografija.hr\/index.php?rest_route=\/wp\/v2\/posts\/29909\/revisions"}],"predecessor-version":[{"id":29911,"href":"https:\/\/historiografija.hr\/index.php?rest_route=\/wp\/v2\/posts\/29909\/revisions\/29911"}],"wp:featuredmedia":[{"embeddable":true,"href":"https:\/\/historiografija.hr\/index.php?rest_route=\/wp\/v2\/media\/29910"}],"wp:attachment":[{"href":"https:\/\/historiografija.hr\/index.php?rest_route=%2Fwp%2Fv2%2Fmedia&parent=29909"}],"wp:term":[{"taxonomy":"category","embeddable":true,"href":"https:\/\/historiografija.hr\/index.php?rest_route=%2Fwp%2Fv2%2Fcategories&post=29909"},{"taxonomy":"post_tag","embeddable":true,"href":"https:\/\/historiografija.hr\/index.php?rest_route=%2Fwp%2Fv2%2Ftags&post=29909"}],"curies":[{"name":"wp","href":"https:\/\/api.w.org\/{rel}","templated":true}]}}