{"id":29895,"date":"2022-02-09T22:43:26","date_gmt":"2022-02-09T22:43:26","guid":{"rendered":"http:\/\/historiografija.hr\/?p=29895"},"modified":"2022-02-09T22:43:26","modified_gmt":"2022-02-09T22:43:26","slug":"hrt-prikazuje-tenzera-podstanar-u-novinama","status":"publish","type":"post","link":"https:\/\/historiografija.hr\/?p=29895","title":{"rendered":"HRT prikazuje: \u201cTen\u017eera, podstanar u novinama\u201d"},"content":{"rendered":"\n<p>Dokumentarni film &#8220;Ten\u017eera, podstanar u novinama&#8221; na rasporedu je u \u010detvrtak, 10. velja\u010de, u 21 sat na Tre\u0107em. Film se bavi \u017eivotom i djelom jednog od najve\u0107ih hrvatskih pisaca druge polovice 20. stolje\u0107a, koji je cijeli svoj radni vijek proveo kao novinar u Kulturnoj redakciji Vjesnika, dok nije tragi\u010dno umro na operacijskome stolu 1985. godine, samo deset dana nakon 43. ro\u0111endana.<\/p>\n\n\n\n<p>O <strong>Veselku Ten\u017eeri<\/strong>, toj karizmati\u010dnoj osobi koju je publika \u010ditala i voljela, a \u0161efovi jedva podnosili, jer je svojom intelektualnom nepotkupljivo\u0161\u0107u i domoljubnim nabojem uvijek bio u koliziji sa slu\u017ebenom politikom tada\u0161njega vremena &#8211; govore njegovi kolege i prijatelji <strong>Igor<\/strong> i <strong>Slavica Mandi\u0107<\/strong>, <strong>Igor Zidi\u0107<\/strong>, <strong>Josip Pavi\u010di\u0107<\/strong>, <strong>Milan Ivko\u0161i\u0107<\/strong>, <strong>Zlatko Vitez<\/strong>, <strong>Miroslav<\/strong> <strong>\u0106iro Bla\u017eevi\u0107<\/strong>, <strong>Marko Gr\u010di\u0107<\/strong>, <strong>\u017deljko \u017dutelija<\/strong>, <strong>Zdravko Zima<\/strong> i <strong>Seadeta Mid\u017ei\u0107<\/strong>.<\/p>\n\n\n\n<p>Dokumentarni film snimljen 2020. godine, na 35. godi\u0161njicu Ten\u017eerine smrti, otkriva \u017eivot i djelo \u010dovjeka kojeg se i obo\u017eavalo i omalova\u017eavalo; cini\u010dnog i melankoli\u010dnog, nesretnog i zaigranog, jednom rije\u010dju &#8211; jedinstvenog.<br><br>Autorica je<strong> Branka Kamenski<\/strong>, direktor fotografije <strong>Ivan Kova\u010d<\/strong>, a monta\u017eer <strong>Hrvoje Mr\u0161i\u0107<\/strong>.\u00a0<br><br>Film se nalazi u videoteci multimedijske usluge <a rel=\"noreferrer noopener\" href=\"https:\/\/hrti.hrt.hr\/videostore\" target=\"_blank\"><strong>HRTi<\/strong><\/a>.<\/p>\n\n\n\n<hr class=\"wp-block-separator\"\/>\n\n\n\n<p>Izvor:<\/p>\n\n\n\n<p><a href=\"https:\/\/hrtprikazuje.hrt.hr\/dokumentarci\/tenzera-podstanar-u-novinama-0-5221038\">https:\/\/hrtprikazuje.hrt.hr\/dokumentarci\/tenzera-podstanar-u-novinama-0-5221038<\/a><\/p>\n\n\n\n<hr class=\"wp-block-separator\"\/>\n","protected":false},"excerpt":{"rendered":"","protected":false},"author":2,"featured_media":29896,"comment_status":"open","ping_status":"open","sticky":false,"template":"","format":"standard","meta":{"_acf_changed":false,"jetpack_post_was_ever_published":false,"_jetpack_newsletter_access":"","_jetpack_dont_email_post_to_subs":false,"_jetpack_newsletter_tier_id":0,"_jetpack_memberships_contains_paywalled_content":false,"_jetpack_memberships_contains_paid_content":false,"footnotes":"","jetpack_publicize_message":"","jetpack_publicize_feature_enabled":true,"jetpack_social_post_already_shared":true,"jetpack_social_options":{"image_generator_settings":{"template":"highway","default_image_id":0,"font":"","enabled":false},"version":2}},"categories":[13,3],"tags":[],"class_list":["post-29895","post","type-post","status-publish","format-standard","has-post-thumbnail","hentry","category-filmovi-i-serije","category-novosti"],"acf":{"facebook_opis":""},"jetpack_publicize_connections":[],"jetpack_featured_media_url":"https:\/\/i0.wp.com\/historiografija.hr\/wp-content\/uploads\/2022\/02\/hrt-3-tenzera.jpg?fit=1600%2C900&ssl=1","jetpack_sharing_enabled":true,"jetpack-related-posts":[],"_links":{"self":[{"href":"https:\/\/historiografija.hr\/index.php?rest_route=\/wp\/v2\/posts\/29895","targetHints":{"allow":["GET"]}}],"collection":[{"href":"https:\/\/historiografija.hr\/index.php?rest_route=\/wp\/v2\/posts"}],"about":[{"href":"https:\/\/historiografija.hr\/index.php?rest_route=\/wp\/v2\/types\/post"}],"author":[{"embeddable":true,"href":"https:\/\/historiografija.hr\/index.php?rest_route=\/wp\/v2\/users\/2"}],"replies":[{"embeddable":true,"href":"https:\/\/historiografija.hr\/index.php?rest_route=%2Fwp%2Fv2%2Fcomments&post=29895"}],"version-history":[{"count":1,"href":"https:\/\/historiografija.hr\/index.php?rest_route=\/wp\/v2\/posts\/29895\/revisions"}],"predecessor-version":[{"id":29897,"href":"https:\/\/historiografija.hr\/index.php?rest_route=\/wp\/v2\/posts\/29895\/revisions\/29897"}],"wp:featuredmedia":[{"embeddable":true,"href":"https:\/\/historiografija.hr\/index.php?rest_route=\/wp\/v2\/media\/29896"}],"wp:attachment":[{"href":"https:\/\/historiografija.hr\/index.php?rest_route=%2Fwp%2Fv2%2Fmedia&parent=29895"}],"wp:term":[{"taxonomy":"category","embeddable":true,"href":"https:\/\/historiografija.hr\/index.php?rest_route=%2Fwp%2Fv2%2Fcategories&post=29895"},{"taxonomy":"post_tag","embeddable":true,"href":"https:\/\/historiografija.hr\/index.php?rest_route=%2Fwp%2Fv2%2Ftags&post=29895"}],"curies":[{"name":"wp","href":"https:\/\/api.w.org\/{rel}","templated":true}]}}