{"id":29888,"date":"2022-02-09T22:31:34","date_gmt":"2022-02-09T22:31:34","guid":{"rendered":"http:\/\/historiografija.hr\/?p=29888"},"modified":"2022-03-24T09:25:42","modified_gmt":"2022-03-24T09:25:42","slug":"ivo-banac-sedamdeset-i-prva-uspon-i-pad-hrvatskoga-nacionalno-reformnog-pokreta","status":"publish","type":"post","link":"https:\/\/historiografija.hr\/?p=29888","title":{"rendered":"Ivo Banac, \u201cSedamdeset i prva: uspon i pad hrvatskoga nacionalno-reformnog pokreta\u201d"},"content":{"rendered":"\n<p>Priredio Josip Vrande\u010di\u0107, Zagreb: Hrvatski dr\u017eavni arhiv, 2021, 192 str.<\/p>\n\n\n\n<hr class=\"wp-block-separator\"\/>\n\n\n\n<p>Knjiga je zami\u0161ljena kao sveobuhvatni prikaz nacionalno-reformnog pokreta znanog pod&nbsp;nazivom <em>hrvatsko prolje\u0107e<\/em>, koji se u Hrvatskoj stvarao od polovice 1960-ih i trajao do kraja 1971. i otkrivanje putanje Titova razmi\u0161ljanja \u010diji su lan\u010dani u\u010dinci unazadili jugoslavensku evoluciju prema nekom odgovornijem sustavu. To je djelovanje bilo vezano za ustupke sovjetskoj politici, koja je za Tita od samog po\u010detka njegove vladavine bila jedina sistemski relevantna. Ova je knjiga i povijest i program. Povijest, jer sabire i sa\u017eimlje iskustva i o\u010dekivanja hrvatskog \u010dovjeka u razdoblju borbe za slobodniji \u017eivot i obnovu hrvatstva u po\u010detnom razdoblju krize jugoslavenske dr\u017eave (1962. \u2013 1972.), a program jer nastoji izbje\u0107i uskogrudnosti, isklju\u010divost, a ponajvi\u0161e lakirovku. Osim toga, ovo je knjiga o reformatorima vlasti i njihovim protivnicima te knjiga o dru\u0161tvu \u2013 politi\u010dkom dru\u0161tvu, jer i re\u017eim jest neka vrsta dru\u0161tva. Kona\u010dno, ovo je knjiga o vlasti \u2013 vlasti u komunisti\u010dkoj partijskoj dr\u017eavi \u2013 o tome kako se koristila, kako se mijenjala brojnim reformama te kako je utjecala na hrvatsko dru\u0161tvo u svim njegovim segmentima u vrijeme kopnjenja diktature, ali i u vremenu reakcije koja je uslijedila nakon slu\u017ebene osude reformnog pokreta u prosincu 1971.<\/p>\n\n\n\n<hr class=\"wp-block-separator\"\/>\n\n\n\n<p>Izvori i dodatne informacije:<\/p>\n\n\n\n<p><a href=\"http:\/\/www.arhiv.hr\/hr-hr\/Na%C5%A1a-izdanja\/Nova-izdanja\">http:\/\/www.arhiv.hr\/hr-hr\/Na%C5%A1a-izdanja\/Nova-izdanja<\/a><\/p>\n\n\n\n<p><a href=\"http:\/\/www.arhiv.hr\/hr-hr\/Izlozbe-i-dogadjanja\/ArticleId\/1542\/oamid\/1633\">http:\/\/www.arhiv.hr\/hr-hr\/Izlozbe-i-dogadjanja\/ArticleId\/1542\/oamid\/1633<\/a><\/p>\n\n\n\n<p><a href=\"https:\/\/www.nsk.hr\/\">https:\/\/www.nsk.hr\/<\/a><\/p>\n\n\n\n<hr class=\"wp-block-separator\"\/>\n","protected":false},"excerpt":{"rendered":"","protected":false},"author":2,"featured_media":29889,"comment_status":"open","ping_status":"open","sticky":false,"template":"","format":"standard","meta":{"_acf_changed":false,"jetpack_post_was_ever_published":false,"_jetpack_newsletter_access":"","_jetpack_dont_email_post_to_subs":false,"_jetpack_newsletter_tier_id":0,"_jetpack_memberships_contains_paywalled_content":false,"_jetpack_memberships_contains_paid_content":false,"footnotes":"","jetpack_publicize_message":"","jetpack_publicize_feature_enabled":true,"jetpack_social_post_already_shared":true,"jetpack_social_options":{"image_generator_settings":{"template":"highway","default_image_id":0,"font":"","enabled":false},"version":2}},"categories":[8,3],"tags":[],"class_list":["post-29888","post","type-post","status-publish","format-standard","has-post-thumbnail","hentry","category-knjige","category-novosti"],"acf":{"facebook_opis":""},"jetpack_publicize_connections":[],"jetpack_featured_media_url":"https:\/\/i0.wp.com\/historiografija.hr\/wp-content\/uploads\/2022\/02\/Banac_knjiga.jpg?fit=1054%2C1387&ssl=1","jetpack_sharing_enabled":true,"jetpack-related-posts":[],"_links":{"self":[{"href":"https:\/\/historiografija.hr\/index.php?rest_route=\/wp\/v2\/posts\/29888","targetHints":{"allow":["GET"]}}],"collection":[{"href":"https:\/\/historiografija.hr\/index.php?rest_route=\/wp\/v2\/posts"}],"about":[{"href":"https:\/\/historiografija.hr\/index.php?rest_route=\/wp\/v2\/types\/post"}],"author":[{"embeddable":true,"href":"https:\/\/historiografija.hr\/index.php?rest_route=\/wp\/v2\/users\/2"}],"replies":[{"embeddable":true,"href":"https:\/\/historiografija.hr\/index.php?rest_route=%2Fwp%2Fv2%2Fcomments&post=29888"}],"version-history":[{"count":3,"href":"https:\/\/historiografija.hr\/index.php?rest_route=\/wp\/v2\/posts\/29888\/revisions"}],"predecessor-version":[{"id":30553,"href":"https:\/\/historiografija.hr\/index.php?rest_route=\/wp\/v2\/posts\/29888\/revisions\/30553"}],"wp:featuredmedia":[{"embeddable":true,"href":"https:\/\/historiografija.hr\/index.php?rest_route=\/wp\/v2\/media\/29889"}],"wp:attachment":[{"href":"https:\/\/historiografija.hr\/index.php?rest_route=%2Fwp%2Fv2%2Fmedia&parent=29888"}],"wp:term":[{"taxonomy":"category","embeddable":true,"href":"https:\/\/historiografija.hr\/index.php?rest_route=%2Fwp%2Fv2%2Fcategories&post=29888"},{"taxonomy":"post_tag","embeddable":true,"href":"https:\/\/historiografija.hr\/index.php?rest_route=%2Fwp%2Fv2%2Ftags&post=29888"}],"curies":[{"name":"wp","href":"https:\/\/api.w.org\/{rel}","templated":true}]}}