{"id":29885,"date":"2022-02-09T22:29:44","date_gmt":"2022-02-09T22:29:44","guid":{"rendered":"http:\/\/historiografija.hr\/?p=29885"},"modified":"2022-02-09T22:29:44","modified_gmt":"2022-02-09T22:29:44","slug":"aktualni-glasovi-iz-recentne-proslosti-povjesnicar-ivo-banac-2018-bez-dogovora-hrvata-i-bosnjaka-ne-moze-biti-stabilne-bih","status":"publish","type":"post","link":"https:\/\/historiografija.hr\/?p=29885","title":{"rendered":"\u201cAktualni glasovi iz recentne pro\u0161losti\u201d &#8211; povjesni\u010dar Ivo Banac (2018): &#8216;Bez dogovora Hrvata i Bo\u0161njaka ne mo\u017ee biti stabilne BiH&#8217;"},"content":{"rendered":"\n<p>\u201cMislim da nakon ovih izbora moramo zaklju\u010diti da je krahirala jedna hrvatska politika koja je dosta vremena bila na djelu. Ona je do\u0161la kraju i ne mo\u017ee se vi\u0161e obnavljati na na\u010din kako su to dva stupa izvr\u0161ne vlasti u Hrvatskoj prakticirale kroz prethodnih nekoliko godina. I predsjednica i premijer su postali, ni\u0161ta drugo nego, glasnogovornici \u010covi\u0107a, potpuno se vezali uz njegovu politiku i dopustili da on nametne svoje teze hrvatskoj vanjskoj politici, i sada imaju rezultate koji su vrlo neugodni. Mislim da \u0107emo svi u Hrvatskoj, ne samo dva stupa koja sam spomenuo, morati ponovno razmisliti \u0161to napraviti za stabiliziranje BiH. (\u2026) Moj aksiom u vezi BiH je sljede\u0107i \u2013 bez sporazuma i dogovaranja izme\u0111u Hrvata i Bo\u0161njaka ne mo\u017ee biti stabilne BiH. (\u2026) HDZ mora ponovno razmisliti koji su mu prioriteti u BiH i to moraju re\u0107i vrlo jasno i druge stranke koje pripadaju tom suverenisti\u010dkom krugu i \u017eele zaustaviti ovu destruktivnu politiku. Svaki puta kada je Hrvatska nazadovala, to je bilo povezano s krivim potezima u BiH. (\u2026) On \u0107e na kraju morati re\u0107i da \u017eelimo dogovor upravo s Bo\u0161njacima i dogovor na razini koja \u0107e zadovoljiti i hrvatske i bo\u0161nja\u010dke predstavnike u Federaciji BiH jer je ona klju\u010d stabilnosti u BiH. Jedino ako Federacija bude imala jedan zajedni\u010dki stav oko arhitektura BiH onda \u0107e Dodikova politika bli\u017ea nekom, ja se nadam, negativnom kraju. (\u2026) Ono \u0161to Bakir Izetbegovi\u0107 ka\u017ee, mi imamo vi\u0161e od 50 posto stanovni\u0161tva, a samo tre\u0107inu vlasti, je izraz velike frustracije koja postoji me\u0111u bo\u0161nja\u010dkim politi\u010darima. Morat \u0107e se suzdr\u017eati, ali i Hrvati u BiH \u0107e se morati suzdr\u017eati od suradnje s Dodikom, \u0161to \u0107e re\u0107i s Rusima i onim snagama koje doista \u017eele potkopati BiH jer to je i u njihovom interesu.\u201d<\/p>\n\n\n\n<hr class=\"wp-block-separator\"\/>\n\n\n\n<p><strong><em>Cijeli razgovor dostupan je na sljede\u0107oj poveznici:<\/em><\/strong><\/p>\n\n\n\n<figure class=\"wp-block-embed-wordpress wp-block-embed is-type-wp-embed is-provider-n-1\"><div class=\"wp-block-embed__wrapper\">\n<blockquote class=\"wp-embedded-content\" data-secret=\"NyS1U4Rk3s\"><a href=\"https:\/\/hr.n1info.com\/vijesti\/a338122-Banac-u-Novom-danu-o-izborima-u-BiH\/\">&#039;Bez dogovora Hrvata i Bo\u0161njaka ne mo\u017ee biti stabilne BiH&#039;<\/a><\/blockquote><iframe loading=\"lazy\" class=\"wp-embedded-content\" sandbox=\"allow-scripts\" security=\"restricted\" style=\"position: absolute; clip: rect(1px, 1px, 1px, 1px);\" title=\"&#8220;&#039;Bez dogovora Hrvata i Bo\u0161njaka ne mo\u017ee biti stabilne BiH&#039;&#8221; &#8212; N1\" src=\"https:\/\/hr.n1info.com\/vijesti\/a338122-Banac-u-Novom-danu-o-izborima-u-BiH\/embed\/#?secret=NyS1U4Rk3s\" data-secret=\"NyS1U4Rk3s\" width=\"600\" height=\"338\" frameborder=\"0\" marginwidth=\"0\" marginheight=\"0\" scrolling=\"no\"><\/iframe>\n<\/div><\/figure>\n\n\n\n<hr class=\"wp-block-separator\"\/>\n","protected":false},"excerpt":{"rendered":"","protected":false},"author":2,"featured_media":29886,"comment_status":"open","ping_status":"open","sticky":false,"template":"","format":"standard","meta":{"_acf_changed":false,"jetpack_post_was_ever_published":false,"_jetpack_newsletter_access":"","_jetpack_dont_email_post_to_subs":false,"_jetpack_newsletter_tier_id":0,"_jetpack_memberships_contains_paywalled_content":false,"_jetpack_memberships_contains_paid_content":false,"footnotes":"","jetpack_publicize_message":"","jetpack_publicize_feature_enabled":true,"jetpack_social_post_already_shared":true,"jetpack_social_options":{"image_generator_settings":{"template":"highway","default_image_id":0,"font":"","enabled":false},"version":2}},"categories":[3,11],"tags":[],"class_list":["post-29885","post","type-post","status-publish","format-standard","has-post-thumbnail","hentry","category-novosti","category-rubrike"],"acf":{"facebook_opis":""},"jetpack_publicize_connections":[],"jetpack_featured_media_url":"https:\/\/i0.wp.com\/historiografija.hr\/wp-content\/uploads\/2022\/02\/ivo-banac.png?fit=940%2C528&ssl=1","jetpack_sharing_enabled":true,"jetpack-related-posts":[],"_links":{"self":[{"href":"https:\/\/historiografija.hr\/index.php?rest_route=\/wp\/v2\/posts\/29885","targetHints":{"allow":["GET"]}}],"collection":[{"href":"https:\/\/historiografija.hr\/index.php?rest_route=\/wp\/v2\/posts"}],"about":[{"href":"https:\/\/historiografija.hr\/index.php?rest_route=\/wp\/v2\/types\/post"}],"author":[{"embeddable":true,"href":"https:\/\/historiografija.hr\/index.php?rest_route=\/wp\/v2\/users\/2"}],"replies":[{"embeddable":true,"href":"https:\/\/historiografija.hr\/index.php?rest_route=%2Fwp%2Fv2%2Fcomments&post=29885"}],"version-history":[{"count":1,"href":"https:\/\/historiografija.hr\/index.php?rest_route=\/wp\/v2\/posts\/29885\/revisions"}],"predecessor-version":[{"id":29887,"href":"https:\/\/historiografija.hr\/index.php?rest_route=\/wp\/v2\/posts\/29885\/revisions\/29887"}],"wp:featuredmedia":[{"embeddable":true,"href":"https:\/\/historiografija.hr\/index.php?rest_route=\/wp\/v2\/media\/29886"}],"wp:attachment":[{"href":"https:\/\/historiografija.hr\/index.php?rest_route=%2Fwp%2Fv2%2Fmedia&parent=29885"}],"wp:term":[{"taxonomy":"category","embeddable":true,"href":"https:\/\/historiografija.hr\/index.php?rest_route=%2Fwp%2Fv2%2Fcategories&post=29885"},{"taxonomy":"post_tag","embeddable":true,"href":"https:\/\/historiografija.hr\/index.php?rest_route=%2Fwp%2Fv2%2Ftags&post=29885"}],"curies":[{"name":"wp","href":"https:\/\/api.w.org\/{rel}","templated":true}]}}