{"id":29880,"date":"2022-02-08T22:59:49","date_gmt":"2022-02-08T22:59:49","guid":{"rendered":"http:\/\/historiografija.hr\/?p=29880"},"modified":"2022-02-08T22:59:49","modified_gmt":"2022-02-08T22:59:49","slug":"cfp-balkanologie-revue-detudes-pluridisciplinaires-vol-18-n-2-2023-balkan-arts-and-literatures-19-20th-centuries-through-the-lens-of-feminist-engagement","status":"publish","type":"post","link":"https:\/\/historiografija.hr\/?p=29880","title":{"rendered":"CfP: &#8220;Balkanologie. Revue d\u2019\u00e9tudes pluridisciplinaires&#8221;, Vol. 18, n\u00b0 2 (2023) &#8211; Balkan Arts and Literatures (19-20th centuries) Through the Lens of Feminist Engagement"},"content":{"rendered":"\n<p>Deadline for submission of paper proposals: May 6th, 2022<\/p>\n\n\n\n<p>Coordination: Na\u00efma Berkane and Lola Sinoimeri<\/p>\n\n\n\n<p>Women\u2019s movements and the history of feminist engagement in the Balkans are a well-established academic field in social sciences. Many researchers contributed to shed light on the specificity of the South-East European context at large in the 20<sup>th<\/sup>&nbsp;century using a comparative approach while distinguishing the different movements\u2019 chronologies according to the situation of the different countries. Whether it was in the so-called \u201cnational revival\u201d movements in the 19<sup>th<\/sup> and early 20<sup>th<\/sup>&nbsp;centuries, or during the interwar period, after World War Two, or in the 1970s, or after the fall of the various communist regimes and the dissolution of Yugoslavia, women committed themselves and\/or organized themselves around feminist issues.<\/p>\n\n\n\n<p>Scholars in the region in literature and gender studies have already focused their research on the literary and artistic history of the Balkans. The so-called post-Yugoslav literature, for example, has been extensively studied from a feminist and\/or transnational perspective (Luki\u0107 2017; Matijevi\u0107 2020). Others have worked on historicizing these artistic and literary phenomena while offering feminist theory and critique (Zelenovi\u0107 2020; Blagojevi\u0107, Kolozova, Slap\u0161ak 2006; Petrovi\u0107 2018).<\/p>\n\n\n\n<p>This issue of the review <em>Balkanologie<\/em> aims to interrogate the specificity of feminist engagement in Balkan arts and literatures. What about the literary and artistic engagement of women for their rights and\/or in the scope of feminist movements? What are the specificities of these forms of artistic engagement in the different Balkan countries?<\/p>\n\n\n\n<p>These interrogations invite us to lie at the intersections of two historical topics. First, we will observe the different contexts in which women\u2019s living conditions changed and political movements appeared: from the 19<sup>th<\/sup>&nbsp;century, when the women question emerged, through the socialist and Kemalist projects where the theme of women\u2019s emancipation became a tool for \u201cfundamental legitimization\u201d (Giomi, Zerman 2018), to the liberal transitions that redefined their place in society. All these transformations have had an impact on the different strategies of women\u2019s appearance in literary and artistic fields. Second, these commitments will be studied through the lens of the history of relations between arts, literature and politics in these countries. Literary and artistic history of the South-East European countries, often referred to as literary and artistic \u201cperipheries\u201d (Casanova 2008), is marked by its relationship to politics: thus, in the 19th and early 20th centuries, arts and literature were actively involved in the so-called \u201cnational revival\u201d or \u201cnational reconstruction\u201d movements. Then, under socialism, the regimes called writers and artists to define their work according to their commitment and social critique, and even, for some of them, to subordinate their art to politics. In these contexts, we cannot only think of the engaged intellectual as an \u201coutsider\u201d (Sa\u00efd, 1996) or as a dissident. Spaces of friction between collaboration and subversion or dissent seem therefore particularly relevant for this study. Engagement can even, in highly politicized contexts, take on anti-political (Kemp-Welch, 2017) or \u201cescapist\u201d forms.<\/p>\n\n\n\n<p>While scholarship has already been produced on issues of women\u2019s representation, here we wish to focus on the agency of women artists and writers, both in their artistic productions or in their feminist modes of organisation in the literary and artistic fields. This issue invites researchers to think about political engagement in artworks, its aesthetic implications, but also as action and mode of organisation for women in the literary and artistic fields: women can get involved as creators or writers, but also by occupying other functions in these fields &#8211; we think specifically of art critics, technical professions, translators, etc.<\/p>\n\n\n\n<p>We invite contributors to understand the label \u201cfeminist\u201d in a broad sense: some women artists or writers may not have used it for themselves, or may even have rejected it (L\u00f3r\u00e1nd, 2018). However, the analysis can address their engagement, trajectory and artistic productions as feminist. This open definition of the term \u201cfeminist\u201d refers to any political, artistic, literary engagement that highlights the specificity of women\u2019s living conditions and the oppressions women face as a social group.<\/p>\n\n\n\n<p>This issue is open to contributions from different fields in human and social sciences (literature, art history, aesthetics, philosophy, history, sociology, geography, anthropology, political science). Wishing to contribute to the writing of a \u201cintertwined, transnational and comparative\u201d feminist intellectual history of the Balkans (Daskalova, 2018), we strongly encourage works that propose a comparative and transdisciplinary perspective.<\/p>\n\n\n\n<p><strong>Proposal submission<\/strong><\/p>\n\n\n\n<p>Proposals for articles, in either French or English, will be sent by e-mail to the editors of the issue, Lola Sinoimeri (<a href=\"mailto:lola-sinoimeri@riseup.net\">lola-sinoimeri@riseup.net<\/a>) and Na\u00efma Berkane (<a href=\"mailto:naimaberkane@outlook.fr\">naimaberkane@outlook.fr<\/a>) on 6<sup>th<\/sup>&nbsp;May 2022 at the latest. They will include the title, an abstract (up to 500&nbsp;words), five key-words, a bio-bibliographic note and the authors\u2019 contact information. The authors will be informed by the editors about the selection of proposals by e-mail in June 2022. Authors will then be required to submit a first version of their papers before 18<sup>th<\/sup>&nbsp;December 2022 at the latest. The articles will be submitted to dual-anonymous peer reviewing, after which authors will have a month to modify their papers according to the remarks, critics and suggestions received. The issue should finally be published in autumn 2023.<\/p>\n\n\n\n<p><strong>Bibliography<\/strong><\/p>\n\n\n\n<p>Blagojevi\u0107 Jelisaveta, Kolozova Katerina et Slap\u0161ak Svetlana (dir.), <em>Gender and Identity: Theories from and\/or on Southeastern Europe<\/em>, Belgrade, Centar za \u017eenske studije &amp; Centar za studije roda i politike, Fakultet politi\u010dkih nauka, 2006.<\/p>\n\n\n\n<p>Casanova Pascale, <em>La R\u00e9publique mondiale des Lettres <\/em>[The World Republic of Letters], Paris, \u00c9ditions du Seuil, 2008.<\/p>\n\n\n\n<p>Daskalova Krassimira, \u00ab&nbsp;Women\u2019s and Gender History in the Balkans: Looking Back Over 50 years of Teaching and Research&nbsp;\u00bb, <em>Clio.<\/em> <em>Women, Gender, History<\/em>, vol.&nbsp;2, n<sup>o<\/sup>&nbsp;48, 2018, p.&nbsp;181-191.<\/p>\n\n\n\n<p>Giomi Fabio, Zerman Ece, \u00ab&nbsp;The (Post-)Ottoman World Through the Prism of Gender&nbsp;\u00bb, <em>Clio.<\/em> <em>Women, Gender, History<\/em>, vol.&nbsp;2, n<sup>o<\/sup>48, 2018, p.&nbsp;7-16.<\/p>\n\n\n\n<p>Kemp-Welch Lucy, <em>Antipolitics in Central European Art<\/em>, Londres, I.B. Tauris, 2017.<\/p>\n\n\n\n<p>L\u00f3r\u00e1nd Zsofia, <em>The Feminist Challenge to the Socialist State in Yugoslavia<\/em>, Londres, Palgrave MacMillan, 2018.<\/p>\n\n\n\n<p>Luki\u0107 Jasmina, \u00ab&nbsp;Rod i migracija u postjugoslovenskoj knji\u017eevnosti kao transnacionalnoj knji\u017eevnosti&nbsp;\u00bb [Gender and Migration in Post-Yugoslav Literature as Transnational Literature], <em>Re\u010d<\/em>, n<sup>o<\/sup>&nbsp;87.33, 2017, p.&nbsp;273-291.<\/p>\n\n\n\n<p>Matijevi\u0107 Tijana, <em>From Post-Yugoslavia to the Female Continent: a Feminist Reading of Post-Yugoslav Literature<\/em>, Bielefeld, Transcript, 2020.<\/p>\n\n\n\n<p>Petrovi\u0107 Jelena, <em>Women\u2019s Authorship in Interwar Yugoslavia: The Politics of Love and Struggle<\/em>, Londres, Palgrave MacMillan, 2018.<\/p>\n\n\n\n<p>Sa\u00efd Edward, <em>Representations of the intellectual: the 1993 Reith lectures<\/em>, New York, Vintage Books, 1996.<\/p>\n\n\n\n<p>Zelenovi\u0107 Ana Simona, \u00ab\u00a0Teoretizacija feministi\u010dke umetnosti u socijalisti\u010dkoj Jugoslaviji\u00a0\u00bb [Theorising Feminist Arts in Socialist Yugoslavia], <em>Genero<\/em>, n<sup>o<\/sup>\u00a024, 2020, p.\u00a071-111.<\/p>\n\n\n\n<hr class=\"wp-block-separator\"\/>\n\n\n\n<p><a href=\"https:\/\/journals.openedition.org\/balkanologie\/3259\">https:\/\/journals.openedition.org\/balkanologie\/3259<\/a><\/p>\n\n\n\n<hr class=\"wp-block-separator\"\/>\n","protected":false},"excerpt":{"rendered":"","protected":false},"author":2,"featured_media":27124,"comment_status":"open","ping_status":"open","sticky":false,"template":"","format":"standard","meta":{"_acf_changed":false,"_jetpack_newsletter_access":"","_jetpack_dont_email_post_to_subs":false,"_jetpack_newsletter_tier_id":0,"_jetpack_memberships_contains_paywalled_content":false,"_jetpack_memberships_contains_paid_content":false,"footnotes":"","jetpack_publicize_message":"","jetpack_publicize_feature_enabled":true,"jetpack_social_post_already_shared":true,"jetpack_social_options":{"image_generator_settings":{"template":"highway","default_image_id":0,"font":"","enabled":false},"version":2},"jetpack_post_was_ever_published":false},"categories":[3],"tags":[],"class_list":["post-29880","post","type-post","status-publish","format-standard","has-post-thumbnail","hentry","category-novosti"],"acf":{"facebook_opis":""},"jetpack_publicize_connections":[],"jetpack_featured_media_url":"https:\/\/i0.wp.com\/historiografija.hr\/wp-content\/uploads\/2021\/08\/Balkanologie.png?fit=900%2C147&ssl=1","jetpack_sharing_enabled":true,"jetpack-related-posts":[{"id":54169,"url":"https:\/\/historiografija.hr\/?p=54169","url_meta":{"origin":29880,"position":0},"title":"Women, Nationalism, and Social Networks in the Habsburg Monarchy, 1848\u20131918","author":"Branimir Jankovi\u0107","date":"18. lipnja 2026.","format":false,"excerpt":"Edited by Marta Verginella Purdue University Press Series: Central European Studies 258 Pages Published 2023 Women, Nationalism, and Social Networks in the Habsburg Monarchy, 1848\u20131918 focuses on the lives of women in Southeastern Europe during the nineteenth and twentieth centuries, exploring the intersection of gender and nationalism. By looking at\u2026","rel":"","context":"U &quot;Knjige&quot;","block_context":{"text":"Knjige","link":"https:\/\/historiografija.hr\/?cat=8"},"img":{"alt_text":"","src":"https:\/\/historiografija.hr\/wp-content\/uploads\/2026\/06\/Verginella.avif","width":350,"height":200,"srcset":"https:\/\/historiografija.hr\/wp-content\/uploads\/2026\/06\/Verginella.avif 1x, https:\/\/historiografija.hr\/wp-content\/uploads\/2026\/06\/Verginella.avif 1.5x"},"classes":[]},{"id":54554,"url":"https:\/\/historiografija.hr\/?p=54554","url_meta":{"origin":29880,"position":1},"title":"CfP: Religion and Revolution: Alternative Religiosity and Radical Politics in the (Post-)Industrial Age (1800-2000)","author":"Branimir Jankovi\u0107","date":"10. srpnja 2026.","format":false,"excerpt":"This conference invites scholars to examine the intersections between left-wing and\/or revolutionary politics and alternative religiosity over the past two centuries. Alternative religious ideas and practices have served as powerful resources for the political imagination, social critique, and revolutionary mobilization. Yet the relationship between alternative religious currents and emancipatory politics\u2026","rel":"","context":"U &quot;Novosti&quot;","block_context":{"text":"Novosti","link":"https:\/\/historiografija.hr\/?cat=3"},"img":{"alt_text":"","src":"https:\/\/i0.wp.com\/historiografija.hr\/wp-content\/uploads\/2017\/10\/hsozkult.png?fit=1006%2C241&ssl=1&resize=350%2C200","width":350,"height":200,"srcset":"https:\/\/i0.wp.com\/historiografija.hr\/wp-content\/uploads\/2017\/10\/hsozkult.png?fit=1006%2C241&ssl=1&resize=350%2C200 1x, https:\/\/i0.wp.com\/historiografija.hr\/wp-content\/uploads\/2017\/10\/hsozkult.png?fit=1006%2C241&ssl=1&resize=525%2C300 1.5x, https:\/\/i0.wp.com\/historiografija.hr\/wp-content\/uploads\/2017\/10\/hsozkult.png?fit=1006%2C241&ssl=1&resize=700%2C400 2x"},"classes":[]},{"id":54470,"url":"https:\/\/historiografija.hr\/?p=54470","url_meta":{"origin":29880,"position":2},"title":"Women\u2019s Labour Activism in Eastern Europe and Beyond: A New Transnational History","author":"Branimir Jankovi\u0107","date":"6. srpnja 2026.","format":false,"excerpt":"Selin \u00c7a\u011fatay (Author), M\u00e1ty\u00e1s Erd\u00e9lyi (Author), Alexandra Ghi\u021b (Author), Olga Gnydiuk (Author), Veronika Helfert (Author), Ivelina Masheva (Author), Zhanna Popova (Author), Jelena Te\u0161ija (Author), Eszter Varsa (Author), Susan Zimmermann (Author) Series: Work Around the World This collaborative monograph presents a deeply researched, inclusive history of women\u2019s labour activism in Eastern\u2026","rel":"","context":"U &quot;E-knjige&quot;","block_context":{"text":"E-knjige","link":"https:\/\/historiografija.hr\/?cat=19"},"img":{"alt_text":"","src":"https:\/\/i0.wp.com\/historiografija.hr\/wp-content\/uploads\/2026\/07\/Activism-book.jpg?fit=652%2C442&ssl=1&resize=350%2C200","width":350,"height":200,"srcset":"https:\/\/i0.wp.com\/historiografija.hr\/wp-content\/uploads\/2026\/07\/Activism-book.jpg?fit=652%2C442&ssl=1&resize=350%2C200 1x, https:\/\/i0.wp.com\/historiografija.hr\/wp-content\/uploads\/2026\/07\/Activism-book.jpg?fit=652%2C442&ssl=1&resize=525%2C300 1.5x"},"classes":[]},{"id":54844,"url":"https:\/\/historiografija.hr\/?p=54844","url_meta":{"origin":29880,"position":3},"title":"Marcel van der Linden, &#8220;The World Wide Web of Work: A history in the making&#8221;","author":"Branimir Jankovi\u0107","date":"30. srpnja 2026.","format":false,"excerpt":"Global Labour History has rapidly gained ground as a field of study in the 21st century, attracting interest in the Global South and North alike. Scholars derive inspiration from the broad perspective and the effort to perceive connections between global trends over time in work and labour relations, incorporating slaves,\u2026","rel":"","context":"U &quot;E-knjige&quot;","block_context":{"text":"E-knjige","link":"https:\/\/historiografija.hr\/?cat=19"},"img":{"alt_text":"","src":"https:\/\/i0.wp.com\/historiografija.hr\/wp-content\/uploads\/2026\/07\/Linden-2.jpg?fit=652%2C534&ssl=1&resize=350%2C200","width":350,"height":200,"srcset":"https:\/\/i0.wp.com\/historiografija.hr\/wp-content\/uploads\/2026\/07\/Linden-2.jpg?fit=652%2C534&ssl=1&resize=350%2C200 1x, https:\/\/i0.wp.com\/historiografija.hr\/wp-content\/uploads\/2026\/07\/Linden-2.jpg?fit=652%2C534&ssl=1&resize=525%2C300 1.5x"},"classes":[]},{"id":52692,"url":"https:\/\/historiografija.hr\/?p=52692","url_meta":{"origin":29880,"position":4},"title":"Florian Bieber \u201eHvar in the Modern Age: Identity and Change in Southeast Europe\u201c","author":"Filip \u0160imunjak","date":"28. travnja 2026.","format":false,"excerpt":"Description\u00a0 In this open-access book, Florian Bieber traces the history of the Adriatic island of Hvar over half a millennium, from the advent of Venetian rule in the 15th century to the end of Yugoslavia in the late 20th century. The history of Hvar tells a larger story about modernity,\u2026","rel":"","context":"U &quot;Knjige&quot;","block_context":{"text":"Knjige","link":"https:\/\/historiografija.hr\/?cat=8"},"img":{"alt_text":"","src":"https:\/\/i0.wp.com\/historiografija.hr\/wp-content\/uploads\/2026\/04\/Florian-Bieber-Hvar-in-the-Modern-Age-Identity-and-Change-in-Southeast-Europe.webp?fit=540%2C810&ssl=1&resize=350%2C200","width":350,"height":200,"srcset":"https:\/\/i0.wp.com\/historiografija.hr\/wp-content\/uploads\/2026\/04\/Florian-Bieber-Hvar-in-the-Modern-Age-Identity-and-Change-in-Southeast-Europe.webp?fit=540%2C810&ssl=1&resize=350%2C200 1x, https:\/\/i0.wp.com\/historiografija.hr\/wp-content\/uploads\/2026\/04\/Florian-Bieber-Hvar-in-the-Modern-Age-Identity-and-Change-in-Southeast-Europe.webp?fit=540%2C810&ssl=1&resize=525%2C300 1.5x"},"classes":[]},{"id":52673,"url":"https:\/\/historiografija.hr\/?p=52673","url_meta":{"origin":29880,"position":5},"title":"TWO POSTDOCTORAL POSITIONS IN THE &#8220;PROLETGARD ERC STARTING GRANT PROJECT&#8221;, KASS\u00c1K FOUNDATION, BUDAPEST (DEADLINE: 1ST MAY 2026)","author":"Branimir Jankovi\u0107","date":"27. travnja 2026.","format":false,"excerpt":"This five-year ERC-funded project examines how avant-garde art contributed to the formation of a workers\u2019 movement counterculture in East Central Europe after 1918. It argues that socialist and avant-garde periodicals, groups, and figures shaped both avant-garde culture and transnational workers\u2019 movements. Focusing on the successor states of the Austro\u2013Hungarian Empire\u2026","rel":"","context":"U &quot;Novosti&quot;","block_context":{"text":"Novosti","link":"https:\/\/historiografija.hr\/?cat=3"},"img":{"alt_text":"","src":"https:\/\/i0.wp.com\/historiografija.hr\/wp-content\/uploads\/2017\/10\/hsozkult.png?fit=1006%2C241&ssl=1&resize=350%2C200","width":350,"height":200,"srcset":"https:\/\/i0.wp.com\/historiografija.hr\/wp-content\/uploads\/2017\/10\/hsozkult.png?fit=1006%2C241&ssl=1&resize=350%2C200 1x, https:\/\/i0.wp.com\/historiografija.hr\/wp-content\/uploads\/2017\/10\/hsozkult.png?fit=1006%2C241&ssl=1&resize=525%2C300 1.5x, https:\/\/i0.wp.com\/historiografija.hr\/wp-content\/uploads\/2017\/10\/hsozkult.png?fit=1006%2C241&ssl=1&resize=700%2C400 2x"},"classes":[]}],"_links":{"self":[{"href":"https:\/\/historiografija.hr\/index.php?rest_route=\/wp\/v2\/posts\/29880","targetHints":{"allow":["GET"]}}],"collection":[{"href":"https:\/\/historiografija.hr\/index.php?rest_route=\/wp\/v2\/posts"}],"about":[{"href":"https:\/\/historiografija.hr\/index.php?rest_route=\/wp\/v2\/types\/post"}],"author":[{"embeddable":true,"href":"https:\/\/historiografija.hr\/index.php?rest_route=\/wp\/v2\/users\/2"}],"replies":[{"embeddable":true,"href":"https:\/\/historiografija.hr\/index.php?rest_route=%2Fwp%2Fv2%2Fcomments&post=29880"}],"version-history":[{"count":1,"href":"https:\/\/historiografija.hr\/index.php?rest_route=\/wp\/v2\/posts\/29880\/revisions"}],"predecessor-version":[{"id":29881,"href":"https:\/\/historiografija.hr\/index.php?rest_route=\/wp\/v2\/posts\/29880\/revisions\/29881"}],"wp:featuredmedia":[{"embeddable":true,"href":"https:\/\/historiografija.hr\/index.php?rest_route=\/wp\/v2\/media\/27124"}],"wp:attachment":[{"href":"https:\/\/historiografija.hr\/index.php?rest_route=%2Fwp%2Fv2%2Fmedia&parent=29880"}],"wp:term":[{"taxonomy":"category","embeddable":true,"href":"https:\/\/historiografija.hr\/index.php?rest_route=%2Fwp%2Fv2%2Fcategories&post=29880"},{"taxonomy":"post_tag","embeddable":true,"href":"https:\/\/historiografija.hr\/index.php?rest_route=%2Fwp%2Fv2%2Ftags&post=29880"}],"curies":[{"name":"wp","href":"https:\/\/api.w.org\/{rel}","templated":true}]}}