{"id":29877,"date":"2022-02-08T22:51:25","date_gmt":"2022-02-08T22:51:25","guid":{"rendered":"http:\/\/historiografija.hr\/?p=29877"},"modified":"2022-02-08T22:51:25","modified_gmt":"2022-02-08T22:51:25","slug":"natasa-polgar-vjestica-na-kaucu-psihoanaliticki-ogledi-o-sudenjima-vjesticama-u-hrvatskoj","status":"publish","type":"post","link":"https:\/\/historiografija.hr\/?p=29877","title":{"rendered":"Nata\u0161a Polgar, \u201cVje\u0161tica na kau\u010du: psihoanaliti\u010dki ogledi o su\u0111enjima vje\u0161ticama u Hrvatskoj\u201d"},"content":{"rendered":"\n<p>Nata\u0161a Polgar, dopunjuju\u0107i ranija znanstvena postignu\u0107a, iznimno vje\u0161to i akribi\u010dno, nadogra\u0111uje i vlastitu metodologiju, a rezultat je interdisciplinarno relevantna reinterpretacija intrigantne teme. U tom novom svjetlu progoni vje\u0161tica u Zagrebu i okolici postaju va\u017eni prilozi povijesti \u017eena, povijesti nesvjesnoga, ali i upozoravaju\u0107i pokazatelj na\u010dina konstruiranja Drugosti te manipulacija njome kao glavnim sredstvom nadzora nad subjektima, na\u017ealost ne samo u ranome novom vijeku.<\/p>\n\n\n\n<p>prof. dr. sc. Ljiljana Marks<\/p>\n\n\n\n<hr class=\"wp-block-separator\"\/>\n\n\n\n<p>Uvo\u0111enje psihoanaliti\u010dkoga, lakanovskoga aparata nastoji ukazati na ulogu nesvjesnoga u konstruiranju vje\u0161tica pa autorica razmatra razloge progone vje\u0161tica iz druga\u010dije perspektive od onih uvrije\u017eenih u historiografiji i folkloristici, no oslanjaju\u0107i se na dosege i metodologije spomenutih disciplina. Autori\u010din pristup je ponajprije psihoanaliti\u010dki i u tome je sadr\u017eana posebnost i znanstvena vrijednost ove knjige. Kako vjerovanje u vje\u0161tice pripada sustavu vjerovanja u fantasti\u010dna bi\u0107a, psihoanaliti\u010dka metodologija izrazito je primjerena budu\u0107i da se psihoanaliza bavi odnosom fantasti\u010dnog i realnog te njihovim problemati\u010dnim spojem u kulturi Zapada.&nbsp; Fantazije su uvijek vezane uz strahove, \u010dime svakako valja uputiti na to da se ovdje misli na fantazije negativnog predznaka kojih se osoba ili kolektiv osloba\u0111a putem mehanizma projekcije, odnosno projektivne identifikacije. Tako autorica, osim \u0161to obja\u0161njava projekciju strahova na vje\u0161tice, tako\u0111er upu\u0107uje na \u0161ire mogu\u0107nosti pristupa strahu i u drugim povijesnim razdobljima. Kolektivni strahovi te \u201cpovla\u0161teni\u201d objekti u koje odla\u017eemo vlastite strahove svakako su i goru\u0107i problem suvremenog dru\u0161tva i kulture, samo \u0161to na mjestu koje su zauzimale vje\u0161tice \u2013 stoji neki drugi demonizirani objekt.<\/p>\n\n\n\n<p>prof. dr. sc. \u017deljka Matija\u0161evi\u0107\u200b<\/p>\n\n\n\n<hr class=\"wp-block-separator\"\/>\n\n\n\n<p>Nakladnik: Institut za etnologiju i folkloristiku<\/p>\n\n\n\n<p>Godina izdanja: 2021.<\/p>\n\n\n\n<hr class=\"wp-block-separator\"\/>\n\n\n\n<p>Izvor i sadr\u017eaj:<\/p>\n\n\n\n<figure class=\"wp-block-embed-wordpress wp-block-embed is-type-wp-embed is-provider-institut-za-etnologiju-i-folkloristiku\"><div class=\"wp-block-embed__wrapper\">\n<blockquote class=\"wp-embedded-content\" data-secret=\"XjGrWVRYFN\"><a href=\"https:\/\/www.ief.hr\/novosti\/vjestica-na-kaucu-psihoanaliticki-ogledi-o-sudenjima-vjesticama-u-hrvatskoj\/\">Vje\u0161tica na kau\u010du: psihoanaliti\u010dki ogledi o su\u0111enjima vje\u0161ticama u Hrvatskoj<\/a><\/blockquote><iframe loading=\"lazy\" class=\"wp-embedded-content\" sandbox=\"allow-scripts\" security=\"restricted\" style=\"position: absolute; clip: rect(1px, 1px, 1px, 1px);\" title=\"&#8220;Vje\u0161tica na kau\u010du: psihoanaliti\u010dki ogledi o su\u0111enjima vje\u0161ticama u Hrvatskoj&#8221; &#8212; Institut za etnologiju i folkloristiku\" src=\"https:\/\/www.ief.hr\/novosti\/vjestica-na-kaucu-psihoanaliticki-ogledi-o-sudenjima-vjesticama-u-hrvatskoj\/embed\/#?secret=XjGrWVRYFN\" data-secret=\"XjGrWVRYFN\" width=\"600\" height=\"338\" frameborder=\"0\" marginwidth=\"0\" marginheight=\"0\" scrolling=\"no\"><\/iframe>\n<\/div><\/figure>\n\n\n\n<hr class=\"wp-block-separator\"\/>\n","protected":false},"excerpt":{"rendered":"","protected":false},"author":2,"featured_media":29878,"comment_status":"open","ping_status":"open","sticky":false,"template":"","format":"standard","meta":{"_acf_changed":false,"jetpack_post_was_ever_published":false,"_jetpack_newsletter_access":"","_jetpack_dont_email_post_to_subs":false,"_jetpack_newsletter_tier_id":0,"_jetpack_memberships_contains_paywalled_content":false,"_jetpack_memberships_contains_paid_content":false,"footnotes":"","jetpack_publicize_message":"","jetpack_publicize_feature_enabled":true,"jetpack_social_post_already_shared":true,"jetpack_social_options":{"image_generator_settings":{"template":"highway","default_image_id":0,"font":"","enabled":false},"version":2}},"categories":[8,3],"tags":[],"class_list":["post-29877","post","type-post","status-publish","format-standard","has-post-thumbnail","hentry","category-knjige","category-novosti"],"acf":{"facebook_opis":""},"jetpack_publicize_connections":[],"jetpack_featured_media_url":"https:\/\/i0.wp.com\/historiografija.hr\/wp-content\/uploads\/2022\/02\/Polgar_naslovna.jpeg?fit=843%2C603&ssl=1","jetpack_sharing_enabled":true,"jetpack-related-posts":[],"_links":{"self":[{"href":"https:\/\/historiografija.hr\/index.php?rest_route=\/wp\/v2\/posts\/29877","targetHints":{"allow":["GET"]}}],"collection":[{"href":"https:\/\/historiografija.hr\/index.php?rest_route=\/wp\/v2\/posts"}],"about":[{"href":"https:\/\/historiografija.hr\/index.php?rest_route=\/wp\/v2\/types\/post"}],"author":[{"embeddable":true,"href":"https:\/\/historiografija.hr\/index.php?rest_route=\/wp\/v2\/users\/2"}],"replies":[{"embeddable":true,"href":"https:\/\/historiografija.hr\/index.php?rest_route=%2Fwp%2Fv2%2Fcomments&post=29877"}],"version-history":[{"count":1,"href":"https:\/\/historiografija.hr\/index.php?rest_route=\/wp\/v2\/posts\/29877\/revisions"}],"predecessor-version":[{"id":29879,"href":"https:\/\/historiografija.hr\/index.php?rest_route=\/wp\/v2\/posts\/29877\/revisions\/29879"}],"wp:featuredmedia":[{"embeddable":true,"href":"https:\/\/historiografija.hr\/index.php?rest_route=\/wp\/v2\/media\/29878"}],"wp:attachment":[{"href":"https:\/\/historiografija.hr\/index.php?rest_route=%2Fwp%2Fv2%2Fmedia&parent=29877"}],"wp:term":[{"taxonomy":"category","embeddable":true,"href":"https:\/\/historiografija.hr\/index.php?rest_route=%2Fwp%2Fv2%2Fcategories&post=29877"},{"taxonomy":"post_tag","embeddable":true,"href":"https:\/\/historiografija.hr\/index.php?rest_route=%2Fwp%2Fv2%2Ftags&post=29877"}],"curies":[{"name":"wp","href":"https:\/\/api.w.org\/{rel}","templated":true}]}}