{"id":29871,"date":"2022-02-08T22:40:10","date_gmt":"2022-02-08T22:40:10","guid":{"rendered":"http:\/\/historiografija.hr\/?p=29871"},"modified":"2022-02-08T22:40:10","modified_gmt":"2022-02-08T22:40:10","slug":"cfp-post-imperial-and-post-socialist-legacies-in-todays-populisms-in-central-and-eastern-europe","status":"publish","type":"post","link":"https:\/\/historiografija.hr\/?p=29871","title":{"rendered":"CfP: Post-Imperial and Post-Socialist Legacies in Today\u00b4s Populisms in Central and Eastern Europe"},"content":{"rendered":"\n<p>It is our pleasure to invite you to submit contributions for our upcoming conference, &#8220;Post-Imperial and Post-Socialist Legacies in Today\u00b4s Populisms in Central and Eastern Europe&#8221;. The conference is organized by the Research Institute Social Cohesion (FGZ) and the Leibniz Institute for the History and Culture of Eastern Europe (GWZO). It will take place in Leipzig on June 15th to 17th, 2022.<strong><\/strong><\/p>\n\n\n\n<p><strong>&#8220;Post-Imperial and Post-Socialist Legacies in Today\u00b4s Populisms in Central and Eastern Europe&#8221;<\/strong><\/p>\n\n\n\n<p>Populism has become a supranational phenomenon, leading researchers to re-evaluate the positioning of national societies and regions today. The varieties of populism that can be observed in Central and Eastern Europe tend to re-establish societies with a strong emphasis on national identity and sovereignty. References to historical predecessors from the post-imperial era \u2013 who opposed foreign infiltration into their respective nations \u2013 are made by political leaders to reconstruct the national myths and identities that emerged in the interwar period. This conference addresses to what extent populist parties and movements reinterpret historical peculiarities to restore national pride and give a new sense of direction. What influence have different experiences of the imperial age, the collapse of empires, or the legacies of socialism and transformations after 1989 had on the various forms of populism which exist today?<\/p>\n\n\n\n<p>Through this call for papers, we invite scholars to submit contributions against the background of historical upheavals and developments in politics and society \u2013 with our particular interest being in post-imperial legacies and their relevance for countries in Central and Eastern Europe:<\/p>\n\n\n\n<p>&#8211; Are there post-imperial legacies which play a role in contemporary populism in the region?<br>&#8211; Can the differences among national populisms be traced back to experiences of the (post-)imperial era and transition phase? Or does the imperial past no longer play a role?<\/p>\n\n\n\n<p>We are also particularly interested in comparative approaches that examine different forms of populism within Eastern and Central Europe (intraregional comparison) as well as in comparison with other world regions (interregional comparison).<\/p>\n\n\n\n<p><strong>Areas of interest<\/strong><\/p>\n\n\n\n<p>Topics for this call for papers can include, but are not limited to, the following:<\/p>\n\n\n\n<p>&#8211; Post-imperial transition and nation-building<br>&#8211; Actualization of political leaders and figures of the imperial and post-imperial eras<br>&#8211; Return to a politics of \u201cpride and glory\u201d<br>&#8211; Historical events in current populist discourse<br>&#8211; Influence of post-socialist political structures and cultures on populism today<\/p>\n\n\n\n<p>Please send your abstract of no more than 300 words with a short biographical note to Paolo Zucconi at paolo.zucconi@uni-leipzig.de by March 13th, 2022.<\/p>\n\n\n\n<p>In the run-up to the conference, we will circulate the manuscripts of the presentations and papers among the commentators.<\/p>\n\n\n\n<p>For any enquiries regarding the conference, please contact Hana Rydza at hana.rydza@leibniz-gwzo.de.<\/p>\n\n\n\n<p><strong>About us<\/strong><\/p>\n\n\n\n<p>Located in ten different German federal states, The Research Institute Social Cohesion (FGZ) is an institute funded by the German Federal Ministry of Education and Research which focuses on the regional diversity of social cohesion in Germany and beyond. The institute\u2019s nearly 200 scientists from a variety of disciplines use empirical studies and large-scale comparisons to develop practical suggestions to help meet today&#8217;s societal challenges. The researchers cover aspects such as identities, inequalities and solidarity, media and conflict culture, political polarization and populism, and anti-Semitism and hate crimes.<\/p>\n\n\n\n<p>The Leibniz Institute for History and Culture of Eastern Europe (GWZO) focuses on the region between the Baltic Sea, Black Sea and Adriatic Sea from the Early Middle Ages to the present day in a comparative perspective. The institute seeks to contribute to a deeper understanding of the current political, economic and social developments in the countries, societies and cultures of Eastern Europe, especially the countries of East Central Europe.<\/p>\n\n\n\n<p><strong>Kontakt<\/strong><\/p>\n\n\n\n<p>E-Mail: paolo.zucconi@uni-leipzig.de<br>E-Mail: hana.rydza@leibniz-gwzo.de<\/p>\n\n\n\n<hr class=\"wp-block-separator\"\/>\n\n\n\n<p><a href=\"https:\/\/www.hsozkult.de\/event\/id\/event-115707\">https:\/\/www.hsozkult.de\/event\/id\/event-115707<\/a><\/p>\n\n\n\n<hr class=\"wp-block-separator\"\/>\n","protected":false},"excerpt":{"rendered":"","protected":false},"author":2,"featured_media":6331,"comment_status":"open","ping_status":"open","sticky":false,"template":"","format":"standard","meta":{"_acf_changed":false,"_jetpack_newsletter_access":"","_jetpack_dont_email_post_to_subs":false,"_jetpack_newsletter_tier_id":0,"_jetpack_memberships_contains_paywalled_content":false,"_jetpack_memberships_contains_paid_content":false,"footnotes":"","jetpack_publicize_message":"","jetpack_publicize_feature_enabled":true,"jetpack_social_post_already_shared":true,"jetpack_social_options":{"image_generator_settings":{"template":"highway","default_image_id":0,"font":"","enabled":false},"version":2},"jetpack_post_was_ever_published":false},"categories":[3,9],"tags":[],"class_list":["post-29871","post","type-post","status-publish","format-standard","has-post-thumbnail","hentry","category-novosti","category-skupovi"],"acf":{"facebook_opis":""},"jetpack_publicize_connections":[],"jetpack_featured_media_url":"https:\/\/i0.wp.com\/historiografija.hr\/wp-content\/uploads\/2017\/10\/hsozkult.png?fit=1006%2C241&ssl=1","jetpack_sharing_enabled":true,"jetpack-related-posts":[{"id":55062,"url":"https:\/\/historiografija.hr\/?p=55062","url_meta":{"origin":29871,"position":0},"title":"CfP: The Making of Solidarity: A\u00a0Conference on Eastern and Central European Dissidents, 1945-1991","author":"Branimir Jankovi\u0107","date":"24. kolovoza 2026.","format":false,"excerpt":"This open call invites proposals for an interdisciplinary conference on Eastern and Central European dissidence, solidarity, and anti-imperial thought. The Making of Solidarity: A\u00a0Conference on Eastern and Central European Dissidents, 1945-1991 16.-17. November 2026 A close reading of Ivan Dziuba\u2019s classic\u00a01965 essay Internationalism or Russification? offers a\u00a0useful lens through which\u2026","rel":"","context":"U &quot;Novosti&quot;","block_context":{"text":"Novosti","link":"https:\/\/historiografija.hr\/?cat=3"},"img":{"alt_text":"","src":"https:\/\/i0.wp.com\/historiografija.hr\/wp-content\/uploads\/2026\/08\/The-Making-of-Solidarity.png?fit=883%2C662&ssl=1&resize=350%2C200","width":350,"height":200,"srcset":"https:\/\/i0.wp.com\/historiografija.hr\/wp-content\/uploads\/2026\/08\/The-Making-of-Solidarity.png?fit=883%2C662&ssl=1&resize=350%2C200 1x, https:\/\/i0.wp.com\/historiografija.hr\/wp-content\/uploads\/2026\/08\/The-Making-of-Solidarity.png?fit=883%2C662&ssl=1&resize=525%2C300 1.5x, https:\/\/i0.wp.com\/historiografija.hr\/wp-content\/uploads\/2026\/08\/The-Making-of-Solidarity.png?fit=883%2C662&ssl=1&resize=700%2C400 2x"},"classes":[]},{"id":54487,"url":"https:\/\/historiografija.hr\/?p=54487","url_meta":{"origin":29871,"position":1},"title":"Workshop &#8220;Experts in Transition: Political Epistemologies of 1980s\u20132000s East Central Europe&#8221;","author":"Branimir Jankovi\u0107","date":"7. srpnja 2026.","format":false,"excerpt":"On July 9\u201310, 2026, the Institute of Contemporary History in Ljubljana will host the international workshop: Experts in Transition: Political Epistemologies of 1980s\u20132000s East Central Europe The workshop is open to the public and to interested scholars. If you are planning to participate, please write to Adela H\u00eencu \u2013 adela.hincu@inz.si\u2026","rel":"","context":"U &quot;Novosti&quot;","block_context":{"text":"Novosti","link":"https:\/\/historiografija.hr\/?cat=3"},"img":{"alt_text":"","src":"https:\/\/i0.wp.com\/historiografija.hr\/wp-content\/uploads\/2026\/07\/01-INZ-logo-21-RGB-SLO_RGB.png?fit=685%2C291&ssl=1&resize=350%2C200","width":350,"height":200,"srcset":"https:\/\/i0.wp.com\/historiografija.hr\/wp-content\/uploads\/2026\/07\/01-INZ-logo-21-RGB-SLO_RGB.png?fit=685%2C291&ssl=1&resize=350%2C200 1x, https:\/\/i0.wp.com\/historiografija.hr\/wp-content\/uploads\/2026\/07\/01-INZ-logo-21-RGB-SLO_RGB.png?fit=685%2C291&ssl=1&resize=525%2C300 1.5x"},"classes":[]},{"id":52673,"url":"https:\/\/historiografija.hr\/?p=52673","url_meta":{"origin":29871,"position":2},"title":"TWO POSTDOCTORAL POSITIONS IN THE &#8220;PROLETGARD ERC STARTING GRANT PROJECT&#8221;, KASS\u00c1K FOUNDATION, BUDAPEST (DEADLINE: 1ST MAY 2026)","author":"Branimir Jankovi\u0107","date":"27. travnja 2026.","format":false,"excerpt":"This five-year ERC-funded project examines how avant-garde art contributed to the formation of a workers\u2019 movement counterculture in East Central Europe after 1918. It argues that socialist and avant-garde periodicals, groups, and figures shaped both avant-garde culture and transnational workers\u2019 movements. Focusing on the successor states of the Austro\u2013Hungarian Empire\u2026","rel":"","context":"U &quot;Novosti&quot;","block_context":{"text":"Novosti","link":"https:\/\/historiografija.hr\/?cat=3"},"img":{"alt_text":"","src":"https:\/\/i0.wp.com\/historiografija.hr\/wp-content\/uploads\/2017\/10\/hsozkult.png?fit=1006%2C241&ssl=1&resize=350%2C200","width":350,"height":200,"srcset":"https:\/\/i0.wp.com\/historiografija.hr\/wp-content\/uploads\/2017\/10\/hsozkult.png?fit=1006%2C241&ssl=1&resize=350%2C200 1x, https:\/\/i0.wp.com\/historiografija.hr\/wp-content\/uploads\/2017\/10\/hsozkult.png?fit=1006%2C241&ssl=1&resize=525%2C300 1.5x, https:\/\/i0.wp.com\/historiografija.hr\/wp-content\/uploads\/2017\/10\/hsozkult.png?fit=1006%2C241&ssl=1&resize=700%2C400 2x"},"classes":[]},{"id":54517,"url":"https:\/\/historiografija.hr\/?p=54517","url_meta":{"origin":29871,"position":3},"title":"CfP: Entangled Transformations: Temporalities, Experiences, and Critical Histories of Postsocialist Change in Europe","author":"Branimir Jankovi\u0107","date":"8. srpnja 2026.","format":false,"excerpt":"International Workshop organised by the Department of History, University of Warsaw and the Department of Public History, FernUniversit\u00e4t in Hagen Often framed within the triumphalist narrative, most prominently articulated in the \u201cend of history\u201d concept (Fukuyama, 1989), transformations that reshaped the socialist states in Europe in the late twentieth century\u2026","rel":"","context":"U &quot;Novosti&quot;","block_context":{"text":"Novosti","link":"https:\/\/historiografija.hr\/?cat=3"},"img":{"alt_text":"","src":"https:\/\/i0.wp.com\/historiografija.hr\/wp-content\/uploads\/2017\/10\/hsozkult.png?fit=1006%2C241&ssl=1&resize=350%2C200","width":350,"height":200,"srcset":"https:\/\/i0.wp.com\/historiografija.hr\/wp-content\/uploads\/2017\/10\/hsozkult.png?fit=1006%2C241&ssl=1&resize=350%2C200 1x, https:\/\/i0.wp.com\/historiografija.hr\/wp-content\/uploads\/2017\/10\/hsozkult.png?fit=1006%2C241&ssl=1&resize=525%2C300 1.5x, https:\/\/i0.wp.com\/historiografija.hr\/wp-content\/uploads\/2017\/10\/hsozkult.png?fit=1006%2C241&ssl=1&resize=700%2C400 2x"},"classes":[]},{"id":54470,"url":"https:\/\/historiografija.hr\/?p=54470","url_meta":{"origin":29871,"position":4},"title":"Women\u2019s Labour Activism in Eastern Europe and Beyond: A New Transnational History","author":"Branimir Jankovi\u0107","date":"6. srpnja 2026.","format":false,"excerpt":"Selin \u00c7a\u011fatay (Author), M\u00e1ty\u00e1s Erd\u00e9lyi (Author), Alexandra Ghi\u021b (Author), Olga Gnydiuk (Author), Veronika Helfert (Author), Ivelina Masheva (Author), Zhanna Popova (Author), Jelena Te\u0161ija (Author), Eszter Varsa (Author), Susan Zimmermann (Author) Series: Work Around the World This collaborative monograph presents a deeply researched, inclusive history of women\u2019s labour activism in Eastern\u2026","rel":"","context":"U &quot;E-knjige&quot;","block_context":{"text":"E-knjige","link":"https:\/\/historiografija.hr\/?cat=19"},"img":{"alt_text":"","src":"https:\/\/i0.wp.com\/historiografija.hr\/wp-content\/uploads\/2026\/07\/Activism-book.jpg?fit=652%2C442&ssl=1&resize=350%2C200","width":350,"height":200,"srcset":"https:\/\/i0.wp.com\/historiografija.hr\/wp-content\/uploads\/2026\/07\/Activism-book.jpg?fit=652%2C442&ssl=1&resize=350%2C200 1x, https:\/\/i0.wp.com\/historiografija.hr\/wp-content\/uploads\/2026\/07\/Activism-book.jpg?fit=652%2C442&ssl=1&resize=525%2C300 1.5x"},"classes":[]},{"id":54819,"url":"https:\/\/historiografija.hr\/?p=54819","url_meta":{"origin":29871,"position":5},"title":"CfP: Charter 77 at 50: Transnational Human Rights, Social Imagination, and Civic Resistance in the (Post-)Global Age","author":"Branimir Jankovi\u0107","date":"27. srpnja 2026.","format":false,"excerpt":"The Institute of Contemporary History and the Institute of Philosophy of the Czech Academy of Sciences invite proposals for a two-day international conference bringing together historical scholarship and contemporary reflections on civic activism and democratic resistance. Charter 77 at 50: Transnational Human Rights, Social Imagination, and Civic Resistance in the\u2026","rel":"","context":"U &quot;Novosti&quot;","block_context":{"text":"Novosti","link":"https:\/\/historiografija.hr\/?cat=3"},"img":{"alt_text":"","src":"https:\/\/i0.wp.com\/historiografija.hr\/wp-content\/uploads\/2017\/10\/hsozkult.png?fit=1006%2C241&ssl=1&resize=350%2C200","width":350,"height":200,"srcset":"https:\/\/i0.wp.com\/historiografija.hr\/wp-content\/uploads\/2017\/10\/hsozkult.png?fit=1006%2C241&ssl=1&resize=350%2C200 1x, https:\/\/i0.wp.com\/historiografija.hr\/wp-content\/uploads\/2017\/10\/hsozkult.png?fit=1006%2C241&ssl=1&resize=525%2C300 1.5x, https:\/\/i0.wp.com\/historiografija.hr\/wp-content\/uploads\/2017\/10\/hsozkult.png?fit=1006%2C241&ssl=1&resize=700%2C400 2x"},"classes":[]}],"_links":{"self":[{"href":"https:\/\/historiografija.hr\/index.php?rest_route=\/wp\/v2\/posts\/29871","targetHints":{"allow":["GET"]}}],"collection":[{"href":"https:\/\/historiografija.hr\/index.php?rest_route=\/wp\/v2\/posts"}],"about":[{"href":"https:\/\/historiografija.hr\/index.php?rest_route=\/wp\/v2\/types\/post"}],"author":[{"embeddable":true,"href":"https:\/\/historiografija.hr\/index.php?rest_route=\/wp\/v2\/users\/2"}],"replies":[{"embeddable":true,"href":"https:\/\/historiografija.hr\/index.php?rest_route=%2Fwp%2Fv2%2Fcomments&post=29871"}],"version-history":[{"count":1,"href":"https:\/\/historiografija.hr\/index.php?rest_route=\/wp\/v2\/posts\/29871\/revisions"}],"predecessor-version":[{"id":29872,"href":"https:\/\/historiografija.hr\/index.php?rest_route=\/wp\/v2\/posts\/29871\/revisions\/29872"}],"wp:featuredmedia":[{"embeddable":true,"href":"https:\/\/historiografija.hr\/index.php?rest_route=\/wp\/v2\/media\/6331"}],"wp:attachment":[{"href":"https:\/\/historiografija.hr\/index.php?rest_route=%2Fwp%2Fv2%2Fmedia&parent=29871"}],"wp:term":[{"taxonomy":"category","embeddable":true,"href":"https:\/\/historiografija.hr\/index.php?rest_route=%2Fwp%2Fv2%2Fcategories&post=29871"},{"taxonomy":"post_tag","embeddable":true,"href":"https:\/\/historiografija.hr\/index.php?rest_route=%2Fwp%2Fv2%2Ftags&post=29871"}],"curies":[{"name":"wp","href":"https:\/\/api.w.org\/{rel}","templated":true}]}}