{"id":29865,"date":"2022-02-08T22:13:09","date_gmt":"2022-02-08T22:13:09","guid":{"rendered":"http:\/\/historiografija.hr\/?p=29865"},"modified":"2022-02-08T22:13:09","modified_gmt":"2022-02-08T22:13:09","slug":"izlozba-zlatno-doba-podsuseda-pabirci-proslosti-2","status":"publish","type":"post","link":"https:\/\/historiografija.hr\/?p=29865","title":{"rendered":"Izlo\u017eba \u201cZlatno doba Podsuseda \u2013 pabirci pro\u0161losti\u201d"},"content":{"rendered":"\n<p>Zagreb, Knji\u017enica Kusto\u0161ija (19.01.-22.02.2022)<\/p>\n\n\n\n<hr class=\"wp-block-separator\"\/>\n\n\n\n<p>Podsused uz naselja Dolje, Bizek, Goljak, Jagodi\u0161\u0107e i Jarek najzapadniji je dio grada Zagreba. Razvija se kao samostalno naselje do 1950. godine kada biva administrativno pripojen gradu Zagrebu. Tijekom 20-ih i 30-ih godina pro\u0161loga stolje\u0107a Podsused je ladanjsko mjesto s ure\u0111enim vrtovima, parkovima, ljetnikovcima te omiljeno zagreba\u010dko izleti\u0161te i kupali\u0161te. Danas je Podsused zagreba\u010dka gradska \u010detvrt s bogatom prirodnom i kulturnom ba\u0161tinom te povije\u0161\u0107u. Stoga nas slike dru\u0161tvenog \u017eivota predstavljene ovom izlo\u017ebom vode i kroz socijalnu povijest Zagreba pribli\u017eavaju\u0107i nam \u017eivotne navike i stilove tada\u0161njih stanovnika Podsuseda i Zagreba. &nbsp;<br><br>Pozivamo vas da u izlozima Knji\u017enice Kusto\u0161ija razgledate edukativnu i zabavnu izlo\u017ebu <strong><em>Zlatno doba Podsuseda \u2013 pabirci pro\u0161losti<\/em><\/strong> nastalu u okviru projekta Kulturna i prirodna ba\u0161tina Podsuseda. <strong>Kulturna i prirodna ba\u0161tina Podsuseda<\/strong> projekt je Knji\u017enice Podsused koji od 2016. kroz razli\u010dite programe i aktivnosti senzibilizira lokalnu zajednicu na zna\u010daj o\u010duvanja i za\u0161tite kulturne ba\u0161tine Podsuseda. Program je sufinanciran sredstvima Grada Zagreba.&nbsp;<br><br>Kako to isti\u010de autorica izlo\u017ebe i voditeljica spomenutog projekta prof. Sandra Berak kada govori o ulozi Knji\u017enice Podsused kao \u010duvaru ba\u0161tine, ona ka\u017ee:<br>\u201eUloga Knji\u017enice Podsused u o\u010duvanju bogate ba\u0161tine podsusedskog kraja ogleda se u organiziranju aktivnosti kao \u0161to su primjerice sakupljanje, organiziranje te davanje na kori\u0161tenje prikupljenih informacija o lokalnoj tradiciji, izgradnja fonda i istra\u017eivanje lokalne povijesti te prezentacija prikupljenih sadr\u017eaja kroz izlo\u017ebe. Komuniciranjem prikupljenih informacija kroz izlo\u017ebe kao i kroz druge popratne aktivnosti na temu ba\u0161tine (tribine, radionice, predavanja i razgovore) nagla\u0161ava se edukativna i promid\u017ebena uloga narodnih knji\u017enica u lokalnim zajednicama kao i njihova uloga medijatora me\u0111ugeneracijske solidarnosti te integracijska uloga.\u201c<br><br>I za kraj izdvajamo iz sadr\u017eaja izlo\u017ebe citat koji govori o prijateljskim vezama i dru\u017eenjima Podsuseda i Kusto\u0161ije kroz suradnju njihovih DVD-a:<br>\u201eO bogatom \u017eivotu dru\u0161tava svjedo\u010de sa\u010duvane zamolbe za odobrenjima zabava, te izvje\u0161\u0107e iz Vatrogasne spomenice: &#8216;\u010ceta je obavila sve\u010dano posve\u0107enje novo kupljene motorne vatrogasne \u0161trcaljke dne 3 juna 1934, te je tom prilikom odr\u017eana javna vje\u017eba i poslije toga narodna veselica, koja je uz odli\u010dnu glazbu \u017eeljezni\u010dara iz Zagreba i vatrogasnu glazbu iz Kusto\u0161ije potrajala do kasno u no\u0107.&#8217;\u201c (Spomenica \/ uredio Ljubomir Jesih. Zagreb Srez: Izdanje vatrogasne \u017eupe, 1935., Str. 31)<br>&nbsp;<br>Vi\u0161e o izlo\u017ebi Zlatno doba Podsuseda \u2013 pabirci pro\u0161losti te o projektu Knji\u017enice Podsused Kulturna i prirodna ba\u0161tina Podsuseda mo\u017eete saznati na poveznicama: (20.1.2022.)<br>1. Zlatno doba Podsuseda \u2013 pabirci pro\u0161losti. URL: <a href=\"http:\/\/www.kgz.hr\/default.aspx?id=34975\">http:\/\/www.kgz.hr\/hr\/dogadjanja\/zlatno-doba-podsuseda-pabirci-proslosti\/34975<\/a><br>2. Kulturna i prirodna ba\u0161tina Podsuseda. URL:http: <a href=\"http:\/\/www.kgz.hr\/default.aspx?id=37976\">\/\/www.kgz.hr\/hr\/knjiznice\/knjiznica-podsused\/projekti\/kulturna-i-prirodna-bastina-podsuseda\/37976<\/a><br>3. Zlatno doba Podsuseda \u2013 pabirci pro\u0161losti. URL: <a href=\"http:\/\/www.kgz.hr\/default.aspx?id=37977\">http:\/\/www.kgz.hr\/hr\/knjiznice\/knjiznica-podsused\/projekti\/kulturna-i-prirodna-bastina-podsuseda\/zlatno-doba-podsuseda-pabirci-proslosti-37977\/37977<\/a><br>4. Zlatno doba Podsuseda. URL: <a href=\"https:\/\/issuu.com\/knjinicegradazagreba\/docs\/podsused_issuu__1_\" target=\"_blank\" rel=\"noreferrer noopener\">https:\/\/issuu.com\/knjinicegradazagreba\/docs\/podsused_issuu__1_<\/a><\/p>\n\n\n\n<hr class=\"wp-block-separator\"\/>\n\n\n\n<p>Izvor:<\/p>\n\n\n\n<p><a href=\"http:\/\/www.kgz.hr\/hr\/dogadjanja\/zlatno-doba-podsuseda-pabirci-proslosti-59662\/59662\">http:\/\/www.kgz.hr\/hr\/dogadjanja\/zlatno-doba-podsuseda-pabirci-proslosti-59662\/59662<\/a><\/p>\n\n\n\n<hr class=\"wp-block-separator\"\/>\n","protected":false},"excerpt":{"rendered":"","protected":false},"author":2,"featured_media":29866,"comment_status":"open","ping_status":"open","sticky":false,"template":"","format":"standard","meta":{"_acf_changed":false,"jetpack_post_was_ever_published":false,"_jetpack_newsletter_access":"","_jetpack_dont_email_post_to_subs":false,"_jetpack_newsletter_tier_id":0,"_jetpack_memberships_contains_paywalled_content":false,"_jetpack_memberships_contains_paid_content":false,"footnotes":"","jetpack_publicize_message":"","jetpack_publicize_feature_enabled":true,"jetpack_social_post_already_shared":true,"jetpack_social_options":{"image_generator_settings":{"template":"highway","default_image_id":0,"font":"","enabled":false},"version":2}},"categories":[10,3],"tags":[],"class_list":["post-29865","post","type-post","status-publish","format-standard","has-post-thumbnail","hentry","category-izlozbe","category-novosti"],"acf":{"facebook_opis":""},"jetpack_publicize_connections":[],"jetpack_featured_media_url":"https:\/\/i0.wp.com\/historiografija.hr\/wp-content\/uploads\/2022\/02\/podsused_zlatno_doba.jpg?fit=653%2C300&ssl=1","jetpack_sharing_enabled":true,"jetpack-related-posts":[],"_links":{"self":[{"href":"https:\/\/historiografija.hr\/index.php?rest_route=\/wp\/v2\/posts\/29865","targetHints":{"allow":["GET"]}}],"collection":[{"href":"https:\/\/historiografija.hr\/index.php?rest_route=\/wp\/v2\/posts"}],"about":[{"href":"https:\/\/historiografija.hr\/index.php?rest_route=\/wp\/v2\/types\/post"}],"author":[{"embeddable":true,"href":"https:\/\/historiografija.hr\/index.php?rest_route=\/wp\/v2\/users\/2"}],"replies":[{"embeddable":true,"href":"https:\/\/historiografija.hr\/index.php?rest_route=%2Fwp%2Fv2%2Fcomments&post=29865"}],"version-history":[{"count":1,"href":"https:\/\/historiografija.hr\/index.php?rest_route=\/wp\/v2\/posts\/29865\/revisions"}],"predecessor-version":[{"id":29867,"href":"https:\/\/historiografija.hr\/index.php?rest_route=\/wp\/v2\/posts\/29865\/revisions\/29867"}],"wp:featuredmedia":[{"embeddable":true,"href":"https:\/\/historiografija.hr\/index.php?rest_route=\/wp\/v2\/media\/29866"}],"wp:attachment":[{"href":"https:\/\/historiografija.hr\/index.php?rest_route=%2Fwp%2Fv2%2Fmedia&parent=29865"}],"wp:term":[{"taxonomy":"category","embeddable":true,"href":"https:\/\/historiografija.hr\/index.php?rest_route=%2Fwp%2Fv2%2Fcategories&post=29865"},{"taxonomy":"post_tag","embeddable":true,"href":"https:\/\/historiografija.hr\/index.php?rest_route=%2Fwp%2Fv2%2Ftags&post=29865"}],"curies":[{"name":"wp","href":"https:\/\/api.w.org\/{rel}","templated":true}]}}