{"id":29861,"date":"2022-02-07T22:40:30","date_gmt":"2022-02-07T22:40:30","guid":{"rendered":"http:\/\/historiografija.hr\/?p=29861"},"modified":"2022-02-07T22:42:00","modified_gmt":"2022-02-07T22:42:00","slug":"drzavni-arhiv-u-pazinu-postavljena-ploca-otokaru-kresovaniju-na-pazinskom-buraju","status":"publish","type":"post","link":"https:\/\/historiografija.hr\/?p=29861","title":{"rendered":"Dr\u017eavni arhiv u Pazinu: Postavljena plo\u010da Otokaru Kre\u0161ovaniju na pazinskom Buraju"},"content":{"rendered":"\n<p>Dana 28.1.2022. je u prisutnosti predstavnika Katedre \u010dakavskog sabora za povijest Istre, donatora tvrtke Kamen iz Pazin, Dr\u017eavnog arhiva u Pazinu te obitelji Pajca na njihovoj je renoviranoj obiteljskoj ku\u0107i, koja se nalazi na vrhu pazinske starogradske jezgre Buraja, ponovno postavljena plo\u010da hrvatskom novinaru i publicistu Otokaru Ker\u0161ovaniju, ubijenom 1941. godine od strane usta\u0161kih vlasti u zagreba\u010dkoj Dotr\u0161\u010dini.<br>U kratkom je izlaganju predsjednik Izvr\u0161nog odbora profesor Josip \u0160ikli\u0107 napomenuo va\u017enost Otokara Ker\u0161ovanija, \u010dije je ime i nosila pazinska srednja \u0161kola do po\u010detka devedesetih. U kratkom je izlaganju \u0160ikli\u0107 napomenuo kako je Ker\u0161ovani ro\u0111en u Trstu 1902. godine, pa se povratak ove plo\u010de poklapa sa 120. obljetnicom ro\u0111enja. U Pazinu \u017eivio za vrijeme prvog svjetskog rata od 1912. do 1918. godine, gdje je zavr\u0161io osnovnu \u0161kolu i \u0161est razreda hrvatske gimnazije. Nakon prvog svjetskog rata, slijede\u0107i sudbinu brojnih Istrana, obitelj odlazi \u017eivjeti u Karlovac, gdje Ker\u0161ovani pola\u017ee ispit zrelosti 1921. godine, iste godine kada Komunisti\u010dka partija Jugoslavije biva stavljena izvan zakona tzv. Obznanom. U srednje\u0161kolsko vrijeme Ker\u0161ovani izdaje \u010dasopis Timor, po inicijalima njegove devize <em>Tu\u017enu Istru moramo osloboditi radom<\/em>. Upisuje zagreba\u010dki \u0161umarski fakultet, no napu\u0161ta ga, i posve\u0107uje se novinarstvu te pi\u0161e za zagreba\u010dke Novosti i slobodnu tribinu.<br>Godine 1925. seli u Beograd te je do 1930. najintenzivnije razdoblje njegove novinarsko-publicisti\u010dke djelatnosti. Komunisti\u010dkom pokretu pristupa 1927., a idu\u0107e godina biva osu\u0111en na godinu dana zatvora. Po povratku sa zadatka u Be\u010du uhi\u0107en je 14. velja\u010de 1930. godine i osu\u0111en u Beogradu na desetgodi\u0161nji zatvor. U mitrova\u010dkoj je kaznionici nastavio politi\u010dki djelovati i pisati, osobito o aktualnim politi\u010dko-povijesnim pitanjima. Iz zatvora je pu\u0161ten 17. Velja\u010de 1940. Godine. Nakon demonstracija protiv Trojnog pakta, velika grupa intelektualaca, rukovodilaca, komunista uhi\u0107ena je u Zagrebu no\u0107u s 30. na 31. o\u017eujka 1941. godine. Me\u0111u njima bio je i Ker\u0161ovani, koji je predan u logor Kerestinec, gdje je nastavio s predavanjima i pisanjima. Odbio je nekoliko prijedloga da ga usta\u0161e oslobode, a kada su posljednji put do\u0161li po njega, zatra\u017eio je samo da dovr\u0161i re\u010denicu na tezama za hrvatsku povijest. Strijeljan je 9. srpnja 1941. godine u Dotr\u0161\u010dini kao \u201eduhovni za\u010detnik\u201c otpora, kako su to usta\u0161e obznanile oglasom.<br>Ker\u0161ovani je objavljivao dru\u0161tveno \u2013 gospodarske analize, knji\u017eevne kritike i studije o hrvatskim piscima (\u0160enoi, Kova\u010di\u0107u, Cesarcu itd.). U zatvoru je napisao sa\u017eetu <em>Povijest Hrvata<\/em> (objavljena 1971.) dok je izbor iz njegova djela <em>Kulturne i povijesne teme<\/em> objavljen u ediciji <em>Istra kroz stolje\u0107a (1979.).<\/em>O zna\u010daju Ker\u0161ovanija govori i to da je Hrvatsko novinarsko dru\u0161tvo ustanovilo po njemu nagradu za \u017eivotno djelo u novinarstvu, koja se dodjeljuje od 1965. godine, koju su primili \u010duvena hrvatska zlatna pera pero Zlatar, Inoslav Be\u0161ker, Zvonimir Mil\u010dec, Giga Gra\u010dan, Igor Mandi\u0107, Drago Hedl, Jasna Babi\u0107, Sanja Modri\u0107 i drugi.<br>O samom postavljanju plo\u010de, koja je postavljena povodom 70. obljetnice pazinske gimnazije 1969. Godine, u \u010dast Ker\u0161ovaniju na Buraju govorio je Galiano Labinjan, predsjednik Skup\u0161tine Katedre, i dugogodi\u0161nji ravnatelj gimnazije.<\/p>\n\n\n\n<p>(Tekst: Anton Finderle, fotografije: Jakov Kmet)<\/p>\n\n\n\n<hr class=\"wp-block-separator\"\/>\n\n\n\n<p>Izvor:<\/p>\n\n\n\n<figure class=\"wp-block-embed-wordpress wp-block-embed is-type-wp-embed is-provider-drzavni-arhiv-u-pazinu\"><div class=\"wp-block-embed__wrapper\">\n<blockquote class=\"wp-embedded-content\" data-secret=\"9CMY00B8A2\"><a href=\"https:\/\/www.dapa.hr\/postavljena-ploca-otokaru-kresovaniju-na-pazinskom-buraju\/\">Postavljena plo\u010da Otokaru Kre\u0161ovaniju na pazinskom Buraju<\/a><\/blockquote><iframe loading=\"lazy\" class=\"wp-embedded-content\" sandbox=\"allow-scripts\" security=\"restricted\" style=\"position: absolute; clip: rect(1px, 1px, 1px, 1px);\" title=\"&#8220;Postavljena plo\u010da Otokaru Kre\u0161ovaniju na pazinskom Buraju&#8221; &#8212; Dr\u017eavni arhiv u Pazinu\" src=\"https:\/\/www.dapa.hr\/postavljena-ploca-otokaru-kresovaniju-na-pazinskom-buraju\/embed\/#?secret=uF3smukDfP#?secret=9CMY00B8A2\" data-secret=\"9CMY00B8A2\" width=\"600\" height=\"338\" frameborder=\"0\" marginwidth=\"0\" marginheight=\"0\" scrolling=\"no\"><\/iframe>\n<\/div><\/figure>\n\n\n\n<hr class=\"wp-block-separator\"\/>\n","protected":false},"excerpt":{"rendered":"","protected":false},"author":2,"featured_media":29862,"comment_status":"open","ping_status":"open","sticky":false,"template":"","format":"standard","meta":{"_acf_changed":false,"_jetpack_newsletter_access":"","_jetpack_dont_email_post_to_subs":false,"_jetpack_newsletter_tier_id":0,"_jetpack_memberships_contains_paywalled_content":false,"_jetpack_memberships_contains_paid_content":false,"footnotes":"","jetpack_publicize_message":"","jetpack_publicize_feature_enabled":true,"jetpack_social_post_already_shared":true,"jetpack_social_options":{"image_generator_settings":{"template":"highway","default_image_id":0,"font":"","enabled":false},"version":2},"jetpack_post_was_ever_published":false},"categories":[3],"tags":[],"class_list":["post-29861","post","type-post","status-publish","format-standard","has-post-thumbnail","hentry","category-novosti"],"acf":{"facebook_opis":""},"jetpack_publicize_connections":[],"jetpack_featured_media_url":"https:\/\/i0.wp.com\/historiografija.hr\/wp-content\/uploads\/2022\/02\/Kersovani.jpg?fit=800%2C534&ssl=1","jetpack_sharing_enabled":true,"jetpack-related-posts":[{"id":55023,"url":"https:\/\/historiografija.hr\/?p=55023","url_meta":{"origin":29861,"position":0},"title":"Opet uni\u0161tena spomen-plo\u010da u uvali Slana","author":"Branimir Jankovi\u0107","date":"20. kolovoza 2026.","format":false,"excerpt":"\"U uvali Slana na otoku Pagu po \u010detvrti put je od 1991. godine uni\u0161tena spomen-plo\u010da posve\u0107ena \u017ertvama usta\u0161kih logora u Slani i Metajni, koji su bili sastavni dio koncentracijskog sustava logora smrti Gospi\u0107-Jadovno-Pag, prvi puta postavljena 1975. godine. Srpsko narodno vije\u0107e (SNV) i Koordinacija \u017eidovskih op\u0107ina RH je obnovljenu spomen-plo\u010du\u2026","rel":"","context":"U &quot;Novosti&quot;","block_context":{"text":"Novosti","link":"https:\/\/historiografija.hr\/?cat=3"},"img":{"alt_text":"","src":"https:\/\/i0.wp.com\/historiografija.hr\/wp-content\/uploads\/2026\/08\/Foto_Jernej-Bozic.jpg?fit=937%2C703&ssl=1&resize=350%2C200","width":350,"height":200,"srcset":"https:\/\/i0.wp.com\/historiografija.hr\/wp-content\/uploads\/2026\/08\/Foto_Jernej-Bozic.jpg?fit=937%2C703&ssl=1&resize=350%2C200 1x, https:\/\/i0.wp.com\/historiografija.hr\/wp-content\/uploads\/2026\/08\/Foto_Jernej-Bozic.jpg?fit=937%2C703&ssl=1&resize=525%2C300 1.5x, https:\/\/i0.wp.com\/historiografija.hr\/wp-content\/uploads\/2026\/08\/Foto_Jernej-Bozic.jpg?fit=937%2C703&ssl=1&resize=700%2C400 2x"},"classes":[]},{"id":54348,"url":"https:\/\/historiografija.hr\/?p=54348","url_meta":{"origin":29861,"position":1},"title":"Documenta: Ponovo otkrivena spomen-plo\u010da u uvali Slana","author":"Branimir Jankovi\u0107","date":"26. lipnja 2026.","format":false,"excerpt":"U uvali Slana na otoku Pagu 24. lipnja 2026. odr\u017eana je komemoracija podno po \u010detvrti puta obnovljene spomen-plo\u010de posve\u0107ene \u017ertvama usta\u0161kih logora u Slani i Metajni, koji su bili sastavni dio koncentracijskog usta\u0161kog logora iz sustava Gospi\u0107-Jadovno-Pag. Naporima koje ve\u0107 godinama ula\u017eu Koordinacija \u017eidovskih op\u0107ina RH, Srpsko narodno vije\u0107e (SNV)\u2026","rel":"","context":"U &quot;Novosti&quot;","block_context":{"text":"Novosti","link":"https:\/\/historiografija.hr\/?cat=3"},"img":{"alt_text":"","src":"https:\/\/i0.wp.com\/historiografija.hr\/wp-content\/uploads\/2026\/06\/Ploca-Slana.jpeg?fit=754%2C522&ssl=1&resize=350%2C200","width":350,"height":200,"srcset":"https:\/\/i0.wp.com\/historiografija.hr\/wp-content\/uploads\/2026\/06\/Ploca-Slana.jpeg?fit=754%2C522&ssl=1&resize=350%2C200 1x, https:\/\/i0.wp.com\/historiografija.hr\/wp-content\/uploads\/2026\/06\/Ploca-Slana.jpeg?fit=754%2C522&ssl=1&resize=525%2C300 1.5x, https:\/\/i0.wp.com\/historiografija.hr\/wp-content\/uploads\/2026\/06\/Ploca-Slana.jpeg?fit=754%2C522&ssl=1&resize=700%2C400 2x"},"classes":[]},{"id":53782,"url":"https:\/\/historiografija.hr\/?p=53782","url_meta":{"origin":29861,"position":2},"title":"U sjedi\u0161tu UN-a postavljena izlo\u017eba &#8220;Croatian Scientists, Inventors and Inventions&#8221;","author":"Filip \u0160imunjak","date":"28. svibnja 2026.","format":false,"excerpt":"Povodom nadolaze\u0107ega Dana dr\u017eavnosti u sjedi\u0161tu Ujedinjenih naroda u New Yorku postavljena je izlo\u017eba \"Croatian Scientists, Inventors and Inventions\", koju je za Ministarstvo vanjskih i europskih poslova Republike Hrvatske izradio Leksikografski zavod Miroslav Krle\u017ea. Na vi\u0161e od dvadeset plakata predstavljeni su hrvatski znanstvenici i izumitelji \u010dija su dostignu\u0107a prepoznatljiva na\u2026","rel":"","context":"U &quot;Izlo\u017ebe&quot;","block_context":{"text":"Izlo\u017ebe","link":"https:\/\/historiografija.hr\/?cat=10"},"img":{"alt_text":"","src":"https:\/\/i0.wp.com\/historiografija.hr\/wp-content\/uploads\/2026\/05\/LZMK-2025-Izlozba-NY-2.webp?fit=1200%2C748&ssl=1&resize=350%2C200","width":350,"height":200,"srcset":"https:\/\/i0.wp.com\/historiografija.hr\/wp-content\/uploads\/2026\/05\/LZMK-2025-Izlozba-NY-2.webp?fit=1200%2C748&ssl=1&resize=350%2C200 1x, https:\/\/i0.wp.com\/historiografija.hr\/wp-content\/uploads\/2026\/05\/LZMK-2025-Izlozba-NY-2.webp?fit=1200%2C748&ssl=1&resize=525%2C300 1.5x, https:\/\/i0.wp.com\/historiografija.hr\/wp-content\/uploads\/2026\/05\/LZMK-2025-Izlozba-NY-2.webp?fit=1200%2C748&ssl=1&resize=700%2C400 2x, https:\/\/i0.wp.com\/historiografija.hr\/wp-content\/uploads\/2026\/05\/LZMK-2025-Izlozba-NY-2.webp?fit=1200%2C748&ssl=1&resize=1050%2C600 3x"},"classes":[]},{"id":54583,"url":"https:\/\/historiografija.hr\/?p=54583","url_meta":{"origin":29861,"position":3},"title":"Novi interaktivni sadr\u017eaj u Muzejskoj zoni Zra\u010dne luke Franjo Tu\u0111man o nacionalnim simbolima","author":"Branimir Jankovi\u0107","date":"14. srpnja 2026.","format":false,"excerpt":"Zagreb, 9. srpnja 2026. \u2013 Hrvatski povijesni muzej i Me\u0111unarodna zra\u010dna luka Zagreb predstavili su prvo pro\u0161irenje Muzejske zone u putni\u010dkom terminalu. Izlo\u017eba \"Zvijezde hrvatske povijesti: Nebo im je granica. Upoznaj ih!\", otvorena u velja\u010di 2025. godine, od danas je bogatija za svoju 25. zvijezdu \u2013 hrvatsku zastavu. Novi interaktivni\u2026","rel":"","context":"U &quot;Novosti&quot;","block_context":{"text":"Novosti","link":"https:\/\/historiografija.hr\/?cat=3"},"img":{"alt_text":"","src":"https:\/\/i0.wp.com\/historiografija.hr\/wp-content\/uploads\/2026\/07\/Nacionalni-simboli.jpg?fit=1200%2C800&ssl=1&resize=350%2C200","width":350,"height":200,"srcset":"https:\/\/i0.wp.com\/historiografija.hr\/wp-content\/uploads\/2026\/07\/Nacionalni-simboli.jpg?fit=1200%2C800&ssl=1&resize=350%2C200 1x, https:\/\/i0.wp.com\/historiografija.hr\/wp-content\/uploads\/2026\/07\/Nacionalni-simboli.jpg?fit=1200%2C800&ssl=1&resize=525%2C300 1.5x, https:\/\/i0.wp.com\/historiografija.hr\/wp-content\/uploads\/2026\/07\/Nacionalni-simboli.jpg?fit=1200%2C800&ssl=1&resize=700%2C400 2x, https:\/\/i0.wp.com\/historiografija.hr\/wp-content\/uploads\/2026\/07\/Nacionalni-simboli.jpg?fit=1200%2C800&ssl=1&resize=1050%2C600 3x"},"classes":[]},{"id":53924,"url":"https:\/\/historiografija.hr\/?p=53924","url_meta":{"origin":29861,"position":4},"title":"Odr\u017ean deseti History Fest","author":"Branimir Jankovi\u0107","date":"8. lipnja 2026.","format":false,"excerpt":"U Sarajevu je od 2. do 6. juna 2026. godine odr\u017ean deseti po redu History Fest, koji je zami\u0161ljen kao vi\u0161ednevni susret histori\u010dara iz Bosne i Hercegovine, ostalih postjugoslavenskih i zemalja Jugoisto\u010dne Evrope, kao i mnogih evropskih zemalja, Kanade i SAD. Tokom ovog malog jubilarnog izdanja Festivala je kroz panel\u2026","rel":"","context":"U &quot;Novosti&quot;","block_context":{"text":"Novosti","link":"https:\/\/historiografija.hr\/?cat=3"},"img":{"alt_text":"","src":"https:\/\/i0.wp.com\/historiografija.hr\/wp-content\/uploads\/2026\/06\/history-fest-2026.jpg?fit=1200%2C944&ssl=1&resize=350%2C200","width":350,"height":200,"srcset":"https:\/\/i0.wp.com\/historiografija.hr\/wp-content\/uploads\/2026\/06\/history-fest-2026.jpg?fit=1200%2C944&ssl=1&resize=350%2C200 1x, https:\/\/i0.wp.com\/historiografija.hr\/wp-content\/uploads\/2026\/06\/history-fest-2026.jpg?fit=1200%2C944&ssl=1&resize=525%2C300 1.5x, https:\/\/i0.wp.com\/historiografija.hr\/wp-content\/uploads\/2026\/06\/history-fest-2026.jpg?fit=1200%2C944&ssl=1&resize=700%2C400 2x, https:\/\/i0.wp.com\/historiografija.hr\/wp-content\/uploads\/2026\/06\/history-fest-2026.jpg?fit=1200%2C944&ssl=1&resize=1050%2C600 3x"},"classes":[]},{"id":52924,"url":"https:\/\/historiografija.hr\/?p=52924","url_meta":{"origin":29861,"position":5},"title":"Tribina \u201cAntifa\u0161izam &#8211; povijest i perspektiva\u201d i izlo\u017eba &#8220;Slobodarski grad&#8221; na Filozofskom fakultetu u Zagrebu","author":"Branimir Jankovi\u0107","date":"6. svibnja 2026.","format":false,"excerpt":"Na dan 81. obljetnice oslobo\u0111enja Zagreba od fa\u0161izma i uo\u010di proslave na Trnjanskim kresovima dan kasnije, Klub studenata Filozofskog fakulteta (KSFF) i Klub studenata Fakulteta politi\u010dkih znanosti (KSFPZG) donose vam tribinu \u201cAntifa\u0161izam - povijest i perspektiva\u201d. Na tribini gostuju Zoran Pusi\u0107, aktivist i predsjednik Antifa\u0161isti\u010dke lige Republike Hrvatske i Jovan\u2026","rel":"","context":"U &quot;Izlo\u017ebe&quot;","block_context":{"text":"Izlo\u017ebe","link":"https:\/\/historiografija.hr\/?cat=10"},"img":{"alt_text":"","src":"https:\/\/i0.wp.com\/historiografija.hr\/wp-content\/uploads\/2026\/05\/KSFF.jpg?fit=512%2C640&ssl=1&resize=350%2C200","width":350,"height":200},"classes":[]}],"_links":{"self":[{"href":"https:\/\/historiografija.hr\/index.php?rest_route=\/wp\/v2\/posts\/29861","targetHints":{"allow":["GET"]}}],"collection":[{"href":"https:\/\/historiografija.hr\/index.php?rest_route=\/wp\/v2\/posts"}],"about":[{"href":"https:\/\/historiografija.hr\/index.php?rest_route=\/wp\/v2\/types\/post"}],"author":[{"embeddable":true,"href":"https:\/\/historiografija.hr\/index.php?rest_route=\/wp\/v2\/users\/2"}],"replies":[{"embeddable":true,"href":"https:\/\/historiografija.hr\/index.php?rest_route=%2Fwp%2Fv2%2Fcomments&post=29861"}],"version-history":[{"count":2,"href":"https:\/\/historiografija.hr\/index.php?rest_route=\/wp\/v2\/posts\/29861\/revisions"}],"predecessor-version":[{"id":29864,"href":"https:\/\/historiografija.hr\/index.php?rest_route=\/wp\/v2\/posts\/29861\/revisions\/29864"}],"wp:featuredmedia":[{"embeddable":true,"href":"https:\/\/historiografija.hr\/index.php?rest_route=\/wp\/v2\/media\/29862"}],"wp:attachment":[{"href":"https:\/\/historiografija.hr\/index.php?rest_route=%2Fwp%2Fv2%2Fmedia&parent=29861"}],"wp:term":[{"taxonomy":"category","embeddable":true,"href":"https:\/\/historiografija.hr\/index.php?rest_route=%2Fwp%2Fv2%2Fcategories&post=29861"},{"taxonomy":"post_tag","embeddable":true,"href":"https:\/\/historiografija.hr\/index.php?rest_route=%2Fwp%2Fv2%2Ftags&post=29861"}],"curies":[{"name":"wp","href":"https:\/\/api.w.org\/{rel}","templated":true}]}}