{"id":29858,"date":"2022-02-07T22:34:27","date_gmt":"2022-02-07T22:34:27","guid":{"rendered":"http:\/\/historiografija.hr\/?p=29858"},"modified":"2022-02-07T22:34:27","modified_gmt":"2022-02-07T22:34:27","slug":"franz-kafka-dnevnici-svezak-1-1909-1912","status":"publish","type":"post","link":"https:\/\/historiografija.hr\/?p=29858","title":{"rendered":"Franz Kafka, \u201cDnevnici \u2013 svezak 1. 1909\u20131912.\u201d"},"content":{"rendered":"\n<p>Iako je Franz Kafka jedan od najve\u0107ih, naj\u010ditanijih i najutjecajnijih autora dvadesetog stolje\u0107a, i danas nam je nedoku\u010div, a njegov \u017eivot i knji\u017eevna ostav\u0161tina podlo\u017eni su raznim interpretacijama. Ovi nam dnevni\u010dki zapisi daju uvid u pravog Kafku, \u010dovjeka iza zagonetnog umjetnika, sa svim svojim osje\u0107ajima, strahovima, ambicijama i sanjarenjima.<\/p>\n\n\n\n<p>Pokrivaju\u0107i razdoblje od 1909. do 1923, samo godinu dana prije autorove prerane smrti, <em>Dnevnici<\/em> nam otvaraju vrata Kafkina svijeta, nude\u0107i nam iznimno zanimljive bilje\u0161ke o kulturnome i dru\u0161tvenom \u017eivotu u Pragu na po\u010detku dvadesetoga stolje\u0107a. Ni\u0161ta manje zanimljivi nisu Kafkini zapisi o osje\u0107ajima prema ocu kojeg je obo\u017eavao i s kojim, zbog ambicija koje je nastojao prenijeti na sina, nije uspio uspostaviti skladne odnose, prema svom prijatelju i biografu Maxu Brodu te prema \u017eeni s kojom se nikad nije vjen\u010dao. Na koncu, fascinantni su i zapisi vlastitih snova iza kojih stoji neprestan osje\u0107aj krivnje i Kafkina borba da se doka\u017ee kao pisac u svijetu vo\u0111enom mra\u010dnim i nepoznatim mehanizmima.<\/p>\n\n\n\n<p><em>Dnevnici <\/em>nisu samo neophodni za razumijevanje Kafke i njegovih romana i pripovijedaka, ve\u0107 su \u010ditak prikaz jednoga nevjerojatno burnog \u017eivota koji nagoni na razmi\u0161ljanje.<\/p>\n\n\n\n<p>* * *<\/p>\n\n\n\n<p><em>Moram posjetiti sestru i njezina malog sina. Kad se ju\u010der majka u jedan sat ujutro vratila ku\u0107i od moje sestre s novo\u0161\u0107u o ro\u0111enju dje\u010daka, moj je otac u no\u0107noj ko\u0161ulji krenuo kroz stan te otvorio vrata svih soba, a slu\u0161kinja je probudila mene i moje sestre i objavila ro\u0111enje na takav na\u010din kao da se dijete nije samo rodilo, nego ve\u0107 provelo \u010dastan \u017eivot i \u010dak imalo sprovod.<\/em><\/p>\n\n\n\n<p>* * *<\/p>\n\n\n\n<p><em>U podne mi je otac predbacivao da se ne brinem za tvornicu. Izjavio sam da sam uzeo udio jer sam o\u010dekivao dobit, ali dok sam u uredu ne mogu raditi. <\/em><em>Otac je i dalje negodovao, stajao sam kraj prozora i \u0161utio. No nave\u010der me zatekla misao koja je proizi\u0161la iz toga podnevnog razgovora, kako mogu biti posve zadovoljan svojim sada\u0161njim polo\u017eajem i samo moram paziti da cijelo svoje vrijeme oslobodim za knji\u017eevnost.<\/em><\/p>\n\n\n\n<p>* * *<\/p>\n\n\n\n<p><em>Ja i Max vjerojatno smo ipak u temelju razli\u010diti. Ma koliko se divio njegovim tekstovima, kad su preda mnom kao cjelina nedostupna i mojem i zahvatu svakoga drugog, \u010dak i dana\u0161nji niz kratkih prikaza knjiga, ipak je za svaku re\u010denicu koju pi\u0161e za <\/em>Richarda i Samuela<em> vezan neki nevoljni ustupak s moje strane, koji bolno i duboko osje\u0107am. Barem danas.<\/em><\/p>\n\n\n\n<p>* * *<\/p>\n\n\n\n<p><em>Maxu se nisu svidjeli posljednji dijelovi koje sam napisao, u svakom slu\u010daju jer misli da nisu u skladu s cjelinom, a mo\u017eda i zbog toga \u0161to ih i same smatra lo\u0161ima. To je vjerojatno zato \u0161to me bio upozoravao da ne pi\u0161em tako na\u0161iroko jer u\u010dinak takvog pisanja on vidi kao ne\u0161to \u017eelatinozno.<\/em><\/p>\n\n\n\n<ul class=\"wp-block-list\"><li><strong>ISBN:<\/strong> 978-953-369-003-2<\/li><li><strong>ISBN cjeline:<\/strong> 978-953-369-004-9<\/li><li><strong>Uvez:<\/strong> meki<\/li><li><strong>Naslov izvornika:<\/strong> Tageb\u00fccher<\/li><li><strong>Jezik izvornika:<\/strong> njema\u010dki<\/li><li><strong>Prijevod:<\/strong> Nade\u017eda \u010ca\u010dinovi\u010d<\/li><li><strong>Godina izdanja:<\/strong> 2022.<\/li><li><strong>Dimenzije:<\/strong> 142\u00d7205 mm<\/li><li><strong>Broj stranica:<\/strong> 232<\/li><\/ul>\n\n\n\n<hr class=\"wp-block-separator\"\/>\n\n\n\n<p>Prelistaj uzorak:<\/p>\n\n\n\n<p><a href=\"https:\/\/tim-press.hr\/hr\/knjige\/franz-kafka-dnevnici-svezak-1\/\">https:\/\/tim-press.hr\/hr\/knjige\/franz-kafka-dnevnici-svezak-1\/<\/a><\/p>\n\n\n\n<hr class=\"wp-block-separator\"\/>\n","protected":false},"excerpt":{"rendered":"","protected":false},"author":2,"featured_media":29859,"comment_status":"open","ping_status":"open","sticky":false,"template":"","format":"standard","meta":{"_acf_changed":false,"jetpack_post_was_ever_published":false,"_jetpack_newsletter_access":"","_jetpack_dont_email_post_to_subs":false,"_jetpack_newsletter_tier_id":0,"_jetpack_memberships_contains_paywalled_content":false,"_jetpack_memberships_contains_paid_content":false,"footnotes":"","jetpack_publicize_message":"","jetpack_publicize_feature_enabled":true,"jetpack_social_post_already_shared":true,"jetpack_social_options":{"image_generator_settings":{"template":"highway","default_image_id":0,"font":"","enabled":false},"version":2}},"categories":[8,3,12],"tags":[],"class_list":["post-29858","post","type-post","status-publish","format-standard","has-post-thumbnail","hentry","category-knjige","category-novosti","category-knjizevnost"],"acf":{"facebook_opis":""},"jetpack_publicize_connections":[],"jetpack_featured_media_url":"https:\/\/i0.wp.com\/historiografija.hr\/wp-content\/uploads\/2022\/02\/Dnevnici_I_sv.jpg?fit=300%2C465&ssl=1","jetpack_sharing_enabled":true,"jetpack-related-posts":[],"_links":{"self":[{"href":"https:\/\/historiografija.hr\/index.php?rest_route=\/wp\/v2\/posts\/29858","targetHints":{"allow":["GET"]}}],"collection":[{"href":"https:\/\/historiografija.hr\/index.php?rest_route=\/wp\/v2\/posts"}],"about":[{"href":"https:\/\/historiografija.hr\/index.php?rest_route=\/wp\/v2\/types\/post"}],"author":[{"embeddable":true,"href":"https:\/\/historiografija.hr\/index.php?rest_route=\/wp\/v2\/users\/2"}],"replies":[{"embeddable":true,"href":"https:\/\/historiografija.hr\/index.php?rest_route=%2Fwp%2Fv2%2Fcomments&post=29858"}],"version-history":[{"count":1,"href":"https:\/\/historiografija.hr\/index.php?rest_route=\/wp\/v2\/posts\/29858\/revisions"}],"predecessor-version":[{"id":29860,"href":"https:\/\/historiografija.hr\/index.php?rest_route=\/wp\/v2\/posts\/29858\/revisions\/29860"}],"wp:featuredmedia":[{"embeddable":true,"href":"https:\/\/historiografija.hr\/index.php?rest_route=\/wp\/v2\/media\/29859"}],"wp:attachment":[{"href":"https:\/\/historiografija.hr\/index.php?rest_route=%2Fwp%2Fv2%2Fmedia&parent=29858"}],"wp:term":[{"taxonomy":"category","embeddable":true,"href":"https:\/\/historiografija.hr\/index.php?rest_route=%2Fwp%2Fv2%2Fcategories&post=29858"},{"taxonomy":"post_tag","embeddable":true,"href":"https:\/\/historiografija.hr\/index.php?rest_route=%2Fwp%2Fv2%2Ftags&post=29858"}],"curies":[{"name":"wp","href":"https:\/\/api.w.org\/{rel}","templated":true}]}}