{"id":29851,"date":"2022-02-07T22:12:30","date_gmt":"2022-02-07T22:12:30","guid":{"rendered":"http:\/\/historiografija.hr\/?p=29851"},"modified":"2022-02-07T22:14:02","modified_gmt":"2022-02-07T22:14:02","slug":"online-conference-habsburg-civil-servants-beyond-the-state-apparatus","status":"publish","type":"post","link":"https:\/\/historiografija.hr\/?p=29851","title":{"rendered":"Online conference \u201cHabsburg Civil Servants: Beyond the State Apparatus\u201d"},"content":{"rendered":"\n<p>Konferencija \u201cHabsburg Civil Servants: Beyond the State Apparatus\u201d odr\u017eana je u virtualnom obliku od 27. do 30. sije\u010dnja 2022. Op\u0161irnije u prilogu.<\/p>\n\n\n\n<hr class=\"wp-block-separator\"\/>\n\n\n\n<p>The interdisciplinary online conference &#8220;Habsburg Civil Servants: Beyond the State Apparatus&#8221; will be held from 27 to 30 January 2022. It is organized by Da\u0161a Li\u010den, Institute of Slovenian Ethnology, and Alexander Maxwell, Victoria University of Wellington, New Zealand.<\/p>\n\n\n\n<p>During the long 19th century, the Habsburg civil service grew steadily. The swelling ranks of clerks, inspectors, tax collectors, military recruiters, census-takers, policemen, judges, cartographers, sanitation officials, telegraph operators, and other minor officials did not form an entirely homogenous social group, differentiated as they were by educational attainment, region, rank, and status. They nevertheless formed an important social collective, characterized above all by literacy, but also by novel habits, values, cultural practices, and novel social circumstances.<\/p>\n\n\n\n<p>The administrative apparatus helped bring all imperial citizens together in a common society. Their role in embodying and personifying the state at the local level proved especially crucial on various imperial peripheries, where civil servants formed the main link between villages or small towns with the imperial centre. Civil servants also represented progress, introducing into relatively isolated rural communities secular morality, hygiene, science, and myriad other social and cultural transformations sometimes collectively denoted as \u201cmodernity.\u201d&nbsp;Their complex role thus raises interesting questions that call for further investigation. Where did their loyalties actually lie: with the emperor, with the state, with their church, with their social class, with their particular Crownland, or with their imagined national community? To what extent did they obey the government\u2019s directives, and alternatively to what extent did they attempt to modify, resist, evade, or subvert their instructions? Did they contribute, intentionally or unintentionally, to the spread of nationalism, or to alternate loyalties? What roles did they play in the monarchy\u2019s social dramas, both in their working hours and when off duty? What were the cultural consequences of their unique role? How were they presented in journalism, belles-lettres, theatre, or other literary genres?<\/p>\n\n\n\n<p>Find the&nbsp;full conference schedule in pdf file:<\/p>\n\n\n\n<p><a href=\"https:\/\/www.zrc-sazu.si\/sites\/default\/files\/Conference%20Description%2C%20Abstracts%20and%20Schedule_0.pdf\">Conference Description, Abstracts and Schedule_0.pdf<\/a><\/p>\n\n\n\n<hr class=\"wp-block-separator\"\/>\n\n\n\n<p><a href=\"https:\/\/www.zrc-sazu.si\/sl\/node\/102564\">https:\/\/www.zrc-sazu.si\/sl\/node\/102564<\/a><\/p>\n\n\n\n<hr class=\"wp-block-separator\"\/>\n\n\n\n<p><a href=\"https:\/\/www.hsozkult.de\/event\/id\/event-115243\">https:\/\/www.hsozkult.de\/event\/id\/event-115243<\/a><\/p>\n\n\n\n<hr class=\"wp-block-separator\"\/>\n","protected":false},"excerpt":{"rendered":"","protected":false},"author":2,"featured_media":28016,"comment_status":"open","ping_status":"open","sticky":false,"template":"","format":"standard","meta":{"_acf_changed":false,"_jetpack_newsletter_access":"","_jetpack_dont_email_post_to_subs":false,"_jetpack_newsletter_tier_id":0,"_jetpack_memberships_contains_paywalled_content":false,"_jetpack_memberships_contains_paid_content":false,"footnotes":"","jetpack_publicize_message":"","jetpack_publicize_feature_enabled":true,"jetpack_social_post_already_shared":true,"jetpack_social_options":{"image_generator_settings":{"template":"highway","default_image_id":0,"font":"","enabled":false},"version":2},"jetpack_post_was_ever_published":false},"categories":[3,9],"tags":[],"class_list":["post-29851","post","type-post","status-publish","format-standard","has-post-thumbnail","hentry","category-novosti","category-skupovi"],"acf":{"facebook_opis":""},"jetpack_publicize_connections":[],"jetpack_featured_media_url":"https:\/\/i0.wp.com\/historiografija.hr\/wp-content\/uploads\/2021\/11\/CfP-H.jpg?fit=1094%2C1060&ssl=1","jetpack_sharing_enabled":true,"jetpack-related-posts":[{"id":53712,"url":"https:\/\/historiografija.hr\/?p=53712","url_meta":{"origin":29851,"position":0},"title":"INVITATION TO A SERIES OF SHORT LECTURES ENTITLED BEYOND PASTORAL CARE: CLERGY, SOCIETY, AND POPULAR AGENCY IN THE LATE HABSBURG EMPIRE","author":"Branimir Jankovi\u0107","date":"25. svibnja 2026.","format":false,"excerpt":"You are kindly invited to a series of short lectures entitled Beyond Pastoral Care: Clergy, Society, and Popular Agency in the Late Habsburg Empire, which will take place on Tuesday, 26 May 2026, from 11:00 to 13:00 at the Institute of Contemporary History. The event will feature a lecture by\u2026","rel":"","context":"U &quot;Novosti&quot;","block_context":{"text":"Novosti","link":"https:\/\/historiografija.hr\/?cat=3"},"img":{"alt_text":"","src":"https:\/\/i0.wp.com\/historiografija.hr\/wp-content\/uploads\/2026\/05\/Clergy-2.png?fit=1090%2C615&ssl=1&resize=350%2C200","width":350,"height":200,"srcset":"https:\/\/i0.wp.com\/historiografija.hr\/wp-content\/uploads\/2026\/05\/Clergy-2.png?fit=1090%2C615&ssl=1&resize=350%2C200 1x, https:\/\/i0.wp.com\/historiografija.hr\/wp-content\/uploads\/2026\/05\/Clergy-2.png?fit=1090%2C615&ssl=1&resize=525%2C300 1.5x, https:\/\/i0.wp.com\/historiografija.hr\/wp-content\/uploads\/2026\/05\/Clergy-2.png?fit=1090%2C615&ssl=1&resize=700%2C400 2x, https:\/\/i0.wp.com\/historiografija.hr\/wp-content\/uploads\/2026\/05\/Clergy-2.png?fit=1090%2C615&ssl=1&resize=1050%2C600 3x"},"classes":[]},{"id":54169,"url":"https:\/\/historiografija.hr\/?p=54169","url_meta":{"origin":29851,"position":1},"title":"Women, Nationalism, and Social Networks in the Habsburg Monarchy, 1848\u20131918","author":"Branimir Jankovi\u0107","date":"18. lipnja 2026.","format":false,"excerpt":"Edited by Marta Verginella Purdue University Press Series: Central European Studies 258 Pages Published 2023 Women, Nationalism, and Social Networks in the Habsburg Monarchy, 1848\u20131918 focuses on the lives of women in Southeastern Europe during the nineteenth and twentieth centuries, exploring the intersection of gender and nationalism. By looking at\u2026","rel":"","context":"U &quot;Knjige&quot;","block_context":{"text":"Knjige","link":"https:\/\/historiografija.hr\/?cat=8"},"img":{"alt_text":"","src":"https:\/\/historiografija.hr\/wp-content\/uploads\/2026\/06\/Verginella.avif","width":350,"height":200,"srcset":"https:\/\/historiografija.hr\/wp-content\/uploads\/2026\/06\/Verginella.avif 1x, https:\/\/historiografija.hr\/wp-content\/uploads\/2026\/06\/Verginella.avif 1.5x"},"classes":[]},{"id":54767,"url":"https:\/\/historiografija.hr\/?p=54767","url_meta":{"origin":29851,"position":2},"title":"Philipp Ther: The Sound of Habsburg \/ Der Klang der Monarchie. A Musical History of the Austro-Hungarian Empire","author":"Branimir Jankovi\u0107","date":"23. srpnja 2026.","format":false,"excerpt":"A fascinating history of the Austro-Hungarian Empire told through the prism of the music it created and was shaped by From the late 18th century onwards, the Habsburg Monarchy was on the decline internationally, and internally was riven by conflict. But time and again, the Habsburgs rallied together, survived the\u2026","rel":"","context":"U &quot;Knjige&quot;","block_context":{"text":"Knjige","link":"https:\/\/historiografija.hr\/?cat=8"},"img":{"alt_text":"","src":"https:\/\/i0.wp.com\/historiografija.hr\/wp-content\/uploads\/2026\/07\/the-sound-of-habsburg.webp?fit=400%2C635&ssl=1&resize=350%2C200","width":350,"height":200},"classes":[]},{"id":54276,"url":"https:\/\/historiografija.hr\/?p=54276","url_meta":{"origin":29851,"position":3},"title":"Rok Stergar, Vaclav Smidrkal (eds), &#8220;Nourishing Victory: Food Shortages and Post-Imperial Transition in the Bohemian Lands and Slovenia&#8221;","author":"Branimir Jankovi\u0107","date":"23. lipnja 2026.","format":false,"excerpt":"The aggravating food shortage was the central internal crisis in Habsburg Austria during the First World War and posed a major challenge to the consolidation of the successor states. Nourishing Victory offers a fresh comparative perspective on food and the collapse and rebuilding of political legitimacy from the regional vantage\u2026","rel":"","context":"U &quot;Knjige&quot;","block_context":{"text":"Knjige","link":"https:\/\/historiografija.hr\/?cat=8"},"img":{"alt_text":"","src":"https:\/\/i0.wp.com\/historiografija.hr\/wp-content\/uploads\/2026\/06\/Victory-book.jpg?fit=1200%2C652&ssl=1&resize=350%2C200","width":350,"height":200,"srcset":"https:\/\/i0.wp.com\/historiografija.hr\/wp-content\/uploads\/2026\/06\/Victory-book.jpg?fit=1200%2C652&ssl=1&resize=350%2C200 1x, https:\/\/i0.wp.com\/historiografija.hr\/wp-content\/uploads\/2026\/06\/Victory-book.jpg?fit=1200%2C652&ssl=1&resize=525%2C300 1.5x, https:\/\/i0.wp.com\/historiografija.hr\/wp-content\/uploads\/2026\/06\/Victory-book.jpg?fit=1200%2C652&ssl=1&resize=700%2C400 2x, https:\/\/i0.wp.com\/historiografija.hr\/wp-content\/uploads\/2026\/06\/Victory-book.jpg?fit=1200%2C652&ssl=1&resize=1050%2C600 3x"},"classes":[]},{"id":53473,"url":"https:\/\/historiografija.hr\/?p=53473","url_meta":{"origin":29851,"position":4},"title":"CfP: Those Who Serve: Service, Labor, and Social Hierarchies in Historical Perspective","author":"Branimir Jankovi\u0107","date":"19. svibnja 2026.","format":false,"excerpt":"Doctoral and Postdoctoral Workshop: Ljubljana, 12\u201313 November 2026 Keynote: prof. dr. Jane Whittle (University of Exeter) From domestic servants and agricultural laborers to apprentices, soldiers, and clerks \u2013 countless people across history lived and worked in the service of others. This workshop explores service not merely as a job category,\u2026","rel":"","context":"U &quot;Novosti&quot;","block_context":{"text":"Novosti","link":"https:\/\/historiografija.hr\/?cat=3"},"img":{"alt_text":"","src":"https:\/\/i0.wp.com\/historiografija.hr\/wp-content\/uploads\/2017\/10\/hsozkult.png?fit=1006%2C241&ssl=1&resize=350%2C200","width":350,"height":200,"srcset":"https:\/\/i0.wp.com\/historiografija.hr\/wp-content\/uploads\/2017\/10\/hsozkult.png?fit=1006%2C241&ssl=1&resize=350%2C200 1x, https:\/\/i0.wp.com\/historiografija.hr\/wp-content\/uploads\/2017\/10\/hsozkult.png?fit=1006%2C241&ssl=1&resize=525%2C300 1.5x, https:\/\/i0.wp.com\/historiografija.hr\/wp-content\/uploads\/2017\/10\/hsozkult.png?fit=1006%2C241&ssl=1&resize=700%2C400 2x"},"classes":[]},{"id":54031,"url":"https:\/\/historiografija.hr\/?p=54031","url_meta":{"origin":29851,"position":5},"title":"Call for Book Chapters: Alternatives to the Nation-State: Federalism, Autonomy, and Post-Imperial Imaginaries in the Mediterranean Long Nineteenth Century","author":"Branimir Jankovi\u0107","date":"11. lipnja 2026.","format":false,"excerpt":"Workshop Date: September 24, 2026 - September 25, 2026 Location: Greece Subject Fields: Intellectual History, Modern European History \/ Studies \u00a0 \u00a0 \u00a0 \u00a0 \u00a0 \u00a0 \u00a0 \u00a0 \u00a0 \u00a0 \u00a0 \u00a0 \u00a0 \u00a0 \u00a0 \u00a0 \u00a0 \u00a0 \u00a0 \u00a0 \u00a0 \u00a0 \u00a0 \u00a0 \u00a0 \u00a0 \u00a0 \u00a0 \u00a0 \u00a0\u2026","rel":"","context":"U &quot;Novosti&quot;","block_context":{"text":"Novosti","link":"https:\/\/historiografija.hr\/?cat=3"},"img":{"alt_text":"","src":"https:\/\/i0.wp.com\/historiografija.hr\/wp-content\/uploads\/2026\/06\/HNet_Logo_with_tag.png?fit=1200%2C424&ssl=1&resize=350%2C200","width":350,"height":200,"srcset":"https:\/\/i0.wp.com\/historiografija.hr\/wp-content\/uploads\/2026\/06\/HNet_Logo_with_tag.png?fit=1200%2C424&ssl=1&resize=350%2C200 1x, https:\/\/i0.wp.com\/historiografija.hr\/wp-content\/uploads\/2026\/06\/HNet_Logo_with_tag.png?fit=1200%2C424&ssl=1&resize=525%2C300 1.5x, https:\/\/i0.wp.com\/historiografija.hr\/wp-content\/uploads\/2026\/06\/HNet_Logo_with_tag.png?fit=1200%2C424&ssl=1&resize=700%2C400 2x, https:\/\/i0.wp.com\/historiografija.hr\/wp-content\/uploads\/2026\/06\/HNet_Logo_with_tag.png?fit=1200%2C424&ssl=1&resize=1050%2C600 3x"},"classes":[]}],"_links":{"self":[{"href":"https:\/\/historiografija.hr\/index.php?rest_route=\/wp\/v2\/posts\/29851","targetHints":{"allow":["GET"]}}],"collection":[{"href":"https:\/\/historiografija.hr\/index.php?rest_route=\/wp\/v2\/posts"}],"about":[{"href":"https:\/\/historiografija.hr\/index.php?rest_route=\/wp\/v2\/types\/post"}],"author":[{"embeddable":true,"href":"https:\/\/historiografija.hr\/index.php?rest_route=\/wp\/v2\/users\/2"}],"replies":[{"embeddable":true,"href":"https:\/\/historiografija.hr\/index.php?rest_route=%2Fwp%2Fv2%2Fcomments&post=29851"}],"version-history":[{"count":2,"href":"https:\/\/historiografija.hr\/index.php?rest_route=\/wp\/v2\/posts\/29851\/revisions"}],"predecessor-version":[{"id":29853,"href":"https:\/\/historiografija.hr\/index.php?rest_route=\/wp\/v2\/posts\/29851\/revisions\/29853"}],"wp:featuredmedia":[{"embeddable":true,"href":"https:\/\/historiografija.hr\/index.php?rest_route=\/wp\/v2\/media\/28016"}],"wp:attachment":[{"href":"https:\/\/historiografija.hr\/index.php?rest_route=%2Fwp%2Fv2%2Fmedia&parent=29851"}],"wp:term":[{"taxonomy":"category","embeddable":true,"href":"https:\/\/historiografija.hr\/index.php?rest_route=%2Fwp%2Fv2%2Fcategories&post=29851"},{"taxonomy":"post_tag","embeddable":true,"href":"https:\/\/historiografija.hr\/index.php?rest_route=%2Fwp%2Fv2%2Ftags&post=29851"}],"curies":[{"name":"wp","href":"https:\/\/api.w.org\/{rel}","templated":true}]}}