{"id":2967,"date":"2017-02-25T23:00:05","date_gmt":"2017-02-25T23:00:05","guid":{"rendered":"http:\/\/historiografija.hr\/?p=2967"},"modified":"2017-02-26T19:41:36","modified_gmt":"2017-02-26T19:41:36","slug":"cfp-from-victory-to-defeat-from-defeat-to-victory","status":"publish","type":"post","link":"https:\/\/historiografija.hr\/?p=2967","title":{"rendered":"CfP: From Victory to Defeat, from Defeat to Victory"},"content":{"rendered":"<p align=\"justify\"><span ><br \/>\n<\/span><\/p>\n<p style=\"margin: 0cm 0cm 10pt;\" align=\"justify\"><b style=\"mso-bidi-font-weight: normal;\"><span style=\"font-family: Calibri; font-size: medium;\">From Victory to Defeat, from Defeat to Victory: The Austro-Italian Front from Caporetto to Vittorio Veneto.<\/span><\/b><\/p>\n<p style=\"margin: 0cm 0cm 10pt;\" align=\"justify\"><span style=\"font-family: Calibri;\"><span style=\"font-size: medium;\">Ljubljana, October 12 and 13, 2017 <\/span><\/span><\/p>\n<p style=\"margin: 0cm 0cm 10pt;\" align=\"justify\"><span style=\"font-family: Calibri; font-size: medium;\">https:\/\/www.facebook.com\/events\/339137766480790\/<\/span><\/p>\n<p style=\"margin: 0cm 0cm 10pt;\" align=\"justify\"><span style=\"font-family: Calibri;\"><span style=\"font-size: medium;\"><span style=\"mso-spacerun: yes;\">\u00a0<\/span>By the summer of 1917 the fighting on the Austro-Italian Front had been going on for two years. At first sight, the Italians were largely unsuccessful in their endeavours as the Austrian forces could prevent a large-scale breakthrough. However, the position of the Austrian army was increasingly precarious as it was threatened by the Italian advance along the Lower Isonzo and the exhaustion that was a consequence of a gruelling war on three fronts.<\/span><\/span><\/p>\n<p align=\"justify\"><span ><br \/>\n<\/span><\/p>\n<p style=\"margin: 0cm 0cm 10pt;\" align=\"justify\"><span style=\"font-family: Calibri; font-size: medium;\">\u00a0<\/span><\/p>\n<p align=\"justify\"><span ><br \/>\n<\/span><\/p>\n<p style=\"margin: 0cm 0cm 10pt;\" align=\"justify\"><span style=\"font-family: Calibri;\"><span style=\"font-size: medium;\"><span style=\"mso-spacerun: yes;\">\u00a0<\/span>Therefore, the Germans finally decided to help their ally on the Italian Front. On October 24, 1917, the two Central Powers started an offensive, centred on the front sector between Bovec (Flitsch, Plezzo) and Tolmin (Tolmein, Tolmino). The offensive was a resounding success; Austrian and Germans troops advanced as far as the Piave River, capturing more than a quarter of a million Italian soldiers as well as large quantities of arms, ammunition, and other materiel. However, they were unable to knock Italy out of the war; the Piave line held and the Italian army was reinforced by a sizable French and British contingents. Also, the Italian Chief of Staff Luigi Cadorna was forced to resign and the Italian Army reorganised.<\/span><\/span><\/p>\n<p align=\"justify\"><span ><br \/>\n<\/span><\/p>\n<p style=\"margin: 0cm 0cm 10pt;\" align=\"justify\"><span style=\"font-family: Calibri; font-size: medium;\">\u00a0<\/span><\/p>\n<p align=\"justify\"><span ><br \/>\n<\/span><\/p>\n<p style=\"margin: 0cm 0cm 10pt;\" align=\"justify\"><span style=\"font-family: Calibri;\"><span style=\"font-size: medium;\"><span style=\"mso-spacerun: yes;\">\u00a0<\/span>In June 1918, The Austrians started another offensive on the Piave, hoping to finally achieve a decisive victory. Yet their poorly supplied army was not able to achieve a breakthrough and the offensive ended in a failure. As the situation in Austria-Hungary continued to deteriorate, the balance of power swung decisively and four months later, as Austria-Hungary was effectively falling apart, the Italian Army launched a successful offensive that culminated in the final defeat of the Austro-Hungarian Army in the Battle of Vittorio Veneto.<\/span><\/span><\/p>\n<p align=\"justify\"><span ><br \/>\n<\/span><\/p>\n<p style=\"margin: 0cm 0cm 10pt;\" align=\"justify\"><span style=\"font-family: Calibri; font-size: medium;\">\u00a0<\/span><\/p>\n<p align=\"justify\"><span ><br \/>\n<\/span><\/p>\n<p style=\"margin: 0cm 0cm 10pt;\" align=\"justify\"><span style=\"font-family: Calibri;\"><span style=\"font-size: medium;\"><span style=\"mso-spacerun: yes;\">\u00a0<\/span>Although the year 1917 did not prove to be the decisive year on the Italian Front, the breakthrough had an important impact on the development of the war in 1918. Our conference \u2013 the third in a series of conferences on the Austro-Italian Front during WWI \u2013 thus aims to bring together new research on the developments on both sides of the front in the period from the Battle of Caporetto to the Battle of Vittorio Veneto, in a contextual frame of a victory and\/or defeat. We are interested in new research on military developments, reorganisation of the armed forces, the functioning of military and\/or political alliances, the fates of civilians in occupied Italian territories or displaced inside the Kingdom, the Austrian administration of occupied Italian provinces and the return of Austrian refugees, propaganda, the peace movements and proposals, as well as other aspects of the final year of the Great War on the Austro-Italian Front. All of this should provide us with a better understanding of the development from victory to defeat and from defeat to victory.<\/span><\/span><\/p>\n<p align=\"justify\"><span ><br \/>\n<\/span><\/p>\n<p style=\"margin: 0cm 0cm 10pt;\" align=\"justify\"><span style=\"font-family: Calibri; font-size: medium;\">\u00a0<\/span><\/p>\n<p align=\"justify\"><span ><br \/>\n<\/span><\/p>\n<p style=\"margin: 0cm 0cm 10pt;\" align=\"justify\"><span style=\"font-family: Calibri;\"><span style=\"font-size: medium;\"><span style=\"mso-spacerun: yes;\">\u00a0<\/span>The conference language is English.<\/span><\/span><\/p>\n<p align=\"justify\"><span ><br \/>\n<\/span><\/p>\n<p style=\"margin: 0cm 0cm 10pt;\" align=\"justify\"><span style=\"font-family: Calibri;\"><span style=\"font-size: medium;\"><span style=\"mso-spacerun: yes;\">\u00a0<\/span>Abstracts no longer than 300 words together with a short biography should be sent to: ljubljana.conference@outlook.com. The due date for proposals is April 30, 2017.<\/span><\/span><\/p>\n<p align=\"justify\"><span ><br \/>\n<\/span><\/p>\n<p style=\"margin: 0cm 0cm 10pt;\" align=\"justify\"><span style=\"font-family: Calibri;\"><span style=\"font-size: medium;\"><span style=\"mso-spacerun: yes;\">\u00a0<\/span>Accommodation and meals during the conference will be provided. Travel costs will not be covered.<\/span><\/span><\/p>\n<p align=\"justify\"><span ><br \/>\n<\/span><\/p>\n<p style=\"margin: 0cm 0cm 10pt;\" align=\"justify\"><span style=\"font-family: Calibri; font-size: medium;\">\u00a0<\/span><\/p>\n<p align=\"justify\"><span ><br \/>\n<\/span><\/p>\n<p style=\"margin: 0cm 0cm 10pt;\" align=\"justify\"><span style=\"font-family: Calibri;\"><span style=\"font-size: medium;\"><span style=\"mso-spacerun: yes;\">\u00a0<\/span>The conference is organised by:<\/span><\/span><\/p>\n<p align=\"justify\"><span ><br \/>\n<\/span><\/p>\n<p style=\"margin: 0cm 0cm 10pt;\" align=\"justify\"><span style=\"font-family: Calibri;\"><span style=\"font-size: medium;\"><span style=\"mso-spacerun: yes;\">\u00a0<\/span>Department of History, University of Ljubljana, Faculty of Arts<\/span><\/span><\/p>\n<p align=\"justify\"><span ><br \/>\n<\/span><\/p>\n<p style=\"margin: 0cm 0cm 10pt;\" align=\"justify\"><span style=\"font-family: Calibri;\"><span style=\"font-size: medium;\"><span style=\"mso-spacerun: yes;\">\u00a0<\/span>Milko Kos Historical Institute, Research Centre of the Slovenian Academy of Sciences and Arts<\/span><\/span><\/p>\n<p align=\"justify\"><span ><br \/>\n<\/span><\/p>\n<p style=\"margin: 0cm 0cm 10pt;\" align=\"justify\"><span style=\"font-family: Calibri;\"><span style=\"font-size: medium;\"><span style=\"mso-spacerun: yes;\">\u00a0<\/span>Science and Research Centre, Koper<\/span><\/span><\/p>\n<p align=\"justify\"><span ><br \/>\n<\/span><\/p>\n<p style=\"margin: 0cm 0cm 10pt;\" align=\"justify\"><span style=\"font-family: Calibri;\"><span style=\"font-size: medium;\"><span style=\"mso-spacerun: yes;\">\u00a0<\/span>National Museum of Contemporary History, Ljubljana<\/span><\/span><\/p>\n<p align=\"justify\"><span ><br \/>\n<\/span><\/p>\n<p style=\"margin: 0cm 0cm 10pt;\" align=\"justify\"><span style=\"font-family: Calibri;\"><span style=\"font-size: medium;\"><span style=\"mso-spacerun: yes;\">\u00a0<\/span><span lang=\"FR\" style=\"mso-ansi-language: FR;\">UMR Sirice, Paris<\/span><\/span><\/span><\/p>\n<p align=\"justify\"><span ><br \/>\n<\/span><\/p>\n<p style=\"margin: 0cm 0cm 10pt;\" align=\"justify\"><span lang=\"FR\" style=\"mso-ansi-language: FR;\"><span style=\"font-family: Calibri;\"><span style=\"font-size: medium;\"><span style=\"mso-spacerun: yes;\">\u00a0<\/span>LabEx EHNE, Paris<\/span><\/span><\/span><\/p>\n<p align=\"justify\"><span ><br \/>\n<\/span><\/p>\n<p style=\"margin: 0cm 0cm 10pt;\" align=\"justify\"><span lang=\"FR\" style=\"mso-ansi-language: FR;\"><span style=\"font-family: Calibri;\"><span style=\"font-size: medium;\"><span style=\"mso-spacerun: yes;\">\u00a0<\/span>CREE, Institut national des langues et civilisations orientales, Paris <\/span><\/span><\/span><\/p>\n<p align=\"justify\"><span ><br \/>\n<\/span><\/p>\n<p style=\"margin: 0cm 0cm 10pt;\" align=\"justify\"><span style=\"font-family: Calibri;\"><span style=\"font-size: medium;\"><span lang=\"FR\" style=\"mso-ansi-language: FR;\"><span style=\"mso-spacerun: yes;\">\u00a0<\/span><\/span>Istituto Storico Italo Germanico \u2013 FBK, Trento<\/span><\/span><\/p>\n<p align=\"justify\"><span ><br \/>\n<\/span><\/p>\n<p style=\"margin: 0cm 0cm 10pt;\" align=\"justify\"><span style=\"font-family: Calibri;\"><span style=\"font-size: medium;\"><span style=\"mso-spacerun: yes;\">\u00a0<\/span>Universit\u00e0 di Padova<\/span><\/span><\/p>\n<p style=\"margin: 0cm 0cm 10pt;\" align=\"justify\"><span style=\"font-family: Calibri; font-size: medium;\">\u00a0<\/span><\/p>\n<p style=\"margin: 0cm 0cm 10pt;\" align=\"justify\"><span style=\"font-family: Calibri; font-size: medium;\">\u00a0<\/span><\/p>\n<p align=\"justify\"><span ><br \/>\n<\/span><\/p>\n","protected":false},"excerpt":{"rendered":"","protected":false},"author":1,"featured_media":1885,"comment_status":"open","ping_status":"open","sticky":false,"template":"","format":"standard","meta":{"_acf_changed":false,"jetpack_post_was_ever_published":false,"_jetpack_newsletter_access":"","_jetpack_dont_email_post_to_subs":true,"_jetpack_newsletter_tier_id":0,"_jetpack_memberships_contains_paywalled_content":false,"_jetpack_memberships_contains_paid_content":false,"footnotes":"","jetpack_publicize_message":"","jetpack_publicize_feature_enabled":true,"jetpack_social_post_already_shared":false,"jetpack_social_options":{"image_generator_settings":{"template":"highway","default_image_id":0,"font":"","enabled":false},"version":2}},"categories":[3],"tags":[],"class_list":["post-2967","post","type-post","status-publish","format-standard","has-post-thumbnail","hentry","category-novosti"],"acf":{"facebook_opis":""},"jetpack_publicize_connections":[],"jetpack_featured_media_url":"https:\/\/i0.wp.com\/historiografija.hr\/wp-content\/uploads\/2017\/02\/16832075_1740895696241304_883276042009199791_n.jpg?fit=960%2C742&ssl=1","jetpack_sharing_enabled":true,"jetpack-related-posts":[{"id":52603,"url":"https:\/\/historiografija.hr\/?p=52603","url_meta":{"origin":2967,"position":0},"title":"No\u0107 knjige: Carska i kraljevska kuhinja","author":"Branimir Jankovi\u0107","date":"22. travnja 2026.","format":false,"excerpt":"Pozivamo vas da nam se pridru\u017eite 23. travnja 2026. u 18 sati u obilje\u017eavanju No\u0107i knjige u Pivnici Bobi&Rudi na Trgu Ivana Me\u0161trovi\u0107a u Zapru\u0111u u Zagrebu gdje uz kavu \u010ditamo recepte iz zemalja Austro-Ugarske Monarhije iz knjige Carska i kraljevska kuhinja, autora Roberta Mak\u0142owicza, u prijevodu Damira Agi\u010di\u0107a. Izvor:\u2026","rel":"","context":"U &quot;Novosti&quot;","block_context":{"text":"Novosti","link":"https:\/\/historiografija.hr\/?cat=3"},"img":{"alt_text":"","src":"https:\/\/i0.wp.com\/historiografija.hr\/wp-content\/uploads\/2026\/04\/Noc-knjige-Carska-i-kraljevska.jpg?fit=1200%2C1200&ssl=1&resize=350%2C200","width":350,"height":200,"srcset":"https:\/\/i0.wp.com\/historiografija.hr\/wp-content\/uploads\/2026\/04\/Noc-knjige-Carska-i-kraljevska.jpg?fit=1200%2C1200&ssl=1&resize=350%2C200 1x, https:\/\/i0.wp.com\/historiografija.hr\/wp-content\/uploads\/2026\/04\/Noc-knjige-Carska-i-kraljevska.jpg?fit=1200%2C1200&ssl=1&resize=525%2C300 1.5x, https:\/\/i0.wp.com\/historiografija.hr\/wp-content\/uploads\/2026\/04\/Noc-knjige-Carska-i-kraljevska.jpg?fit=1200%2C1200&ssl=1&resize=700%2C400 2x, https:\/\/i0.wp.com\/historiografija.hr\/wp-content\/uploads\/2026\/04\/Noc-knjige-Carska-i-kraljevska.jpg?fit=1200%2C1200&ssl=1&resize=1050%2C600 3x"},"classes":[]},{"id":52641,"url":"https:\/\/historiografija.hr\/?p=52641","url_meta":{"origin":2967,"position":1},"title":"CfP: WHO OWNS THE PAST? VERNACULAR MEMORY, STATE MEMORY, AND THE POLITICS OF OWNERSHIP","author":"Branimir Jankovi\u0107","date":"24. travnja 2026.","format":false,"excerpt":"VIENNA, 31ST AUGUST\u20133RD SEPTEMBER 2026 (DEADLINE: 24TH APRIL 2026) The Center for Austrian Studies at the European Forum at the Hebrew University and the Austrian Academy of Sciences\/Institute of Culture Studies invite early postdocs, PhD candidates, and advanced Master\u2019s students from the Hebrew University of Jerusalem and universities and academic\u2026","rel":"","context":"U &quot;Novosti&quot;","block_context":{"text":"Novosti","link":"https:\/\/historiografija.hr\/?cat=3"},"img":{"alt_text":"","src":"https:\/\/i0.wp.com\/historiografija.hr\/wp-content\/uploads\/2017\/10\/hsozkult.png?fit=1006%2C241&ssl=1&resize=350%2C200","width":350,"height":200,"srcset":"https:\/\/i0.wp.com\/historiografija.hr\/wp-content\/uploads\/2017\/10\/hsozkult.png?fit=1006%2C241&ssl=1&resize=350%2C200 1x, https:\/\/i0.wp.com\/historiografija.hr\/wp-content\/uploads\/2017\/10\/hsozkult.png?fit=1006%2C241&ssl=1&resize=525%2C300 1.5x, https:\/\/i0.wp.com\/historiografija.hr\/wp-content\/uploads\/2017\/10\/hsozkult.png?fit=1006%2C241&ssl=1&resize=700%2C400 2x"},"classes":[]},{"id":52580,"url":"https:\/\/historiografija.hr\/?p=52580","url_meta":{"origin":2967,"position":2},"title":"Conference &#8220;Living in the aftermaths: Trauma, politics and survival in Yugoslavia and successor states, 1945 \u2013 present&#8221;","author":"Branimir Jankovi\u0107","date":"21. travnja 2026.","format":false,"excerpt":"The conference aims to explore how war-related psychological distress was experienced, narrated, debated and reframed in Yugoslavia in the second half of the twentieth century. It asks how the theme of wounded psyche and wartime suffering was addressed and acknowledged in political, psychiatric and broader cultural discourses of socialist Yugoslavia,\u2026","rel":"","context":"U &quot;Novosti&quot;","block_context":{"text":"Novosti","link":"https:\/\/historiografija.hr\/?cat=3"},"img":{"alt_text":"","src":"https:\/\/i0.wp.com\/historiografija.hr\/wp-content\/uploads\/2026\/04\/Battle_of_Neretva_Picasso_poster-Conference-Living-in-the-aftermaths.webp?fit=564%2C954&ssl=1&resize=350%2C200","width":350,"height":200,"srcset":"https:\/\/i0.wp.com\/historiografija.hr\/wp-content\/uploads\/2026\/04\/Battle_of_Neretva_Picasso_poster-Conference-Living-in-the-aftermaths.webp?fit=564%2C954&ssl=1&resize=350%2C200 1x, https:\/\/i0.wp.com\/historiografija.hr\/wp-content\/uploads\/2026\/04\/Battle_of_Neretva_Picasso_poster-Conference-Living-in-the-aftermaths.webp?fit=564%2C954&ssl=1&resize=525%2C300 1.5x"},"classes":[]}],"_links":{"self":[{"href":"https:\/\/historiografija.hr\/index.php?rest_route=\/wp\/v2\/posts\/2967","targetHints":{"allow":["GET"]}}],"collection":[{"href":"https:\/\/historiografija.hr\/index.php?rest_route=\/wp\/v2\/posts"}],"about":[{"href":"https:\/\/historiografija.hr\/index.php?rest_route=\/wp\/v2\/types\/post"}],"author":[{"embeddable":true,"href":"https:\/\/historiografija.hr\/index.php?rest_route=\/wp\/v2\/users\/1"}],"replies":[{"embeddable":true,"href":"https:\/\/historiografija.hr\/index.php?rest_route=%2Fwp%2Fv2%2Fcomments&post=2967"}],"version-history":[{"count":2,"href":"https:\/\/historiografija.hr\/index.php?rest_route=\/wp\/v2\/posts\/2967\/revisions"}],"predecessor-version":[{"id":2977,"href":"https:\/\/historiografija.hr\/index.php?rest_route=\/wp\/v2\/posts\/2967\/revisions\/2977"}],"wp:featuredmedia":[{"embeddable":true,"href":"https:\/\/historiografija.hr\/index.php?rest_route=\/wp\/v2\/media\/1885"}],"wp:attachment":[{"href":"https:\/\/historiografija.hr\/index.php?rest_route=%2Fwp%2Fv2%2Fmedia&parent=2967"}],"wp:term":[{"taxonomy":"category","embeddable":true,"href":"https:\/\/historiografija.hr\/index.php?rest_route=%2Fwp%2Fv2%2Fcategories&post=2967"},{"taxonomy":"post_tag","embeddable":true,"href":"https:\/\/historiografija.hr\/index.php?rest_route=%2Fwp%2Fv2%2Ftags&post=2967"}],"curies":[{"name":"wp","href":"https:\/\/api.w.org\/{rel}","templated":true}]}}