{"id":2965,"date":"2017-02-23T23:00:05","date_gmt":"2017-02-23T23:00:05","guid":{"rendered":"http:\/\/historiografija.hr\/?p=2965"},"modified":"2017-02-23T23:00:05","modified_gmt":"2017-02-23T23:00:05","slug":"13-zagrebdox","status":"publish","type":"post","link":"https:\/\/historiografija.hr\/?p=2965","title":{"rendered":"13. ZagrebDox"},"content":{"rendered":"<p class=\"MsoNormal\" align=\"justify\">ME\u0110UNARODNI FESTIVAL DOKUMENTARNOG FILMA<\/p>\n<p class=\"MsoNormal\" align=\"justify\">&nbsp;<\/p>\n<p class=\"MsoNormal\" align=\"justify\">KAPTOL BOUTIQUE CINEMA, ZAGREB, HRVATSKA<\/p>\n<p class=\"MsoNormal\" align=\"justify\">&nbsp;<\/p>\n<p class=\"MsoNormal\" align=\"justify\">26. VELJA\u010cE &#8211; 5. O\u017dUJKA 2017.<\/p>\n<p class=\"MsoNormal\" align=\"justify\">&nbsp;<\/p>\n<p class=\"MsoNormal\" align=\"justify\"><a href=\"http:\/\/zagrebdox.net\/hr\">http:\/\/zagrebdox.net\/hr<\/a><\/p>\n<p class=\"MsoNormal\" align=\"justify\">&nbsp;<\/p>\n<p class=\"MsoNormal\" align=\"justify\"><\/p>\n<p class=\"MsoNormal\" align=\"justify\"><b style=\"mso-bidi-font-weight:normal\">Sedamnaest doma\u0107ih dokumentaraca premijerno na 13. ZagrebDoxu<\/b><\/p>\n<p class=\"MsoNormal\" align=\"justify\">&nbsp;<\/p>\n<p class=\"MsoNormal\" align=\"justify\">Od 21 naslova u regionalnoj konkurenciji devet je hrvatskih filmova, od \u010dega osam ima svjetsku premijeru na ZagrebDoxu. <b style=\"mso-bidi-font-weight:normal\">Bojnik<\/b> Kristijana Mili\u0107a govori o po\u010detku Domovinskog rata iz perspektive prve trupe dragovoljaca koji su djelovali izvan okvira MUP-a. Sastavljen od sje\u0107anja i razmi\u0161ljanja zapovjednika 1. samostalne satnije Podsused, film obra\u0111uje burni dio novije pro\u0161losti s naglaskom na ljudskoj strani doga\u0111aja. Postratnim temama bave se i filmovi <b style=\"mso-bidi-font-weight:normal\">Maratonci<\/b> Biljane \u010caki\u0107 i <b style=\"mso-bidi-font-weight:normal\">Dvije \u0161kole<\/b> Sr\u0111ana \u0160arenca. <b style=\"mso-bidi-font-weight:normal\">Maratonci <\/b>govore o najdu\u017eoj utrci u Europi, dugoj 227 kilometara, koja se prote\u017ee od Vukovara do Srebrenice. Sredi\u0161nji likovi tri su ratna veterana razli\u010ditih nacionalnosti kojima tr\u010danje i pripreme za maraton imaju terapeutsko djelovanje u borbi i procesu izlje\u010denja postratnih trauma. <b style=\"mso-bidi-font-weight:normal\">Dvije \u0161kole<\/b> prikazuje etni\u010dko odvajanje u travni\u010dkoj gimnaziji, u kojoj potpuno izolirani jedni od drugih u\u010de i odrastaju hrvatski i bo\u0161nja\u010dki u\u010denici, te poku\u0161aj njihova ravnatelja da ih upozna i integrira u \u0161koli. <\/p>\n<p class=\"MsoNormal\" align=\"justify\">&nbsp;<\/p>\n<p class=\"MsoNormal\" align=\"justify\"><b style=\"mso-bidi-font-weight:normal\">Djevojka od nula dolara<\/b> Damira Tere\u0161aka neobi\u010dna je pri\u010da o diplomiranoj teologinji koja se ve\u0107 nekoliko godina profesionalno bavi boksom. Usprkos tome \u0161to je sportske organizacije i institucije ignoriraju, Ivana se bori za naslov prvakinje u sva \u010detiri svjetska saveza u velter kategoriji. U potragu za novim po\u010detkom krenuo je dugogodi\u0161nji novinar i urednik Robert Tomi\u0107 Zuber. Njegov film <b style=\"mso-bidi-font-weight:normal\">Mo\u017ee\u0161 biti sve \u0161to ho\u0107e\u0161<\/b> nastao je kada je autor nakon jednog desetlje\u0107a ostao bez posla i odlu\u010dio kroz osobno iskustvo dokumentirati sustav kroz koji prolaze nezaposlene osobe u Hrvatskoj.<\/p>\n<p class=\"MsoNormal\" align=\"justify\">&nbsp;<\/p>\n<p class=\"MsoNormal\" align=\"justify\"><b style=\"mso-bidi-font-weight:normal\">Neuspje\u0161an skroz<\/b> Ljiljane \u0160i\u0161manovi\u0107, dokumentarni portret (ne)uspje\u0161nog umjetnika, funkcionira kao ironi\u010dna kritika dru\u0161tvene zbilje i novca kao primarnog mjerila uspjeha. Pozicijom nekonvencionalnih umjetnika u dru\u0161tvu iz sfere uli\u010dne umjetnosti bavi se Silvestar Kolbas. Njegov film <b style=\"mso-bidi-font-weight:normal\">Simpl<\/b> donosi \u010detiri portreta grafitera, njihove kreativne procese, razmi\u0161ljanja o dru\u0161tvu i odre\u0111ivanje vlastite pozicije. Dokumentarac <b style=\"mso-bidi-font-weight: normal\">Oni samo dolaze i odlaze<\/b> Borisa Poljaka vizualna je posveta splitskim Ba\u010dvicama u jutarnjim satima. Naslov filmaodnosi se na protagoniste koji s razli\u010ditim ciljevima posje\u0107uju pla\u017eu.<\/p>\n<p class=\"MsoNormal\" align=\"justify\">&nbsp;<\/p>\n<p class=\"MsoNormal\" align=\"justify\">Goran Devi\u0107 na ZagrebDoxu premijerno predstavlja dva projekta; u regionalnoj konkurenciji bit \u0107e prikazan njegov dokumentarac <b style=\"mso-bidi-font-weight:normal\">Buffet \u017deljezara<\/b>, koji nas vodi unutar zidova kafi\u0107a na autobusnom kolodvoru u Sisku, gradu koji je nekada imao najve\u0107u \u017eeljezaru u isto\u010dnoj Europi. Film bilje\u017ei kavanske razgovore vlasnika prije nego \u0161to zauvijek zatvore kafi\u0107 i otvore novo poglavlje u \u017eivotu. <b style=\"mso-bidi-font-weight:normal\">65+<\/b> dokumentarni je serijal \u010diji \u0107e dio biti premijerno prikazan u posebnim programima. Tri epizode \u2013 Druga ljubav, Izbori i Umjetnik nikad ne ide u penziju \u2013 prate nekoliko pojedinaca u poodmakloj \u017eivotnoj dobi i na intrigantan na\u010din preispituju teme ljubavi nakon smrti \u017eivotnog partnera, politi\u010dke aktivnosti i umjetni\u010dkog djelovanja u tre\u0107oj \u017eivotnoj dobi.<\/p>\n<p class=\"MsoNormal\" align=\"justify\">&nbsp;<\/p>\n<p class=\"MsoNormal\" align=\"justify\">Posljednji doma\u0107i film iz regionalne konkurencije, film pro\u0161logodi\u0161njeg dobitnika Velikog pe\u010data u regionalnoj konkurenciji \u0110ure Gavrana na ZagrebDoxu \u0107e imati hrvatsku premijeru. <b style=\"mso-bidi-font-weight: normal\">Jedi, spavaj, jedi, spavaj <\/b>portret je Nigerijca Ebuka Okeke zvanog Prince koji je zbog homoseksualizma morao pobje\u0107i iz mati\u010dne zemlje, a azil je zatra\u017eio u Hrvatskoj.<\/p>\n<p class=\"MsoNormal\" align=\"justify\">&nbsp;<\/p>\n<p class=\"MsoNormal\" align=\"justify\">Osam hrvatskih filmova bit \u0107e prikazano u slu\u017ebenim festivalskim programima, od \u010dega \u0107e pet naslova imati svjetsku premijeru, a jedan hrvatsku. U programu Majstori doxa premijerno \u0107e biti prikazan film <b style=\"mso-bidi-font-weight:normal\">Svaka dobra pri\u010da je ljubavna pri\u010da<\/b> u re\u017eiji Rajka Grli\u0107a i Matja\u017ea Ivani\u0161ina. To je film o kazali\u0161noj predstavi Boris, Milena, Radko i \u010detiri poznate osobe koje stoje iza predstave: scenaristu i redatelju Du\u0161anu Jovanovi\u0107u, glumici Mileni Zupan\u010di\u0107 i dvojici glumaca Radku Poli\u010du i Borisu Cavazzi.<\/p>\n<p class=\"MsoNormal\" align=\"justify\">&nbsp;<\/p>\n<p class=\"MsoNormal\" align=\"justify\">Program Teen Dox uklju\u010duje dva doma\u0107a naslova. Premijerno \u0107e biti prikazan film <b style=\"mso-bidi-font-weight:normal\">Uzdanica <\/b>Antona Mazuli\u0107a, pri\u010da o mladom studentu prava koji se \u017eeli profesionalno ostvariti kao konzervativni politi\u010dar. <b style=\"mso-bidi-font-weight:normal\">Ne \u017ealim ni za \u010dim<\/b> Lucije Strugar kratkometra\u017eni je dokumentarni portret mladog plesa\u010da s otoka Visa, deklariranog homoseksualca, koji prati njegovu integraciju i \u017eivot u izoliranoj sredini. <\/p>\n<p class=\"MsoNormal\" align=\"justify\">&nbsp;<\/p>\n<p class=\"MsoNormal\" align=\"justify\">Tri su premijere doma\u0107ih naslova u programu ADU dox. U sredi\u0161tu filma<b style=\"mso-bidi-font-weight:normal\"> Franko Elek \u2013 slike iz \u017eivota jednog emigranta<\/b> Silvija Miro\u0161ni\u010denka hrvatski je politi\u010dki imigrant u poodmakloj \u017eivotnoj dobi koji se \u017eeli vratiti u rodni kraj. Druga dva naslova donose portrete dviju protagonistica koje na razli\u010dite na\u010dine poku\u0161avaju zaraditi novac: <b style=\"mso-bidi-font-weight:normal\">Kamo idemo<\/b> Lucije \u0160pegar prati mladu taksisticu iz Zagreba, a <b style=\"mso-bidi-font-weight: normal\">Kika <\/b>Mirne Zgrablji\u0107 istoimenu djevojku koja obavlja neobi\u010dan no\u0107ni posao kako bi sakupila novac za ve\u010dernju \u0161kolu. <b style=\"mso-bidi-font-weight: normal\">Pomutnje <\/b>Lane Kosovac pak prati kreativni proces i zbivanja iza scene Eurokazova projekta s Brankom Brezovcem u New Yorku.<\/p>\n<p class=\"MsoNormal\" align=\"justify\">&nbsp;<\/p>\n<p class=\"MsoNormal\" align=\"justify\">Hrvatsku premijeru u programu Kontroverzni dox ostvarit \u0107e najnoviji film Irene \u0160kori\u0107 <b style=\"mso-bidi-font-weight:normal\">Ne\u017eeljena ba\u0161tina<\/b>. To je film o spomenicima NOB-u kojih je u razdoblju od 1945. do 1990. u biv\u0161oj dr\u017eavi izgra\u0111eno na tisu\u0107e i o odnosu ljudi prema vrijednoj umjetni\u010dkoj ba\u0161tini.<\/p>\n<p class=\"MsoNormal\" align=\"justify\">&nbsp;<\/p>\n<p class=\"MsoNormal\" align=\"justify\">Retrospektiva 20 godina Factuma uklju\u010duje osam naslova prema izboru Vetona Nurkollarija, umjetni\u010dkog direktora DokuFesta u Prizrenu, koji se u odabiru fokusirao na kratku formu i starije naslove kako bi upoznao mla\u0111u publiku s Factumovim opusom. Tu su <b style=\"mso-bidi-font-weight:normal\">Bag <\/b>Dalibora Matani\u0107a, Tomislava Rukavine i Stanislava Tomi\u0107a, <b style=\"mso-bidi-font-weight: normal\">Blokada<\/b> Igora Bezinovi\u0107a, <b style=\"mso-bidi-font-weight:normal\">\u010cuvar teglja\u010da<\/b> Silva Miro\u0161ni\u010denka, <b style=\"mso-bidi-font-weight:normal\">De\u010dko kojem se \u017eurilo<\/b> Biljane \u010caki\u0107, <b style=\"mso-bidi-font-weight:normal\">Godine hr\u0111e<\/b> Andreja Korovljeva, <b style=\"mso-bidi-font-weight:normal\">Nemam ti \u0161ta re\u0107&#8217; lijepo<\/b> Gorana Devi\u0107a, <b style=\"mso-bidi-font-weight:normal\">Pitka voda i sloboda III<\/b> Rajka Grli\u0107a i <b style=\"mso-bidi-font-weight:normal\">Sve5!<\/b> Dane Budisavljevi\u0107.<\/p>\n<p class=\"MsoNormal\" align=\"justify\">&nbsp;<\/p>\n<p class=\"MsoNormal\" align=\"justify\">Posebni programi uz spomenutu svjetsku premijeru serijala <b style=\"mso-bidi-font-weight:normal\">65+<\/b> Gorana Devi\u0107a uklju\u010duju novi program <b style=\"mso-bidi-font-weight:normal\">Majke i k\u0107eri<\/b> o slo\u017eenim i intrigantnim odnosima dviju generacija \u017eena u istoj obitelji. Program uklju\u010duje i jedan doma\u0107i naslov, film <b style=\"mso-bidi-font-weight:normal\">Naslije\u0111e <\/b>Sanje \u0160amanovi\u0107 o majci i k\u0107eri koje su nakon slu\u010dajnog zajedni\u010dkog obiteljskog obrasca prisiljene ponovno \u017eivjeti zajedno.<\/p>\n<p class=\"MsoNormal\" align=\"justify\">&nbsp;<\/p>\n<p class=\"MsoNormal\" align=\"justify\">Izvor: <\/p>\n<p class=\"MsoNormal\" align=\"justify\"><\/p>\n<p class=\"MsoNormal\" align=\"justify\">http:\/\/zagrebdox.net\/hr\/2017\/vijesti\/sedamnaest_domacih_dokumentaraca_premijerno_na_13_zagrebdoxu<\/p>\n<p class=\"MsoNormal\" align=\"justify\"><\/p>\n<p class=\"MsoNormal\"><\/p>\n","protected":false},"excerpt":{"rendered":"","protected":false},"author":1,"featured_media":0,"comment_status":"open","ping_status":"open","sticky":false,"template":"","format":"standard","meta":{"_acf_changed":false,"jetpack_post_was_ever_published":false,"_jetpack_newsletter_access":"","_jetpack_dont_email_post_to_subs":false,"_jetpack_newsletter_tier_id":0,"_jetpack_memberships_contains_paywalled_content":false,"_jetpack_memberships_contains_paid_content":false,"footnotes":"","jetpack_publicize_message":"","jetpack_publicize_feature_enabled":true,"jetpack_social_post_already_shared":false,"jetpack_social_options":{"image_generator_settings":{"template":"highway","default_image_id":0,"font":"","enabled":false},"version":2}},"categories":[3],"tags":[],"class_list":["post-2965","post","type-post","status-publish","format-standard","hentry","category-novosti"],"acf":{"facebook_opis":""},"jetpack_publicize_connections":[],"jetpack_featured_media_url":"","jetpack_sharing_enabled":true,"jetpack-related-posts":[{"id":52646,"url":"https:\/\/historiografija.hr\/?p=52646","url_meta":{"origin":2965,"position":0},"title":"5. MALI FESTIVAL POVIJESTI U LASTOVU","author":"Branimir Jankovi\u0107","date":"24. travnja 2026.","format":false,"excerpt":"Peti Mali festival povijesti odr\u017eava se od 25. do 27. travnja 2026. na Lastovu, u suradnji Zavoda za povijesne znanosti HAZU u Dubrovniku, Op\u0107ine Lastovo i Turisti\u010dke zajednice te uz potporu Dubrova\u010dko-neretvanske \u017eupanije. Predavanja: Dr. sc. Jasna \u010capo \u201eKu\u0107a kao zalog budu\u0107nosti i most izme\u0111u iseljenika i domovine\u201c Dr. sc.\u2026","rel":"","context":"U &quot;Novosti&quot;","block_context":{"text":"Novosti","link":"https:\/\/historiografija.hr\/?cat=3"},"img":{"alt_text":"","src":"https:\/\/i0.wp.com\/historiografija.hr\/wp-content\/uploads\/2026\/04\/Lastovo.jpg?fit=1200%2C700&ssl=1&resize=350%2C200","width":350,"height":200,"srcset":"https:\/\/i0.wp.com\/historiografija.hr\/wp-content\/uploads\/2026\/04\/Lastovo.jpg?fit=1200%2C700&ssl=1&resize=350%2C200 1x, https:\/\/i0.wp.com\/historiografija.hr\/wp-content\/uploads\/2026\/04\/Lastovo.jpg?fit=1200%2C700&ssl=1&resize=525%2C300 1.5x, https:\/\/i0.wp.com\/historiografija.hr\/wp-content\/uploads\/2026\/04\/Lastovo.jpg?fit=1200%2C700&ssl=1&resize=700%2C400 2x, https:\/\/i0.wp.com\/historiografija.hr\/wp-content\/uploads\/2026\/04\/Lastovo.jpg?fit=1200%2C700&ssl=1&resize=1050%2C600 3x"},"classes":[]},{"id":52552,"url":"https:\/\/historiografija.hr\/?p=52552","url_meta":{"origin":2965,"position":1},"title":"Besplatni glazbeni antikvarijat","author":"Branimir Jankovi\u0107","date":"20. travnja 2026.","format":false,"excerpt":"Muzi\u010dka akademija Sveu\u010dili\u0161ta u Zagrebu 23. travnja 2026. od 10 do 17 sati Pozivamo Vas na Besplatni glazbeni antikvarijat, koji u sklopu manifestacije No\u0107 knjige 2026. organizira Hrvatska udruga muzi\u010dkih knji\u017enica, arhiva i dokumentacijskih centara (HUMKAD). Antikvarijat \u0107e se odr\u017eati na Svjetski dan knjige \u2013 u \u010detvrtak 23. travnja 2026.\u2026","rel":"","context":"U &quot;Novosti&quot;","block_context":{"text":"Novosti","link":"https:\/\/historiografija.hr\/?cat=3"},"img":{"alt_text":"","src":"https:\/\/i0.wp.com\/historiografija.hr\/wp-content\/uploads\/2026\/04\/Besplatni-glazbeni-antikvarijat-23.-4.-2026.jpg?fit=1200%2C848&ssl=1&resize=350%2C200","width":350,"height":200,"srcset":"https:\/\/i0.wp.com\/historiografija.hr\/wp-content\/uploads\/2026\/04\/Besplatni-glazbeni-antikvarijat-23.-4.-2026.jpg?fit=1200%2C848&ssl=1&resize=350%2C200 1x, https:\/\/i0.wp.com\/historiografija.hr\/wp-content\/uploads\/2026\/04\/Besplatni-glazbeni-antikvarijat-23.-4.-2026.jpg?fit=1200%2C848&ssl=1&resize=525%2C300 1.5x, https:\/\/i0.wp.com\/historiografija.hr\/wp-content\/uploads\/2026\/04\/Besplatni-glazbeni-antikvarijat-23.-4.-2026.jpg?fit=1200%2C848&ssl=1&resize=700%2C400 2x, https:\/\/i0.wp.com\/historiografija.hr\/wp-content\/uploads\/2026\/04\/Besplatni-glazbeni-antikvarijat-23.-4.-2026.jpg?fit=1200%2C848&ssl=1&resize=1050%2C600 3x"},"classes":[]},{"id":52543,"url":"https:\/\/historiografija.hr\/?p=52543","url_meta":{"origin":2965,"position":2},"title":"Znanstveno-stru\u010dni skup \u201eOto\u010dne pu\u010dke pobo\u017enosti: kontinuiteti i transformacije\u201c","author":"Branimir Jankovi\u0107","date":"20. travnja 2026.","format":false,"excerpt":"Najavljujemo\u00a0znanstveno-stru\u010dni skup \u201eOto\u010dne pu\u010dke pobo\u017enosti: kontinuiteti i transformacije\u201c,\u00a0koji \u0107e se odr\u017eati\u00a0u Rabu od 24. do 26. travnja 2026.,\u00a0u organizaciji i uz potporu\u00a0Instituta za etnologiju i folkloristiku, Zagreb, \u00a0Grada Raba, Pu\u010dkog otvorenog u\u010dili\u0161ta Rab i Centra za istra\u017eivanje srednjovjekovne ba\u0161tine Jadrana RIMAH. Skup okuplja vode\u0107e doma\u0107e stru\u010dnjake koji \u0107e kroz niz\u2026","rel":"","context":"U &quot;Novosti&quot;","block_context":{"text":"Novosti","link":"https:\/\/historiografija.hr\/?cat=3"},"img":{"alt_text":"","src":"https:\/\/i0.wp.com\/historiografija.hr\/wp-content\/uploads\/2026\/04\/Skup_Rab.jpg?fit=848%2C1200&ssl=1&resize=350%2C200","width":350,"height":200,"srcset":"https:\/\/i0.wp.com\/historiografija.hr\/wp-content\/uploads\/2026\/04\/Skup_Rab.jpg?fit=848%2C1200&ssl=1&resize=350%2C200 1x, https:\/\/i0.wp.com\/historiografija.hr\/wp-content\/uploads\/2026\/04\/Skup_Rab.jpg?fit=848%2C1200&ssl=1&resize=525%2C300 1.5x, https:\/\/i0.wp.com\/historiografija.hr\/wp-content\/uploads\/2026\/04\/Skup_Rab.jpg?fit=848%2C1200&ssl=1&resize=700%2C400 2x"},"classes":[]},{"id":52628,"url":"https:\/\/historiografija.hr\/?p=52628","url_meta":{"origin":2965,"position":3},"title":"Predavanje dopisnog \u010dlana HAZU Alaina Finkielkrauta Izrael, Europa, antisemitizam","author":"Branimir Jankovi\u0107","date":"23. travnja 2026.","format":false,"excerpt":"Francuski filozof Alain Finkielkraut, redoviti \u010dlan Francuske akademije i dopisni \u010dlan HAZU, odr\u017eat \u0107e predavanje\u00a0Izrael, Europa, antisemitizam u utorak 28. travnja 2026. u 13 sati u Knji\u017enici HAZU,\u00a0Strossmayerov trg 14 u Zagrebu. Uvodne rije\u010di odr\u017eat \u0107e\u00a0akademkinja \u017deljka \u010corak i\u00a0akademik Dra\u017een Katunari\u0107. Predavanje \u0107e se odr\u017eati na francuskom jeziku uz konsekutivno\u2026","rel":"","context":"U &quot;Novosti&quot;","block_context":{"text":"Novosti","link":"https:\/\/historiografija.hr\/?cat=3"},"img":{"alt_text":"","src":"https:\/\/i0.wp.com\/historiografija.hr\/wp-content\/uploads\/2026\/04\/Alain_Finkielkraut.jpg?fit=350%2C407&ssl=1&resize=350%2C200","width":350,"height":200},"classes":[]},{"id":52633,"url":"https:\/\/historiografija.hr\/?p=52633","url_meta":{"origin":2965,"position":4},"title":"POVIJEST TRE\u0160NJEVA\u010cKE GLAZBE: prikupljanje virtualnog fundusa Muzeja susjedstva Tre\u0161njevka","author":"Branimir Jankovi\u0107","date":"23. travnja 2026.","format":false,"excerpt":"utorak 28. 4. 2026. 14 - 18 h Nova BAZA, Nova cesta 66, Zagreb Prvi su dani ljeta 1957. godine. Bo\u017eica Kalafati\u0107 poha\u0111a drugi razred Osnovne \u0161kole Bratstvo i jedinstvo, danas kralja Tomislava, a ide i na muzi\u010dke satove u Mo\u0161\u0107eni\u010dkoj ulici. Na fotografiji s harmonikom u rukama stoji u\u2026","rel":"","context":"U &quot;Novosti&quot;","block_context":{"text":"Novosti","link":"https:\/\/historiografija.hr\/?cat=3"},"img":{"alt_text":"","src":"https:\/\/i0.wp.com\/historiografija.hr\/wp-content\/uploads\/2026\/04\/MST_prikupljanje.jpg?fit=380%2C475&ssl=1&resize=350%2C200","width":350,"height":200},"classes":[]},{"id":52631,"url":"https:\/\/historiografija.hr\/?p=52631","url_meta":{"origin":2965,"position":5},"title":"Predavanje Ivana Tepe\u0161a: Djelovanje hrvatske politi\u010dke emigracije","author":"Branimir Jankovi\u0107","date":"23. travnja 2026.","format":false,"excerpt":"Odjel za me\u0111unarodnu suradnju i iseljeni\u0161tvo Matice hrvatske Predavanje Ivana Tepe\u0161a: Djelovanje hrvatske politi\u010dke emigracije Utorak, 28. travnja 2026. u 18:00 sati, Dvorana Ljudevita Jonkea (Mala dvorana MH), Strossmayerov trg 4, Zagreb dr. sc. Ivan Tepe\u0161, Institut za istra\u017eivanje migracija Hrvatska politi\u010dka emigracija obilje\u017eila je polustoljetnu hrvatsku povijest u drugoj\u2026","rel":"","context":"U &quot;Novosti&quot;","block_context":{"text":"Novosti","link":"https:\/\/historiografija.hr\/?cat=3"},"img":{"alt_text":"","src":"","width":0,"height":0},"classes":[]}],"_links":{"self":[{"href":"https:\/\/historiografija.hr\/index.php?rest_route=\/wp\/v2\/posts\/2965","targetHints":{"allow":["GET"]}}],"collection":[{"href":"https:\/\/historiografija.hr\/index.php?rest_route=\/wp\/v2\/posts"}],"about":[{"href":"https:\/\/historiografija.hr\/index.php?rest_route=\/wp\/v2\/types\/post"}],"author":[{"embeddable":true,"href":"https:\/\/historiografija.hr\/index.php?rest_route=\/wp\/v2\/users\/1"}],"replies":[{"embeddable":true,"href":"https:\/\/historiografija.hr\/index.php?rest_route=%2Fwp%2Fv2%2Fcomments&post=2965"}],"version-history":[{"count":0,"href":"https:\/\/historiografija.hr\/index.php?rest_route=\/wp\/v2\/posts\/2965\/revisions"}],"wp:attachment":[{"href":"https:\/\/historiografija.hr\/index.php?rest_route=%2Fwp%2Fv2%2Fmedia&parent=2965"}],"wp:term":[{"taxonomy":"category","embeddable":true,"href":"https:\/\/historiografija.hr\/index.php?rest_route=%2Fwp%2Fv2%2Fcategories&post=2965"},{"taxonomy":"post_tag","embeddable":true,"href":"https:\/\/historiografija.hr\/index.php?rest_route=%2Fwp%2Fv2%2Ftags&post=2965"}],"curies":[{"name":"wp","href":"https:\/\/api.w.org\/{rel}","templated":true}]}}