{"id":29643,"date":"2022-02-04T22:05:03","date_gmt":"2022-02-04T22:05:03","guid":{"rendered":"http:\/\/historiografija.hr\/?p=29643"},"modified":"2022-02-04T22:06:39","modified_gmt":"2022-02-04T22:06:39","slug":"renata-salecl-covjek-je-covjeku-virus","status":"publish","type":"post","link":"https:\/\/historiografija.hr\/?p=29643","title":{"rendered":"Renata Salecl, &#8220;\u010covjek je \u010dovjeku virus&#8221;"},"content":{"rendered":"\n<p>Knjiga \u010covjek je \u010dovjeku virus me\u0111unarodno ugledne filozofkinje Renate Salecl donosi opse\u017ean osvrt na promjene koje pandemija koronavirusa donosi u na\u0161e \u017eivote.<\/p>\n\n\n\n<hr class=\"wp-block-separator\"\/>\n\n\n\n<p>Prvi dio knjige \u010covjek je \u010dovjeku virus, Renate Salecl, vode\u0107e slovenske filozofkinje i sociologinje s me\u0111unarodnim ugledom, zbirka je eseja koju \u010dine skupljene i prera\u0111ene kolumne koje je autorica u posljednjih nekoliko godina objavljivala u subotnjem prilogu novina Delo te ih objavila pod nazivom Tr\u010danje na mjestu. U njemu se prou\u010dava \u0161to se doga\u0111a s pojedincem u neoliberalnom svijetu, koji ga novi psiholo\u0161ki simptomi mu\u010de, kako shva\u0107a svoj \u017eivot, kakav odnos ima prema dru\u0161tvu oko sebe, kako do\u017eivljava rad, ljubav, roditeljstvo i kako razmi\u0161lja o budu\u0107nosti. Kamo idemo kao dru\u0161tvo i kao pojedinci, pred kojim problemima zatvaramo o\u010di i za\u0161to razvoj \u010desto izgleda kao tr\u010danje na mjestu samo su neke od tema koje se pritom obra\u0111uju. Drugi dio knjige, koji je prijevod djela \u010covjek je \u010dovjeku virus, govori o promjenama koje pandemija koronavirusa donosi u na\u0161e \u017eivote, bave\u0107i se odnosom prema zdravlju, autoritetima, kontroli, (ne) jednakosti, boli i prije svega negativnim emocijama. Esejisti\u010dka i zgusnuta razmi\u0161ljanja o promjenama u dru\u0161tvu zbog pojave koronavirusa razmatraju \u0161to pandemija zna\u010di kao poluga za dru\u0161tvo. Za\u0161to je zatvaranje kao dio borbe protiv virusa rezultiralo i autoritarnim politi\u010dkim stajali\u0161tima, vojnim diskursom i ratom rije\u010dima, za\u0161to pandemija u nekim slu\u010dajevima uzrokuje pona\u0161anje s elementima terorizma, koji je uzrok masovne fascinacije toaletnim papirom, kako su nam automobili postali novi kavezi, za\u0161to i po kojim kriterijima neki \u017eivoti imaju ve\u0107e, a drugi manje vrijednosti, samo su neke od tema koje se obra\u0111uju u drugom dijelu ove fascinantne knjige. Pritom se poku\u0161ava dati odgovor na goru\u0107e pitanje na\u0161ih dana; mo\u017ee li pobuna protiv rastu\u0107e nejednakosti u doba korone dovesti do radikalnih dru\u0161tvenih promjena i mo\u017ee li cijela kriza pomo\u0107i u pobolj\u0161anju zabrinjavaju\u0107e ekolo\u0161ke situacije. Eseji iz obje knjige hrvatskim se \u010ditateljima premijerno predstavljaju objedinjeni u jednu, jer je prva okvir za drugu, konkretnu situaciju u vremenu pandemije, u kojoj autorica analiti\u010dki i kriti\u010dki nudi promi\u0161ljanje realizacije da je svijet zarobljen. \u010covjek je \u010dovjeku virus, jednu od najva\u017enijih knjiga suvremenog doba, Naklada Ljevak predstavlja u promi\u0161ljenom prijevodu Anite Peti-Stanti\u0107.<\/p>\n\n\n\n<hr class=\"wp-block-separator\"\/>\n\n\n\n<p><strong>Renata Salecl<\/strong> (Slovenj Gradec, 1962.) studirala je filozofiju i doktorirala sociologiju, a 1980-ih godina bila je aktivna u znamenitoj Ljubljanskoj \u0161koli psihoanalize. Gostuju\u0107a je profesorica na London School of Economics, vi\u0161a istra\u017eiva\u010dica pri Institutu za kriminologiju na Pravnom fakultetu u Ljubljani te profesorica na Birkbeck Collegeu. Godine 2010. progla\u0161ena je \u201eslovenskom znanstvenicom godine\u201d. U o\u017eujku 2011. progla\u0161ena je najuspje\u0161nijom \u017eenom u Sloveniji. Godine 2017. izabrana je za \u010dlanicu Slovenske akademije znanosti i umjetnosti. Knjige su joj prevedene na petnaest jezika, a me\u0111u njima se isti\u010du: O anksioznosti, (Per)verzije ljubavi i mr\u017enje i Tiranija izbora.<\/p>\n\n\n\n<hr class=\"wp-block-separator\"\/>\n\n\n\n<p>Izdava\u010d: Naklada Ljevak<\/p>\n\n\n\n<p>Broj stranica: 264<\/p>\n\n\n\n<p>Godina izdanja: 2021<\/p>\n\n\n\n<p>Prevoditeljica: Anita Peti-Stanti\u0107<\/p>\n\n\n\n<hr class=\"wp-block-separator\"\/>\n\n\n\n<p>Izvor:<\/p>\n\n\n\n<p><a href=\"https:\/\/www.ljevak.hr\/publicistika\/27427-covjek-je-covjeku-virus.html\">https:\/\/www.ljevak.hr\/publicistika\/27427-covjek-je-covjeku-virus.html<\/a><\/p>\n\n\n\n<hr class=\"wp-block-separator\"\/>\n\n\n\n<p>Odjeci:<\/p>\n\n\n\n<p><a href=\"https:\/\/www.jutarnji.hr\/kultura\/knjizevnost\/pandemija-je-povecala-socijalne-nejednakosti-od-virusa-vise-obolijevaju-siromasni-15124139\">https:\/\/www.jutarnji.hr\/kultura\/knjizevnost\/pandemija-je-povecala-socijalne-nejednakosti-od-virusa-vise-obolijevaju-siromasni-15124139<\/a><\/p>\n\n\n\n<p><a href=\"https:\/\/www.6yka.com\/novosti\/renata-salecl-covjek-je-covjeku-virus\">https:\/\/www.6yka.com\/novosti\/renata-salecl-covjek-je-covjeku-virus<\/a><\/p>\n\n\n\n<p><a href=\"https:\/\/express.24sata.hr\/life\/ideologija-neoliberalizma-uvelike-povecava-tjeskobu-25545\">https:\/\/express.24sata.hr\/life\/ideologija-neoliberalizma-uvelike-povecava-tjeskobu-25545<\/a><\/p>\n\n\n\n<hr class=\"wp-block-separator\"\/>\n","protected":false},"excerpt":{"rendered":"","protected":false},"author":2,"featured_media":29646,"comment_status":"open","ping_status":"open","sticky":false,"template":"","format":"standard","meta":{"_acf_changed":false,"jetpack_post_was_ever_published":false,"_jetpack_newsletter_access":"","_jetpack_dont_email_post_to_subs":false,"_jetpack_newsletter_tier_id":0,"_jetpack_memberships_contains_paywalled_content":false,"_jetpack_memberships_contains_paid_content":false,"footnotes":"","jetpack_publicize_message":"","jetpack_publicize_feature_enabled":true,"jetpack_social_post_already_shared":true,"jetpack_social_options":{"image_generator_settings":{"template":"highway","default_image_id":0,"font":"","enabled":false},"version":2}},"categories":[8,3],"tags":[],"class_list":["post-29643","post","type-post","status-publish","format-standard","has-post-thumbnail","hentry","category-knjige","category-novosti"],"acf":{"facebook_opis":""},"jetpack_publicize_connections":[],"jetpack_featured_media_url":"https:\/\/i0.wp.com\/historiografija.hr\/wp-content\/uploads\/2022\/02\/Knjiga-covjek-je-covjeku-virus.jpg?fit=570%2C312&ssl=1","jetpack_sharing_enabled":true,"jetpack-related-posts":[],"_links":{"self":[{"href":"https:\/\/historiografija.hr\/index.php?rest_route=\/wp\/v2\/posts\/29643","targetHints":{"allow":["GET"]}}],"collection":[{"href":"https:\/\/historiografija.hr\/index.php?rest_route=\/wp\/v2\/posts"}],"about":[{"href":"https:\/\/historiografija.hr\/index.php?rest_route=\/wp\/v2\/types\/post"}],"author":[{"embeddable":true,"href":"https:\/\/historiografija.hr\/index.php?rest_route=\/wp\/v2\/users\/2"}],"replies":[{"embeddable":true,"href":"https:\/\/historiografija.hr\/index.php?rest_route=%2Fwp%2Fv2%2Fcomments&post=29643"}],"version-history":[{"count":1,"href":"https:\/\/historiografija.hr\/index.php?rest_route=\/wp\/v2\/posts\/29643\/revisions"}],"predecessor-version":[{"id":29645,"href":"https:\/\/historiografija.hr\/index.php?rest_route=\/wp\/v2\/posts\/29643\/revisions\/29645"}],"wp:featuredmedia":[{"embeddable":true,"href":"https:\/\/historiografija.hr\/index.php?rest_route=\/wp\/v2\/media\/29646"}],"wp:attachment":[{"href":"https:\/\/historiografija.hr\/index.php?rest_route=%2Fwp%2Fv2%2Fmedia&parent=29643"}],"wp:term":[{"taxonomy":"category","embeddable":true,"href":"https:\/\/historiografija.hr\/index.php?rest_route=%2Fwp%2Fv2%2Fcategories&post=29643"},{"taxonomy":"post_tag","embeddable":true,"href":"https:\/\/historiografija.hr\/index.php?rest_route=%2Fwp%2Fv2%2Ftags&post=29643"}],"curies":[{"name":"wp","href":"https:\/\/api.w.org\/{rel}","templated":true}]}}