{"id":2964,"date":"2017-02-23T23:00:05","date_gmt":"2017-02-23T23:00:05","guid":{"rendered":"http:\/\/historiografija.hr\/?p=2964"},"modified":"2017-02-26T19:47:21","modified_gmt":"2017-02-26T19:47:21","slug":"osamnaeste-zive-slike-25-i-26-veljace-2017","status":"publish","type":"post","link":"https:\/\/historiografija.hr\/?p=2964","title":{"rendered":"Osamnaeste &#8220;\u017dive slike&#8221;, 25. i 26. velja\u010de 2017."},"content":{"rendered":"<style> <!--  \/* Font Definitions *\/  @font-face \t{font-family:Calibri; \tpanose-1:2 15 5 2 2 2 4 3 2 4; \tmso-font-charset:238; \tmso-generic-font-family:swiss; \tmso-font-pitch:variable; \tmso-font-signature:-1610611985 1073750139 0 0 159 0;}  \/* Style Definitions *\/  p.MsoNormal, li.MsoNormal, div.MsoNormal \t{mso-style-unhide:no; \tmso-style-qformat:yes; \tmso-style-parent:\"\"; \tmargin-top:0cm; \tmargin-right:0cm; \tmargin-bottom:10.0pt; \tmargin-left:0cm; \tline-height:115%; \tmso-pagination:widow-orphan; \tfont-size:11.0pt; \tfont-family:\"Calibri\",\"sans-serif\"; \tmso-ascii-font-family:Calibri; \tmso-ascii-theme-font:minor-latin; \tmso-fareast-font-family:Calibri; \tmso-fareast-theme-font:minor-latin; \tmso-hansi-font-family:Calibri; \tmso-hansi-theme-font:minor-latin; \tmso-bidi-font-family:\"Times New Roman\"; \tmso-bidi-theme-font:minor-bidi; \tmso-fareast-language:EN-US;} a:link, span.MsoHyperlink \t{mso-style-priority:99; \tcolor:blue; \tmso-themecolor:hyperlink; \ttext-decoration:underline; \ttext-underline:single;} a:visited, span.MsoHyperlinkFollowed \t{mso-style-noshow:yes; \tmso-style-priority:99; \tcolor:purple; \tmso-themecolor:followedhyperlink; \ttext-decoration:underline; \ttext-underline:single;} .MsoChpDefault \t{mso-style-type:export-only; \tmso-default-props:yes; \tmso-ascii-font-family:Calibri; \tmso-ascii-theme-font:minor-latin; \tmso-fareast-font-family:Calibri; \tmso-fareast-theme-font:minor-latin; \tmso-hansi-font-family:Calibri; \tmso-hansi-theme-font:minor-latin; \tmso-bidi-font-family:\"Times New Roman\"; \tmso-bidi-theme-font:minor-bidi; \tmso-fareast-language:EN-US;} .MsoPapDefault \t{mso-style-type:export-only; \tmargin-bottom:10.0pt; \tline-height:115%;} @page Section1 \t{size:612.0pt 792.0pt; \tmargin:70.85pt 70.85pt 70.85pt 70.85pt; \tmso-header-margin:36.0pt; \tmso-footer-margin:36.0pt; \tmso-paper-source:0;} div.Section1 \t{page:Section1;} --> <\/style>\n<p class=\"MsoNormal\" align=\"justify\">mjesto odr\u017eavanja: Muzej grada Zagreba, Opati\u010dka 20<\/p>\n<p class=\"MsoNormal\" align=\"justify\">datum po\u010detka\/zavr\u0161etka: 25.02.2017. \/ 26.02.2017.<\/p>\n<p class=\"MsoNormal\" align=\"justify\">vrijeme odr\u017eavanja: 11 &#8211; 14 sati<\/p>\n<p class=\"MsoNormal\" align=\"justify\">organizator: Muzej grada Zagreba.<\/p>\n<p class=\"MsoNormal\" align=\"justify\">\n<p class=\"MsoNormal\" align=\"justify\"><a href=\"http:\/\/www.mgz.hr\/\">http:\/\/www.mgz.hr\/<\/a><\/p>\n<p class=\"MsoNormal\" align=\"justify\">\n<p class=\"MsoNormal\" align=\"justify\">Muzej grada Zagreba ve\u0107 osamnaestu godinu tijekom zadnjeg vikenda fa\u0161nika prire\u0111uje edukativni program \u017dive slike. Taj nekomercijalni muzejski projekt, organiziran po uzoru na sli\u010dno doga\u0111anje koje je prire\u0111ivano krajem 19. stolje\u0107a u Zagrebu, zasniva se na kostimiranju svih djelatnika Muzeja, vanjskih suradnika i prijatelja Muzeja u likove iz zagreba\u010dke pro\u0161losti. Likovi se posjetiteljima predstavljaju u prvom licu, tuma\u010de\u0107i osobnu povijest i povijest grada u vremenu u kojem su \u017eivjeli.<\/p>\n<p class=\"MsoNormal\" align=\"justify\">\n<p class=\"MsoNormal\" align=\"justify\">U stalnom postavu Muzeja s posjetiteljima razgovaraju i povijesna doga\u0111anja tuma\u010de:<\/p>\n<p class=\"MsoNormal\" align=\"justify\">kralj Bela IV.<\/p>\n<p class=\"MsoNormal\" align=\"justify\">prvi zagreba\u010dki biskup Duh<\/p>\n<p class=\"MsoNormal\" align=\"justify\">Crna kraljica Barbara Celjska<\/p>\n<p class=\"MsoNormal\" align=\"justify\">gradski sudac Adam Balogh<\/p>\n<p class=\"MsoNormal\" align=\"justify\">zvonoljeva\u010d Henrik Degen<\/p>\n<p class=\"MsoNormal\" align=\"justify\">barunica Ana Marija Rauch<\/p>\n<p class=\"MsoNormal\" align=\"justify\">trgovac Naum Mallin<\/p>\n<p class=\"MsoNormal\" align=\"justify\">gradona\u010delnik Ve\u0107eslav Holjevac<\/p>\n<p class=\"MsoNormal\" align=\"justify\">fotografkinja Antonija Kul\u010dar<\/p>\n<p class=\"MsoNormal\" align=\"justify\">izumitelj Slavoljub Penkala<\/p>\n<p class=\"MsoNormal\" align=\"justify\">zlatar Slavoljub Bulvan<\/p>\n<p class=\"MsoNormal\" align=\"justify\">vlasnica gostionice Katarina Matejna<\/p>\n<p class=\"MsoNormal\" align=\"justify\">subreta u kabareu Micika \u017dli\u010dar i brojni drugi.<\/p>\n<p class=\"MsoNormal\" align=\"justify\">\n<p class=\"MsoNormal\" align=\"justify\">\n<p class=\"MsoNormal\" align=\"justify\"><b style=\"mso-bidi-font-weight: normal;\">U povodu 110. obljetnice osnutka Muzeja grada Zagreba<\/b> posjetitelje \u0107e do\u010dekivati Emilij pl. Laszowsky, veliki me\u0161tar Dru\u017ebe \u201cBra\u0107a hrvatskoga zmaja\u201d, koja je 1907. godine u kuli nad Kamenitim vratima utemeljila Gradski muzej.<\/p>\n<p class=\"MsoNormal\" align=\"justify\">\n<p class=\"MsoNormal\" align=\"justify\">Ovogodi\u0161nje <i style=\"mso-bidi-font-style: normal;\">\u017dive slike<\/i> posve\u0107ujemo svima koji su do\u0161li u Zagreb i svojim djelovanjem doprinijeli napretku \u017eivota grada i njegovih stanovnika. Na\u0161i djelatnici \u0107e se pojaviti u ulogama fotografa Franje Pommera koji je u Zagreb stigao iz Danske i ovdje otvorio prvi stalni fotografski atelje. U Muzeju grada Zagreba u tijeku su pripremni radovi za izlo\u017ebu posve\u0107enu ovom fotografu.<\/p>\n<p class=\"MsoNormal\" align=\"justify\">\n<p class=\"MsoNormal\" align=\"justify\">Kaptolski slasti\u010dar (sladopek) Vjekoslav \u0160enoa (otac Augusta \u0160enoe) u Zagreb je, na poziv biskupa Aleksandra Alagovi\u0107a, stigao iz Trnave u dana\u0161njoj Slova\u010dkoj. Iz Slova\u010dke je do\u0161ao i izumitelj Slavoljub Penkala.<\/p>\n<p class=\"MsoNormal\" align=\"justify\">\n<p class=\"MsoNormal\" align=\"justify\">Friedrich Miroslav Singer, utemeljitelj tjelovje\u017ebe u zagreba\u010dkim \u0161kolama do\u0161ao je iz Be\u010da. U Realnoj gimnaziji (danas zgrada Dr\u017eavnoga hidrometeorolo\u0161kog zavoda) vodio je prvu vje\u017ebaonicu u Hrvatskoj.<\/p>\n<p class=\"MsoNormal\" align=\"justify\">\n<p class=\"MsoNormal\" align=\"justify\">Zagreba\u010dki trgovac gr\u010dkog porijekla Naum Mallin govorit \u0107e o putovanju na prvu Svjetsku izlo\u017ebu u Londonu, u rujnu 1851. godine. Dugotrajno putovanje zapo\u010delo je dili\u017eansom, a nastavljeno vlakom.<\/p>\n<p class=\"MsoNormal\" align=\"justify\">\n<p class=\"MsoNormal\" align=\"justify\">Marija Boll\u00e9, supruga arhitekta Hermana Boll\u00e9a, govorit \u0107e o svom suprugu i njegovu radu nakon dolaska u Zagreb 1879. godine.<\/p>\n<p class=\"MsoNormal\" align=\"justify\">\n<p class=\"MsoNormal\" align=\"justify\">Posjetitelji \u0107e mo\u0107i kupiti izdanja Muzeja grada Zagreba po promotivnim cijenama.<\/p>\n<p class=\"MsoNormal\" align=\"justify\">\n<p class=\"MsoNormal\" align=\"justify\">U vrijeme odr\u017eavanja \u017divih slika mo\u017ee se razgledati i izlo\u017eba <b style=\"mso-bidi-font-weight: normal;\"><i style=\"mso-bidi-font-style: normal;\">Vrijeme giganata: planska industrijalizacija i naslije\u0111e 1947. \u2013 1952.<\/i><\/b><\/p>\n<p class=\"MsoNormal\" align=\"justify\">\n<p class=\"MsoNormal\" align=\"justify\">U predvorju Muzeja za najmla\u0111e posjetitelje bit \u0107e organizirana kreativna radionica Boje na licu. Zainteresirani posjetitelji izra\u0111ivat \u0107e fa\u0161ni\u010dke \u0161e\u0161ire i maske bojama za lice, uz stru\u010dni nadzor muzejske pedagoginje i profesionalnih viza\u017eistica.<\/p>\n<p class=\"MsoNormal\" align=\"justify\">\n<p class=\"MsoNormal\" align=\"justify\">\u017dive slike \u017eelimo pribli\u017eiti posjetiteljima s posebnim potrebama te je stoga svake godine s nama i tuma\u010d za znakovni jezik.<\/p>\n<p class=\"MsoNormal\" align=\"justify\">\n<p class=\"MsoNormal\" align=\"justify\">\u017dive slike su besplatno doga\u0111anje, \u201cdani otvorenih vrata\u201d za posjetitelje Muzeja.<\/p>\n<p class=\"MsoNormal\" align=\"justify\">\n<p class=\"MsoNormal\" align=\"justify\">Nakon \u017divih slika u Muzeju grada Zagreba, u utorak 28. velja\u010de, nekolicina djelatnika Muzeja i na\u0161ih suradnika posjetit \u0107e male pacijente Klinike za dje\u010dje bolesti Zagreb u Klai\u0107evoj ulici.<\/p>\n<p class=\"MsoNormal\" align=\"justify\">\n<p class=\"MsoNormal\" align=\"justify\">Radujemo se va\u0161em dolasku!<\/p>\n<p class=\"MsoNormal\" align=\"justify\">\n","protected":false},"excerpt":{"rendered":"","protected":false},"author":1,"featured_media":0,"comment_status":"open","ping_status":"open","sticky":false,"template":"","format":"standard","meta":{"_acf_changed":false,"jetpack_post_was_ever_published":false,"_jetpack_newsletter_access":"","_jetpack_dont_email_post_to_subs":true,"_jetpack_newsletter_tier_id":0,"_jetpack_memberships_contains_paywalled_content":false,"_jetpack_memberships_contains_paid_content":false,"footnotes":"","jetpack_publicize_message":"","jetpack_publicize_feature_enabled":true,"jetpack_social_post_already_shared":false,"jetpack_social_options":{"image_generator_settings":{"template":"highway","default_image_id":0,"font":"","enabled":false},"version":2}},"categories":[3],"tags":[],"class_list":["post-2964","post","type-post","status-publish","format-standard","hentry","category-novosti"],"acf":{"facebook_opis":""},"jetpack_publicize_connections":[],"jetpack_featured_media_url":"","jetpack_sharing_enabled":true,"jetpack-related-posts":[{"id":52575,"url":"https:\/\/historiografija.hr\/?p=52575","url_meta":{"origin":2964,"position":0},"title":"Izlo\u017eba dje\u010djih radova \u201cU po\u010detku bija\u0161e crte\u017e\u2026\u201d","author":"Branimir Jankovi\u0107","date":"21. travnja 2026.","format":false,"excerpt":"U subotu, 25. travnja 2026. u 11 sati u Galeriji Klovi\u0107evi dvori sve\u010dano otvaramo izlo\u017ebu dje\u010djih radova pod nazivom U po\u010detku bija\u0161e crte\u017e\u2026 Radovi su nastali u sklopu likovnih radionica uz izlo\u017ebu U po\u010detku bija\u0161e kraljevstvo \u2013 izlo\u017eba povodom 1100 godina Hrvatskoga Kraljevstva. Na brojnim likovnim radionicama, uz \u0161kolsku djecu,\u2026","rel":"","context":"U &quot;Izlo\u017ebe&quot;","block_context":{"text":"Izlo\u017ebe","link":"https:\/\/historiografija.hr\/?cat=10"},"img":{"alt_text":"","src":"https:\/\/i0.wp.com\/historiografija.hr\/wp-content\/uploads\/2025\/10\/Klovicevi_sluzbeni-plakat.png?fit=840%2C1200&ssl=1&resize=350%2C200","width":350,"height":200,"srcset":"https:\/\/i0.wp.com\/historiografija.hr\/wp-content\/uploads\/2025\/10\/Klovicevi_sluzbeni-plakat.png?fit=840%2C1200&ssl=1&resize=350%2C200 1x, https:\/\/i0.wp.com\/historiografija.hr\/wp-content\/uploads\/2025\/10\/Klovicevi_sluzbeni-plakat.png?fit=840%2C1200&ssl=1&resize=525%2C300 1.5x, https:\/\/i0.wp.com\/historiografija.hr\/wp-content\/uploads\/2025\/10\/Klovicevi_sluzbeni-plakat.png?fit=840%2C1200&ssl=1&resize=700%2C400 2x"},"classes":[]},{"id":52556,"url":"https:\/\/historiografija.hr\/?p=52556","url_meta":{"origin":2964,"position":1},"title":"ZagrebDox 2026.","author":"Branimir Jankovi\u0107","date":"20. travnja 2026.","format":false,"excerpt":"Me\u0111unarodni festival dokumentarnog filma 19. - 26. travnja 2026. Kaptol Boutique Cinema, Zagreb Program i dodatne obavijesti: https:\/\/zagrebdox.net\/hr","rel":"","context":"U &quot;Filmovi i serije&quot;","block_context":{"text":"Filmovi i serije","link":"https:\/\/historiografija.hr\/?cat=13"},"img":{"alt_text":"","src":"https:\/\/i0.wp.com\/historiografija.hr\/wp-content\/uploads\/2026\/04\/DOX-logo.jpg?fit=600%2C600&ssl=1&resize=350%2C200","width":350,"height":200,"srcset":"https:\/\/i0.wp.com\/historiografija.hr\/wp-content\/uploads\/2026\/04\/DOX-logo.jpg?fit=600%2C600&ssl=1&resize=350%2C200 1x, https:\/\/i0.wp.com\/historiografija.hr\/wp-content\/uploads\/2026\/04\/DOX-logo.jpg?fit=600%2C600&ssl=1&resize=525%2C300 1.5x"},"classes":[]},{"id":52439,"url":"https:\/\/historiografija.hr\/?p=52439","url_meta":{"origin":2964,"position":2},"title":"Tribina &#8220;Ahmi\u0107i 33 godine kasnije: Ne u na\u0161e ime&#8221;","author":"Branimir Jankovi\u0107","date":"16. travnja 2026.","format":false,"excerpt":"U \u010detvrtak, 16. travnja 2026. u 17 sati u Knji\u017enici i \u010ditaonici Bogdana Ogrizovi\u0107a u Zagrebu odr\u017eat \u0107e se tribina pod nazivom Ahmi\u0107i 33 godine kasnije: Ne u na\u0161e ime. Na tribini \u0107e govoriti Ivica \u0110iki\u0107, novinar, Mubera Masli\u0107 \u2013 \u017ddralovi\u0107, aktivistikinja, prevoditeljica za arapski, Domagoj Fuk, student politologije, \u010dlan\u2026","rel":"","context":"U &quot;Novosti&quot;","block_context":{"text":"Novosti","link":"https:\/\/historiografija.hr\/?cat=3"},"img":{"alt_text":"","src":"https:\/\/i0.wp.com\/historiografija.hr\/wp-content\/uploads\/2026\/04\/Zagreb_2026.jpeg?fit=1200%2C900&ssl=1&resize=350%2C200","width":350,"height":200,"srcset":"https:\/\/i0.wp.com\/historiografija.hr\/wp-content\/uploads\/2026\/04\/Zagreb_2026.jpeg?fit=1200%2C900&ssl=1&resize=350%2C200 1x, https:\/\/i0.wp.com\/historiografija.hr\/wp-content\/uploads\/2026\/04\/Zagreb_2026.jpeg?fit=1200%2C900&ssl=1&resize=525%2C300 1.5x, https:\/\/i0.wp.com\/historiografija.hr\/wp-content\/uploads\/2026\/04\/Zagreb_2026.jpeg?fit=1200%2C900&ssl=1&resize=700%2C400 2x, https:\/\/i0.wp.com\/historiografija.hr\/wp-content\/uploads\/2026\/04\/Zagreb_2026.jpeg?fit=1200%2C900&ssl=1&resize=1050%2C600 3x"},"classes":[]},{"id":52646,"url":"https:\/\/historiografija.hr\/?p=52646","url_meta":{"origin":2964,"position":3},"title":"5. MALI FESTIVAL POVIJESTI U LASTOVU","author":"Branimir Jankovi\u0107","date":"24. travnja 2026.","format":false,"excerpt":"Peti Mali festival povijesti odr\u017eava se od 25. do 27. travnja 2026. na Lastovu, u suradnji Zavoda za povijesne znanosti HAZU u Dubrovniku, Op\u0107ine Lastovo i Turisti\u010dke zajednice te uz potporu Dubrova\u010dko-neretvanske \u017eupanije. Predavanja: Dr. sc. Jasna \u010capo \u201eKu\u0107a kao zalog budu\u0107nosti i most izme\u0111u iseljenika i domovine\u201c Dr. sc.\u2026","rel":"","context":"U &quot;Novosti&quot;","block_context":{"text":"Novosti","link":"https:\/\/historiografija.hr\/?cat=3"},"img":{"alt_text":"","src":"https:\/\/i0.wp.com\/historiografija.hr\/wp-content\/uploads\/2026\/04\/Lastovo.jpg?fit=1200%2C700&ssl=1&resize=350%2C200","width":350,"height":200,"srcset":"https:\/\/i0.wp.com\/historiografija.hr\/wp-content\/uploads\/2026\/04\/Lastovo.jpg?fit=1200%2C700&ssl=1&resize=350%2C200 1x, https:\/\/i0.wp.com\/historiografija.hr\/wp-content\/uploads\/2026\/04\/Lastovo.jpg?fit=1200%2C700&ssl=1&resize=525%2C300 1.5x, https:\/\/i0.wp.com\/historiografija.hr\/wp-content\/uploads\/2026\/04\/Lastovo.jpg?fit=1200%2C700&ssl=1&resize=700%2C400 2x, https:\/\/i0.wp.com\/historiografija.hr\/wp-content\/uploads\/2026\/04\/Lastovo.jpg?fit=1200%2C700&ssl=1&resize=1050%2C600 3x"},"classes":[]},{"id":52563,"url":"https:\/\/historiografija.hr\/?p=52563","url_meta":{"origin":2964,"position":4},"title":"Predavanje Nenada Fabijani\u0107a o stadionu Poljud u Splitu","author":"Branimir Jankovi\u0107","date":"21. travnja 2026.","format":false,"excerpt":"Znanstveno vije\u0107e za arhitekturu, urbanizam i ure\u0111enje prostora Hrvatske akademije znanosti i umjetnosti organizira predavanje \u201cPo Poljudu\u201d koje \u0107e u srijedu 22. travnja 2026. s po\u010detkom u 14 sati u Knji\u017enici HAZU, Strossmayerov trg 14 u Zagrebu, odr\u017eati\u00a0prof. emerit. dr. art. Nenad Fabijani\u0107,\u00a0\u010dlan suradnik HAZU. Predavanje \u201ePo Poljudu\u201c (Projekt obnove)\u2026","rel":"","context":"U &quot;Novosti&quot;","block_context":{"text":"Novosti","link":"https:\/\/historiografija.hr\/?cat=3"},"img":{"alt_text":"","src":"https:\/\/i0.wp.com\/historiografija.hr\/wp-content\/uploads\/2026\/04\/Poljud-scaled.jpeg?fit=1200%2C800&ssl=1&resize=350%2C200","width":350,"height":200,"srcset":"https:\/\/i0.wp.com\/historiografija.hr\/wp-content\/uploads\/2026\/04\/Poljud-scaled.jpeg?fit=1200%2C800&ssl=1&resize=350%2C200 1x, https:\/\/i0.wp.com\/historiografija.hr\/wp-content\/uploads\/2026\/04\/Poljud-scaled.jpeg?fit=1200%2C800&ssl=1&resize=525%2C300 1.5x, https:\/\/i0.wp.com\/historiografija.hr\/wp-content\/uploads\/2026\/04\/Poljud-scaled.jpeg?fit=1200%2C800&ssl=1&resize=700%2C400 2x, https:\/\/i0.wp.com\/historiografija.hr\/wp-content\/uploads\/2026\/04\/Poljud-scaled.jpeg?fit=1200%2C800&ssl=1&resize=1050%2C600 3x"},"classes":[]},{"id":52505,"url":"https:\/\/historiografija.hr\/?p=52505","url_meta":{"origin":2964,"position":5},"title":"Izlo\u017eba &#8220;Eschenstock \/ Jasenov prut&#8221;","author":"Branimir Jankovi\u0107","date":"17. travnja 2026.","format":false,"excerpt":"Srpsko narodno vije\u0107e (SNV) i Vizura aperta postavljaju izlo\u017ebu \u0161vicarskog slikara Velimira Ili\u0161evi\u0107a: Eschenstock \/ Jasenov prut. Izlo\u017eba se uz prisustvo autora otvara povodom 81. godi\u0161njice proboja logora\u0161a iz usta\u0161kog logora smrti Jasenovac 22. aprila 2026. u 19 sati u Srpskom kulturnom centru (SKC) u Preradovi\u0107evoj ulici 21 u Zagrebu.\u2026","rel":"","context":"U &quot;Izlo\u017ebe&quot;","block_context":{"text":"Izlo\u017ebe","link":"https:\/\/historiografija.hr\/?cat=10"},"img":{"alt_text":"","src":"https:\/\/i0.wp.com\/historiografija.hr\/wp-content\/uploads\/2026\/04\/Jasenov_prut.jpg?fit=1024%2C640&ssl=1&resize=350%2C200","width":350,"height":200,"srcset":"https:\/\/i0.wp.com\/historiografija.hr\/wp-content\/uploads\/2026\/04\/Jasenov_prut.jpg?fit=1024%2C640&ssl=1&resize=350%2C200 1x, https:\/\/i0.wp.com\/historiografija.hr\/wp-content\/uploads\/2026\/04\/Jasenov_prut.jpg?fit=1024%2C640&ssl=1&resize=525%2C300 1.5x, https:\/\/i0.wp.com\/historiografija.hr\/wp-content\/uploads\/2026\/04\/Jasenov_prut.jpg?fit=1024%2C640&ssl=1&resize=700%2C400 2x"},"classes":[]}],"_links":{"self":[{"href":"https:\/\/historiografija.hr\/index.php?rest_route=\/wp\/v2\/posts\/2964","targetHints":{"allow":["GET"]}}],"collection":[{"href":"https:\/\/historiografija.hr\/index.php?rest_route=\/wp\/v2\/posts"}],"about":[{"href":"https:\/\/historiografija.hr\/index.php?rest_route=\/wp\/v2\/types\/post"}],"author":[{"embeddable":true,"href":"https:\/\/historiografija.hr\/index.php?rest_route=\/wp\/v2\/users\/1"}],"replies":[{"embeddable":true,"href":"https:\/\/historiografija.hr\/index.php?rest_route=%2Fwp%2Fv2%2Fcomments&post=2964"}],"version-history":[{"count":1,"href":"https:\/\/historiografija.hr\/index.php?rest_route=\/wp\/v2\/posts\/2964\/revisions"}],"predecessor-version":[{"id":2980,"href":"https:\/\/historiografija.hr\/index.php?rest_route=\/wp\/v2\/posts\/2964\/revisions\/2980"}],"wp:attachment":[{"href":"https:\/\/historiografija.hr\/index.php?rest_route=%2Fwp%2Fv2%2Fmedia&parent=2964"}],"wp:term":[{"taxonomy":"category","embeddable":true,"href":"https:\/\/historiografija.hr\/index.php?rest_route=%2Fwp%2Fv2%2Fcategories&post=2964"},{"taxonomy":"post_tag","embeddable":true,"href":"https:\/\/historiografija.hr\/index.php?rest_route=%2Fwp%2Fv2%2Ftags&post=2964"}],"curies":[{"name":"wp","href":"https:\/\/api.w.org\/{rel}","templated":true}]}}