{"id":29621,"date":"2022-02-03T23:25:09","date_gmt":"2022-02-03T23:25:09","guid":{"rendered":"http:\/\/historiografija.hr\/?p=29621"},"modified":"2022-02-03T23:25:09","modified_gmt":"2022-02-03T23:25:09","slug":"nestali-druga-sezona-mini-ratne-serije","status":"publish","type":"post","link":"https:\/\/historiografija.hr\/?p=29621","title":{"rendered":"Nestali &#8211; druga sezona mini ratne serije"},"content":{"rendered":"\n<p>Od ponedjeljka, 7. velja\u010de na Prvom programu HTV-a u 21:05 po\u010dinjemo s premijernim prikazivanjem druge sezone mini ratne serije Nestali koju je za HRT proizvela produkcijska ku\u0107a Clinica studio. Radnja nove sezone \u010detverodijelne serije zbiva se 1995. godine, u vrijeme odr\u017eavanja vojno redarstvene akcije Oluja, to\u010dnije pri\u010da se nastavlja ondje gdje je stala u prvoj sezoni \u2013 jutro, 4. kolovoza 1995.<\/p>\n\n\n\n<p>\u0160estorica junaka kre\u0107u prema oslobo\u0111enom teritoriju Hrvatske kako bi se susreli s vojnicima Hrvatske vojske koji sudjeluju u akciji Oluja. Na tom putu upadaju u razne situacije koje \u0107e njihov put ka slobodi pretvoriti u borbu za vlastiti \u017eivot u utrci s vremenom.<br><br>I dalje su u fokusu likovi Prke, Sikire, Nervoze, Gradskog, Delona i Pape, koje glume<strong> Goran Navojec<\/strong>, <strong>Bojan Navojec<\/strong>, <strong>Filip Kri\u017ean<\/strong>, <strong>Marko Cindri\u0107<\/strong>, <strong>Alan Kati\u0107<\/strong> i <strong>Vedran \u017divoli\u0107<\/strong>, a njima se na kraju prve sezone pridru\u017eila i Snje\u017eana koju igra<strong> Sandra Lon\u010dari\u0107<\/strong>.<\/p>\n\n\n\n<p><strong>U prvoj epizodi:<\/strong> Po\u010detak je akcije Oluja. \u0160estorica hrvatskih vojnika i Snje\u017eana bje\u017ee pred vojskom Krajine. I kada se \u010dini kako su nadohvat hrvatskih linija, njihov je kombi pogo\u0111en. Ne znaju s koje je strane do\u0161la granata, ali kombi je uni\u0161ten, a njima ne preostaje drugo nego povu\u0107i se u \u0161umu. I dok se iz daljine \u010duju zvukovi granatiranja, Delon radi plan.<\/p>\n\n\n\n<p>Svjestan je kako s ranjenim Nervozom ne\u0107e daleko sti\u0107i, pa odlu\u010di da \u0107e se ukopati i poku\u0161ati progonitelje napasti po bokovima te poku\u0161ati pre\u017eivjeti do dolaska Hrvatske vojske. \u017divadin im je za petama i ne\u0107e odustati dok ne vrati Snje\u017eanu. Potjeri se sa srpske strane pridru\u017euje civil Rade sa svojim ljudima \u017eele\u0107i osvetiti smrt brata Ljube.<\/p>\n\n\n\n<p>Uz navedene glavne glumce u drugoj sezoni gledat \u0107emo <strong>Enesa Vejzovi\u0107a<\/strong>,<strong> Mladena \u010cuturu<\/strong>, <strong>Nik\u0161u Butijera<\/strong>, <strong>Tarika Filipovi\u0107a<\/strong>, <strong>Milivoja Beadera<\/strong>, <strong>Roka Sikavicu<\/strong>, <strong>Igora Kova\u010da<\/strong>, <strong>Kseniju Paji\u0107<\/strong>, <strong>Anju Matkovi\u0107<\/strong>, <strong>Mariju \u0160kari\u010di\u0107<\/strong>,<strong> Alena Liveri\u0107a<\/strong>, <strong>Slavena Knezovi\u0107a<\/strong>, <strong>Filipa Rado\u0161a<\/strong>, <strong>Elvisa Bo\u0161njaka<\/strong>, <strong>Miju Juri\u0161i\u0107a<\/strong>, <strong>Stipu Radoju<\/strong> i mnoge druge.<br><br>Redatelj serije je <strong>Kristijan Mili\u0107<\/strong>, scenarist<strong> Jo\u0161ko Lokas<\/strong>, koscenarist <strong>Nikola Kupre\u0161anin<\/strong>, direktor fotografije <strong>Mirko Piv\u010devi\u0107,<\/strong> redatelj druge ekipe<strong> Ivan Pavli\u010di\u0107<\/strong>, scenograf <strong>Damir Gabelica<\/strong>, kostimografkinja <strong>Vedrana Rapi\u0107<\/strong>, slikarice maske<strong> Ana Bulaji\u0107 \u010cr\u010dek<\/strong> i <strong>Snje\u017eana Gorup<\/strong>, monta\u017eer <strong>Veljko Segari\u0107<\/strong>, a producenti su Jo\u0161ko Lokas, <strong>Domagoj Jovi\u0107<\/strong> i <strong>Vedran Kasap<\/strong>. Urednica za HRT je <strong>Zinka Kiseljak<\/strong>.<\/p>\n\n\n\n<p>Podsjetimo i da je prva sezona Nestalih osvojila Zlatni studio za najbolju tv seriju, a glumac Goran Navojec za ulogu vojnika Prke dobio je Ve\u010dernjakovu ru\u017eu.<br><br>Prva sezona serije dostupna je u videoteci na\u0161e <a rel=\"noreferrer noopener\" href=\"https:\/\/hrti.hrt.hr\/videostore\" target=\"_blank\"><strong>multimedijske usluge HRTi<\/strong><\/a>.<\/p>\n\n\n\n<hr class=\"wp-block-separator\"\/>\n\n\n\n<p>Izvor:<\/p>\n\n\n\n<p><a href=\"https:\/\/hrtprikazuje.hrt.hr\/serije\/nestali-druga-sezona-mini-ratne-serije-4875386\">https:\/\/hrtprikazuje.hrt.hr\/serije\/nestali-druga-sezona-mini-ratne-serije-4875386<\/a><\/p>\n\n\n\n<hr class=\"wp-block-separator\"\/>\n","protected":false},"excerpt":{"rendered":"","protected":false},"author":2,"featured_media":29622,"comment_status":"open","ping_status":"open","sticky":false,"template":"","format":"standard","meta":{"_acf_changed":false,"jetpack_post_was_ever_published":false,"_jetpack_newsletter_access":"","_jetpack_dont_email_post_to_subs":false,"_jetpack_newsletter_tier_id":0,"_jetpack_memberships_contains_paywalled_content":false,"_jetpack_memberships_contains_paid_content":false,"footnotes":"","jetpack_publicize_message":"","jetpack_publicize_feature_enabled":true,"jetpack_social_post_already_shared":true,"jetpack_social_options":{"image_generator_settings":{"template":"highway","default_image_id":0,"font":"","enabled":false},"version":2}},"categories":[13,3],"tags":[],"class_list":["post-29621","post","type-post","status-publish","format-standard","has-post-thumbnail","hentry","category-filmovi-i-serije","category-novosti"],"acf":{"facebook_opis":""},"jetpack_publicize_connections":[],"jetpack_featured_media_url":"https:\/\/i0.wp.com\/historiografija.hr\/wp-content\/uploads\/2022\/02\/Nestali.jpg?fit=720%2C720&ssl=1","jetpack_sharing_enabled":true,"jetpack-related-posts":[],"_links":{"self":[{"href":"https:\/\/historiografija.hr\/index.php?rest_route=\/wp\/v2\/posts\/29621","targetHints":{"allow":["GET"]}}],"collection":[{"href":"https:\/\/historiografija.hr\/index.php?rest_route=\/wp\/v2\/posts"}],"about":[{"href":"https:\/\/historiografija.hr\/index.php?rest_route=\/wp\/v2\/types\/post"}],"author":[{"embeddable":true,"href":"https:\/\/historiografija.hr\/index.php?rest_route=\/wp\/v2\/users\/2"}],"replies":[{"embeddable":true,"href":"https:\/\/historiografija.hr\/index.php?rest_route=%2Fwp%2Fv2%2Fcomments&post=29621"}],"version-history":[{"count":1,"href":"https:\/\/historiografija.hr\/index.php?rest_route=\/wp\/v2\/posts\/29621\/revisions"}],"predecessor-version":[{"id":29623,"href":"https:\/\/historiografija.hr\/index.php?rest_route=\/wp\/v2\/posts\/29621\/revisions\/29623"}],"wp:featuredmedia":[{"embeddable":true,"href":"https:\/\/historiografija.hr\/index.php?rest_route=\/wp\/v2\/media\/29622"}],"wp:attachment":[{"href":"https:\/\/historiografija.hr\/index.php?rest_route=%2Fwp%2Fv2%2Fmedia&parent=29621"}],"wp:term":[{"taxonomy":"category","embeddable":true,"href":"https:\/\/historiografija.hr\/index.php?rest_route=%2Fwp%2Fv2%2Fcategories&post=29621"},{"taxonomy":"post_tag","embeddable":true,"href":"https:\/\/historiografija.hr\/index.php?rest_route=%2Fwp%2Fv2%2Ftags&post=29621"}],"curies":[{"name":"wp","href":"https:\/\/api.w.org\/{rel}","templated":true}]}}