{"id":29618,"date":"2022-02-03T23:14:14","date_gmt":"2022-02-03T23:14:14","guid":{"rendered":"http:\/\/historiografija.hr\/?p=29618"},"modified":"2022-02-03T23:14:14","modified_gmt":"2022-02-03T23:14:14","slug":"nikola-obuljen-kako-smo-pregovarali-s-neprijateljem","status":"publish","type":"post","link":"https:\/\/historiografija.hr\/?p=29618","title":{"rendered":"Nikola Obuljen, \u201cKako smo pregovarali s neprijateljem\u201d"},"content":{"rendered":"\n<p>Ogranak Matice hrvatske Dubrovnik i Hrvatski memorijalno-dokumentacijski centar Domovinskog rata u Zagrebu objavili su 2021. godine knjigu Nikole Obuljena \u201cKako smo pregovarali s neprijateljem\u201d.<\/p>\n\n\n\n<hr class=\"wp-block-separator\"\/>\n\n\n\n<p>Tema ove memoarske knjige dramati\u010dno je razdoblje Domovinskog rata na dubrova\u010dkom podru\u010dju. Memoarska proza je mije\u0161ani \u017eanr u kojem se susre\u0107u i me\u0111usobno objedinjuju dokumentarni i knji\u017eevni pristup u prikazu jednog razdoblja koje je sada ve\u0107 30 godina udaljeno od nas, a koje je autor pribli\u017eio autenti\u010dnim dokumentima, dnevni\u010dkim zapisima, fotografijama i pismima, oslanjaju\u0107i se u dobroj mjeri i na svoja sje\u0107anja, promi\u0161ljanja i emocije povezane s doga\u0111ajima i susretima u kojima je sam sudjelovao. Premalo je knjiga koje se bave tim iznimno te\u0161kim, opasnim, zastra\u0161uju\u0107im, ali i slavnim danima nedavne hrvatske povijesti. Zato osobitu vrijednost predstavlja ova knjiga \u010dija naracija nema pretenziju predstaviti cjelovitu povijest ratovanja na ju\u017enohrvatskom podru\u010dju po\u010detkom devedesetih, iako donosi zbirku va\u017enih dokumenata i zapisanih \u010dinjenica o tom va\u017enom razdoblju na\u0161e nedavne pro\u0161losti. U ovoj knjizi zabilje\u017eena ratna izvje\u0161\u0107a o pregovorima s neprijateljima, ratnim doga\u0111anjima i ratnoj zbilji Dubrovnika i njegove okolice autora Nikole Obuljena autenti\u010dno su potresno i uzbudljivo napisano svjedo\u010danstvo koje \u00a0predstavlja va\u017enu kariku u historiografiji Domovinskog rata na ju\u017enohrvatskom podru\u010dju. Jednostavnom naracijom koja ima obilje\u017eje govornoga jezika autor je uvjerljivo prikazao ratnu svakodnevicu napadnutog Dubrovnika, nevolje, brige i strahove njegovih stanovnika bez vode, struje i gotovo svake mogu\u0107nosti komunikacije, neizvjesnost i strahote neprijateljskih ru\u0161ila\u010dkih napada, ali i snagu, otpornost, odlu\u010dnost i ustrajnost Dubrov\u010dana da se odupru i sa\u010duvaju slobodu. \u00a0<\/p>\n\n\n\n<hr class=\"wp-block-separator\"\/>\n\n\n\n<p>Izvor i vi\u0161e informacija o knjizi:<\/p>\n\n\n\n<figure class=\"wp-block-embed-wordpress wp-block-embed is-type-wp-embed is-provider-ogranak-matice-hrvatske-u-dubrovniku\"><div class=\"wp-block-embed__wrapper\">\n<blockquote class=\"wp-embedded-content\" data-secret=\"gL9IM03hrd\"><a href=\"https:\/\/www.matica-hrvatska-dubrovnik.com\/en\/product\/nikola-obuljen-kako-smo-pregovarali-s-neprijateljem\/\">Nikola Obuljen &#8211; Kako smo pregovarali s neprijateljem<\/a><\/blockquote><iframe loading=\"lazy\" class=\"wp-embedded-content\" sandbox=\"allow-scripts\" security=\"restricted\" style=\"position: absolute; clip: rect(1px, 1px, 1px, 1px);\" title=\"&#8220;Nikola Obuljen &#8211; Kako smo pregovarali s neprijateljem&#8221; &#8212; Ogranak Matice hrvatske u Dubrovniku\" src=\"https:\/\/www.matica-hrvatska-dubrovnik.com\/en\/product\/nikola-obuljen-kako-smo-pregovarali-s-neprijateljem\/embed\/#?secret=gL9IM03hrd\" data-secret=\"gL9IM03hrd\" width=\"600\" height=\"338\" frameborder=\"0\" marginwidth=\"0\" marginheight=\"0\" scrolling=\"no\"><\/iframe>\n<\/div><\/figure>\n\n\n\n<hr class=\"wp-block-separator\"\/>\n\n\n\n<p><a href=\"https:\/\/www.matica.hr\/hr\/687\/trideseta-obljetnica-opsade-dubrovnika-obiljezena-knjigom-32719\/\">https:\/\/www.matica.hr\/hr\/687\/trideseta-obljetnica-opsade-dubrovnika-obiljezena-knjigom-32719\/<\/a><\/p>\n\n\n\n<figure class=\"wp-block-embed-wordpress wp-block-embed is-type-wp-embed is-provider-dubrovacki-portal\"><div class=\"wp-block-embed__wrapper\">\n<blockquote class=\"wp-embedded-content\" data-secret=\"MJs0Vsi6jc\"><a href=\"https:\/\/dubrovackiportal.hr\/grad\/kako-smo-pregovarali-s-neprijateljem-ne-propustite-predstavljanje-memoarske-knjige-nikole-obuljena\/\">&#8220;KAKO SMO PREGOVARALI S NEPRIJATELJEM&#8221; Ne propustite predstavljanje memoarske knjige Nikole Obuljena!<\/a><\/blockquote><iframe loading=\"lazy\" class=\"wp-embedded-content\" sandbox=\"allow-scripts\" security=\"restricted\" style=\"position: absolute; clip: rect(1px, 1px, 1px, 1px);\" title=\"&#8220;&#8220;KAKO SMO PREGOVARALI S NEPRIJATELJEM&#8221; Ne propustite predstavljanje memoarske knjige Nikole Obuljena!&#8221; &#8212; Dubrova\u010dki Portal\" src=\"https:\/\/dubrovackiportal.hr\/grad\/kako-smo-pregovarali-s-neprijateljem-ne-propustite-predstavljanje-memoarske-knjige-nikole-obuljena\/embed\/#?secret=MJs0Vsi6jc\" data-secret=\"MJs0Vsi6jc\" width=\"600\" height=\"338\" frameborder=\"0\" marginwidth=\"0\" marginheight=\"0\" scrolling=\"no\"><\/iframe>\n<\/div><\/figure>\n\n\n\n<p><a href=\"https:\/\/www.dubrovnik.hr\/vijesti\/predstavljena-knjiga-nikole-obuljena-15250\">https:\/\/www.dubrovnik.hr\/vijesti\/predstavljena-knjiga-nikole-obuljena-15250<\/a><\/p>\n\n\n\n<p><a href=\"https:\/\/www.glasistre.hr\/kultura\/predstavljena-knjiga-nikole-obuljena-kako-smo-pregovarali-s-neprijateljem-763071\">https:\/\/www.glasistre.hr\/kultura\/predstavljena-knjiga-nikole-obuljena-kako-smo-pregovarali-s-neprijateljem-763071<\/a><\/p>\n\n\n\n<figure class=\"wp-block-embed-wordpress wp-block-embed is-type-wp-embed is-provider-dulist\"><div class=\"wp-block-embed__wrapper\">\n<blockquote class=\"wp-embedded-content\" data-secret=\"ZrKfPom62c\"><a href=\"https:\/\/dulist.hr\/nikola-cico-obuljen-nije-ovo-knjiga-o-ratu-ovo-je-knjiga-o-jednom-posebnom-dijelu-rata\/742696\/\">Nikola \u010ci\u010do Obuljen: Nije ovo knjiga o ratu! Ovo je knjiga o jednom posebnom dijelu rata<\/a><\/blockquote><iframe loading=\"lazy\" class=\"wp-embedded-content\" sandbox=\"allow-scripts\" security=\"restricted\" style=\"position: absolute; clip: rect(1px, 1px, 1px, 1px);\" title=\"&#8220;Nikola \u010ci\u010do Obuljen: Nije ovo knjiga o ratu! Ovo je knjiga o jednom posebnom dijelu rata&#8221; &#8212; DuList\" src=\"https:\/\/dulist.hr\/nikola-cico-obuljen-nije-ovo-knjiga-o-ratu-ovo-je-knjiga-o-jednom-posebnom-dijelu-rata\/742696\/embed\/#?secret=GefXf6HXo3#?secret=ZrKfPom62c\" data-secret=\"ZrKfPom62c\" width=\"600\" height=\"338\" frameborder=\"0\" marginwidth=\"0\" marginheight=\"0\" scrolling=\"no\"><\/iframe>\n<\/div><\/figure>\n\n\n\n<p><a href=\"https:\/\/dubrovacki.slobodnadalmacija.hr\/dubrovnik\/zupanija\/dubrovnik\/nikola-cico-obuljen-vikali-su-nam-ustase-ubit-cemo-vas-zaklat-cemo-vas-1150745\">https:\/\/dubrovacki.slobodnadalmacija.hr\/dubrovnik\/zupanija\/dubrovnik\/nikola-cico-obuljen-vikali-su-nam-ustase-ubit-cemo-vas-zaklat-cemo-vas-1150745<\/a><\/p>\n\n\n\n<p><a href=\"https:\/\/dubrovackidnevnik.net.hr\/vijesti\/grad\/jedinstvena-knjiga-o-dosad-neobjavljenim-detaljima-iz-dramaticnog-ratnog-razdoblja-dubrovcani-su-pregovarali-cvrsto-ustrajno-iskazujuci-neustrasivost-hladnokrvnost-zanje-pronicljivost\">https:\/\/dubrovackidnevnik.net.hr\/vijesti\/grad\/jedinstvena-knjiga-o-dosad-neobjavljenim-detaljima-iz-dramaticnog-ratnog-razdoblja-dubrovcani-su-pregovarali-cvrsto-ustrajno-iskazujuci-neustrasivost-hladnokrvnost-zanje-pronicljivost<\/a><\/p>\n\n\n\n<hr class=\"wp-block-separator\"\/>\n","protected":false},"excerpt":{"rendered":"","protected":false},"author":2,"featured_media":29619,"comment_status":"open","ping_status":"open","sticky":false,"template":"","format":"standard","meta":{"_acf_changed":false,"jetpack_post_was_ever_published":false,"_jetpack_newsletter_access":"","_jetpack_dont_email_post_to_subs":false,"_jetpack_newsletter_tier_id":0,"_jetpack_memberships_contains_paywalled_content":false,"_jetpack_memberships_contains_paid_content":false,"footnotes":"","jetpack_publicize_message":"","jetpack_publicize_feature_enabled":true,"jetpack_social_post_already_shared":true,"jetpack_social_options":{"image_generator_settings":{"template":"highway","default_image_id":0,"font":"","enabled":false},"version":2}},"categories":[8,3],"tags":[],"class_list":["post-29618","post","type-post","status-publish","format-standard","has-post-thumbnail","hentry","category-knjige","category-novosti"],"acf":{"facebook_opis":""},"jetpack_publicize_connections":[],"jetpack_featured_media_url":"https:\/\/i0.wp.com\/historiografija.hr\/wp-content\/uploads\/2022\/02\/Kako-smo-pregovarali-s-neprijateljem.png?fit=410%2C594&ssl=1","jetpack_sharing_enabled":true,"jetpack-related-posts":[],"_links":{"self":[{"href":"https:\/\/historiografija.hr\/index.php?rest_route=\/wp\/v2\/posts\/29618","targetHints":{"allow":["GET"]}}],"collection":[{"href":"https:\/\/historiografija.hr\/index.php?rest_route=\/wp\/v2\/posts"}],"about":[{"href":"https:\/\/historiografija.hr\/index.php?rest_route=\/wp\/v2\/types\/post"}],"author":[{"embeddable":true,"href":"https:\/\/historiografija.hr\/index.php?rest_route=\/wp\/v2\/users\/2"}],"replies":[{"embeddable":true,"href":"https:\/\/historiografija.hr\/index.php?rest_route=%2Fwp%2Fv2%2Fcomments&post=29618"}],"version-history":[{"count":1,"href":"https:\/\/historiografija.hr\/index.php?rest_route=\/wp\/v2\/posts\/29618\/revisions"}],"predecessor-version":[{"id":29620,"href":"https:\/\/historiografija.hr\/index.php?rest_route=\/wp\/v2\/posts\/29618\/revisions\/29620"}],"wp:featuredmedia":[{"embeddable":true,"href":"https:\/\/historiografija.hr\/index.php?rest_route=\/wp\/v2\/media\/29619"}],"wp:attachment":[{"href":"https:\/\/historiografija.hr\/index.php?rest_route=%2Fwp%2Fv2%2Fmedia&parent=29618"}],"wp:term":[{"taxonomy":"category","embeddable":true,"href":"https:\/\/historiografija.hr\/index.php?rest_route=%2Fwp%2Fv2%2Fcategories&post=29618"},{"taxonomy":"post_tag","embeddable":true,"href":"https:\/\/historiografija.hr\/index.php?rest_route=%2Fwp%2Fv2%2Ftags&post=29618"}],"curies":[{"name":"wp","href":"https:\/\/api.w.org\/{rel}","templated":true}]}}