{"id":29612,"date":"2022-02-03T22:43:05","date_gmt":"2022-02-03T22:43:05","guid":{"rendered":"http:\/\/historiografija.hr\/?p=29612"},"modified":"2022-02-03T22:43:05","modified_gmt":"2022-02-03T22:43:05","slug":"lucija-balikic-britanski-i-francuski-intelektualci-i-stvaranje-jugoslavije","status":"publish","type":"post","link":"https:\/\/historiografija.hr\/?p=29612","title":{"rendered":"Lucija Baliki\u0107, \u201cBritanski i francuski intelektualci i stvaranje Jugoslavije\u201d"},"content":{"rendered":"\n<p>U knjizi je prikazana va\u017enost uloge britanskih i francuskih intelektualaca u procesima stvaranja prve Jugoslavije. Autorica razbija ustaljeni mit da je dr\u017eavna zajednica Ju\u017enih Slavena nastala isklju\u010divo kao produkt ishoda Prvog svjetskog rata i volje lokalnih politi\u010dkih elita.<\/p>\n\n\n\n<p>\u201cNaslovna je tema odabrana s ciljem da se \u0161iroj javnosti predstavi jedan va\u017ean, a istovremeno u historiografiji \u010desto izostavljan aspekt nastanka prve zajedni\u010dke dr\u017eave Ju\u017enih Slavena, a to je uloga velikih (kona\u010dno i pobjedni\u010dkih) sila Velike Britanije i Francuske u tom procesu. Konkretno, glavno pitanje kojim se ova knjiga bavi nije nu\u017eno ono koje se odnosi na slu\u017ebene stavove i odluke njihovih vlada, ve\u0107 upravo ono koje u fokus postavlja vladine savjetnike, stru\u010dnjake te intelektualce koji su pridonijeli stvaranju odre\u0111ene slike o osobinama, situaciji i potrebama Ju\u017enih Slavena u javnosti Velike Britanije i Francuske te njihovim vladaju\u0107im krugovima. (\u2026) Cilj ove knjige nije prikazati samo jednu stranu pri\u010de, ve\u0107 oslikati \u0161to objektivniju narav \u010ditavog dijaloga izme\u0111u svih relevantnih intelektualaca (britanskih, francuskih, njema\u010dkih, ma\u0111arskih, hrvatskih, srpskih, liberala, konzervativaca, socijalista, nacionalista, regionalista, kozmopolita itd.) te njihovih vlada, dokazuju\u0107i pritom da je integralno jugoslavenstvo bilo naj\u0161ire prihva\u0107eni program u \u010ditavom razdoblju oko Velikog rata, ali i da su se mi\u0161ljenja mnogih ozbiljno razilazila u pitanju konkretnog oblikovanja budu\u0107e, pone\u0161to neo\u010dekivane, dr\u017eave.\u201d (Iz Predgovora)<\/p>\n\n\n\n<p><strong>Lucija Baliki\u0107,<\/strong> doktorandica i predava\u010dica na Srednjoeuropskom sveu\u010dili\u0161tu u Be\u010du i Budimpe\u0161ti. Istra\u017euje intelektualnu povijest sokolskog pokreta me\u0111uratne Jugoslavije. Studirala je na Filozofskom fakultetu Sveu\u010dili\u0161ta u Zagrebu i na Sveu\u010dili\u0161tu u Southamptonu u Ujedinjenom Kraljevstvu.<\/p>\n\n\n\n<hr class=\"wp-block-separator\"\/>\n\n\n\n<p>Izvor:<\/p>\n\n\n\n<figure class=\"wp-block-embed-wordpress wp-block-embed is-type-wp-embed is-provider-srednja-europa\"><div class=\"wp-block-embed__wrapper\">\n<blockquote class=\"wp-embedded-content\" data-secret=\"OD1jKmImVt\"><a href=\"https:\/\/srednja-europa.hr\/nove-knjige\/najbolje-namjere\/\">Najbolje namjere<\/a><\/blockquote><iframe loading=\"lazy\" class=\"wp-embedded-content\" sandbox=\"allow-scripts\" security=\"restricted\" style=\"position: absolute; clip: rect(1px, 1px, 1px, 1px);\" title=\"&#8220;Najbolje namjere&#8221; &#8212; Srednja Europa\" src=\"https:\/\/srednja-europa.hr\/nove-knjige\/najbolje-namjere\/embed\/#?secret=OD1jKmImVt\" data-secret=\"OD1jKmImVt\" width=\"600\" height=\"338\" frameborder=\"0\" marginwidth=\"0\" marginheight=\"0\" scrolling=\"no\"><\/iframe>\n<\/div><\/figure>\n\n\n\n<hr class=\"wp-block-separator\"\/>\n\n\n\n<p>Odjeci:<\/p>\n\n\n\n<p><a href=\"https:\/\/historiografija.ba\/article.php?id=993\">https:\/\/historiografija.ba\/article.php?id=993<\/a><\/p>\n\n\n\n<hr class=\"wp-block-separator\"\/>\n","protected":false},"excerpt":{"rendered":"","protected":false},"author":2,"featured_media":29613,"comment_status":"open","ping_status":"open","sticky":false,"template":"","format":"standard","meta":{"_acf_changed":false,"jetpack_post_was_ever_published":false,"_jetpack_newsletter_access":"","_jetpack_dont_email_post_to_subs":false,"_jetpack_newsletter_tier_id":0,"_jetpack_memberships_contains_paywalled_content":false,"_jetpack_memberships_contains_paid_content":false,"footnotes":"","jetpack_publicize_message":"","jetpack_publicize_feature_enabled":true,"jetpack_social_post_already_shared":true,"jetpack_social_options":{"image_generator_settings":{"template":"highway","default_image_id":0,"font":"","enabled":false},"version":2}},"categories":[8,3],"tags":[],"class_list":["post-29612","post","type-post","status-publish","format-standard","has-post-thumbnail","hentry","category-knjige","category-novosti"],"acf":{"facebook_opis":""},"jetpack_publicize_connections":[],"jetpack_featured_media_url":"https:\/\/i0.wp.com\/historiografija.hr\/wp-content\/uploads\/2022\/02\/Lucija-Balikic.jpg?fit=450%2C673&ssl=1","jetpack_sharing_enabled":true,"jetpack-related-posts":[],"_links":{"self":[{"href":"https:\/\/historiografija.hr\/index.php?rest_route=\/wp\/v2\/posts\/29612","targetHints":{"allow":["GET"]}}],"collection":[{"href":"https:\/\/historiografija.hr\/index.php?rest_route=\/wp\/v2\/posts"}],"about":[{"href":"https:\/\/historiografija.hr\/index.php?rest_route=\/wp\/v2\/types\/post"}],"author":[{"embeddable":true,"href":"https:\/\/historiografija.hr\/index.php?rest_route=\/wp\/v2\/users\/2"}],"replies":[{"embeddable":true,"href":"https:\/\/historiografija.hr\/index.php?rest_route=%2Fwp%2Fv2%2Fcomments&post=29612"}],"version-history":[{"count":1,"href":"https:\/\/historiografija.hr\/index.php?rest_route=\/wp\/v2\/posts\/29612\/revisions"}],"predecessor-version":[{"id":29614,"href":"https:\/\/historiografija.hr\/index.php?rest_route=\/wp\/v2\/posts\/29612\/revisions\/29614"}],"wp:featuredmedia":[{"embeddable":true,"href":"https:\/\/historiografija.hr\/index.php?rest_route=\/wp\/v2\/media\/29613"}],"wp:attachment":[{"href":"https:\/\/historiografija.hr\/index.php?rest_route=%2Fwp%2Fv2%2Fmedia&parent=29612"}],"wp:term":[{"taxonomy":"category","embeddable":true,"href":"https:\/\/historiografija.hr\/index.php?rest_route=%2Fwp%2Fv2%2Fcategories&post=29612"},{"taxonomy":"post_tag","embeddable":true,"href":"https:\/\/historiografija.hr\/index.php?rest_route=%2Fwp%2Fv2%2Ftags&post=29612"}],"curies":[{"name":"wp","href":"https:\/\/api.w.org\/{rel}","templated":true}]}}