{"id":29594,"date":"2022-02-02T16:28:41","date_gmt":"2022-02-02T16:28:41","guid":{"rendered":"http:\/\/historiografija.hr\/?p=29594"},"modified":"2022-02-02T16:29:39","modified_gmt":"2022-02-02T16:29:39","slug":"izlozba-krleza-i-koprivnica-i-okolica","status":"publish","type":"post","link":"https:\/\/historiografija.hr\/?p=29594","title":{"rendered":"Izlo\u017eba &#8216;Krle\u017ea i Koprivnica (i okolica)&#8217;"},"content":{"rendered":"\n<p>U Galeriji Koprivnici otvorena je od 28. sije\u010dnja do 13. velja\u010de 2022. izlo\u017eba &#8216;Krle\u017ea i Koprivnica (i okolica)&#8217; koja gra\u0111om iz fundusa Muzeja grada Koprivnice, NSK u Zagrebu, Muzeja grada Zagreba i Leksikografskog zavoda Miroslav Krle\u017ea u Zagrebu te brojnih knji\u017eno-bibliografskih jedinica prikazuje odnos velikog hrvatskog knji\u017eevnika Miroslava Krle\u017ee s Koprivnicom, koprivni\u010dkom Podravinom i prikalni\u010dkim selom Duga Rijeka, u razdoblju od 1908. do 1981.<\/p>\n\n\n\n<p>Krle\u017ea je u Koprivnici u tiskari Vinka Vo\u0161ickog od 1923. do 1925. tiskao mjese\u010dnik za sve kulturne probleme Knji\u017eevna Republika o \u010demu govori i bogata izlo\u017eena korespodencija Krle\u017ea &#8211; Vo\u0161icki. Izlo\u017eba prezentira i nove spoznaje o odnosu Krle\u017ee s javnim osobama koprivni\u010dke Podravine kroz 20. st., s ak.kiparom Ivanom Saboli\u0107em, muzealcem Leanderom Brozovi\u0107em, slikarima naive Ivanom Lackovi\u0107em Croatom i Ivanom Generali\u0107em, direktorom Prehrambene industrije Podravka Pavlom Ga\u017eijem i ak. slikarom Zlatkom Kauzlari\u0107em Ata\u010dom.<\/p>\n\n\n\n<p>Autor izlo\u017ebe je vi\u0161i kustos Dra\u017een Erne\u010di\u0107, a suradnici na izlo\u017ebi su: Suzana Marjani\u0107, Vlaho Bogi\u0161i\u0107, Zvonko Kova\u010d, Milivoj Solar i Marijan \u0160poljar, a odr\u017eava se uz 40. godi\u0161njicu smrti Miroslava Krle\u017ee.<\/p>\n\n\n\n<p>Izlo\u017eba je otvorena u No\u0107i muzeja, a mo\u0107i \u0107e se razgledati do 13. velja\u010de 2022. godine.<\/p>\n\n\n\n<hr class=\"wp-block-separator\"\/>\n\n\n\n<p>Izvori i dodatne informacije:<\/p>\n\n\n\n<p><a href=\"https:\/\/www.culturenet.hr\/hr\/izlozba-krleza-i-koprivnica-i-okolica\/175900\">https:\/\/www.culturenet.hr\/hr\/izlozba-krleza-i-koprivnica-i-okolica\/175900<\/a><\/p>\n\n\n\n<figure class=\"wp-block-embed-wordpress wp-block-embed is-type-wp-embed is-provider-grad-koprivnica\"><div class=\"wp-block-embed__wrapper\">\n<blockquote class=\"wp-embedded-content\" data-secret=\"wgJDlVUDnR\"><a href=\"https:\/\/koprivnica.hr\/novosti\/u-galeriji-koprivnica-otvorena-izlozba-krleza-i-koprivnica-i-okolica\/\">U Galeriji Koprivnica otvorena izlo\u017eba &#8220;Krle\u017ea i Koprivnica (i okolica)&#8221;<\/a><\/blockquote><iframe loading=\"lazy\" class=\"wp-embedded-content\" sandbox=\"allow-scripts\" security=\"restricted\" style=\"position: absolute; clip: rect(1px, 1px, 1px, 1px);\" title=\"&#8220;U Galeriji Koprivnica otvorena izlo\u017eba &#8220;Krle\u017ea i Koprivnica (i okolica)&#8221;&#8221; &#8212; Grad Koprivnica\" src=\"https:\/\/koprivnica.hr\/novosti\/u-galeriji-koprivnica-otvorena-izlozba-krleza-i-koprivnica-i-okolica\/embed\/#?secret=wgJDlVUDnR\" data-secret=\"wgJDlVUDnR\" width=\"600\" height=\"338\" frameborder=\"0\" marginwidth=\"0\" marginheight=\"0\" scrolling=\"no\"><\/iframe>\n<\/div><\/figure>\n\n\n\n<hr class=\"wp-block-separator\"\/>\n","protected":false},"excerpt":{"rendered":"","protected":false},"author":2,"featured_media":29595,"comment_status":"open","ping_status":"open","sticky":false,"template":"","format":"standard","meta":{"_acf_changed":false,"jetpack_post_was_ever_published":false,"_jetpack_newsletter_access":"","_jetpack_dont_email_post_to_subs":false,"_jetpack_newsletter_tier_id":0,"_jetpack_memberships_contains_paywalled_content":false,"_jetpack_memberships_contains_paid_content":false,"footnotes":"","jetpack_publicize_message":"","jetpack_publicize_feature_enabled":true,"jetpack_social_post_already_shared":true,"jetpack_social_options":{"image_generator_settings":{"template":"highway","default_image_id":0,"font":"","enabled":false},"version":2}},"categories":[10,3],"tags":[],"class_list":["post-29594","post","type-post","status-publish","format-standard","has-post-thumbnail","hentry","category-izlozbe","category-novosti"],"acf":{"facebook_opis":""},"jetpack_publicize_connections":[],"jetpack_featured_media_url":"https:\/\/i0.wp.com\/historiografija.hr\/wp-content\/uploads\/2022\/02\/Koprivnica.jpg?fit=1216%2C1780&ssl=1","jetpack_sharing_enabled":true,"jetpack-related-posts":[],"_links":{"self":[{"href":"https:\/\/historiografija.hr\/index.php?rest_route=\/wp\/v2\/posts\/29594","targetHints":{"allow":["GET"]}}],"collection":[{"href":"https:\/\/historiografija.hr\/index.php?rest_route=\/wp\/v2\/posts"}],"about":[{"href":"https:\/\/historiografija.hr\/index.php?rest_route=\/wp\/v2\/types\/post"}],"author":[{"embeddable":true,"href":"https:\/\/historiografija.hr\/index.php?rest_route=\/wp\/v2\/users\/2"}],"replies":[{"embeddable":true,"href":"https:\/\/historiografija.hr\/index.php?rest_route=%2Fwp%2Fv2%2Fcomments&post=29594"}],"version-history":[{"count":1,"href":"https:\/\/historiografija.hr\/index.php?rest_route=\/wp\/v2\/posts\/29594\/revisions"}],"predecessor-version":[{"id":29596,"href":"https:\/\/historiografija.hr\/index.php?rest_route=\/wp\/v2\/posts\/29594\/revisions\/29596"}],"wp:featuredmedia":[{"embeddable":true,"href":"https:\/\/historiografija.hr\/index.php?rest_route=\/wp\/v2\/media\/29595"}],"wp:attachment":[{"href":"https:\/\/historiografija.hr\/index.php?rest_route=%2Fwp%2Fv2%2Fmedia&parent=29594"}],"wp:term":[{"taxonomy":"category","embeddable":true,"href":"https:\/\/historiografija.hr\/index.php?rest_route=%2Fwp%2Fv2%2Fcategories&post=29594"},{"taxonomy":"post_tag","embeddable":true,"href":"https:\/\/historiografija.hr\/index.php?rest_route=%2Fwp%2Fv2%2Ftags&post=29594"}],"curies":[{"name":"wp","href":"https:\/\/api.w.org\/{rel}","templated":true}]}}