{"id":29590,"date":"2022-02-02T16:16:11","date_gmt":"2022-02-02T16:16:11","guid":{"rendered":"http:\/\/historiografija.hr\/?p=29590"},"modified":"2022-02-02T17:06:15","modified_gmt":"2022-02-02T17:06:15","slug":"stipe-kljaic-povijest-kontarevolucije-hrvatska-konzervativna-misao-od-1789-do-1989","status":"publish","type":"post","link":"https:\/\/historiografija.hr\/?p=29590","title":{"rendered":"Stipe Kljai\u0107, \u201cPovijest kontrarevolucije. Hrvatska konzervativna misao od 1789. do 1989.\u201c"},"content":{"rendered":"\n<p>Dvjestogodi\u0161nja hrvatska povijest, od Francuske revolucije 1789. do ru\u0161enja Berlinskog zida 1989., uglavnom je pisana i tuma\u010dena iz perspektive tzv. progresivisti\u010dkih ideja i stajali\u0161ta, \u0161to zna\u010di da je prostor za istra\u017eivanje i promi\u0161ljanje hrvatskog konzervativizma bio ili vrlo su\u017een ili potpuno zakr\u010den liberalno-komunisti\u010dkom propagandom o konzervativnoj misli kao o ne\u010demu retrogradnom i zaostalom.<\/p>\n\n\n\n<hr class=\"wp-block-separator\"\/>\n\n\n\n<p>Povjesni\u010dar Stipe Kljai\u0107 (\u0160ibenik, 1982.), autor bestselera <em>Nikada vi\u0161e Jugoslavija<\/em>, izabrao je za ovu knjigu \u2013 <em>Povijest kontrarevolucije \/ Hrvatska konzervativna misao od 1789. do 1989.<\/em>\u00a0\u2013 12 paradigmati\u010dnih, prete\u017eno zaboravljenih konzervativnih mislilaca (i boraca) iz hrvatske povijesti, koji su smatrali da sve \u0161to je novo nije i ne mora biti bolje od onoga \u0161to je bilo prije, a da su stare, provjerene vrijednosti jedini siguran temelj nove dru\u0161tvene gradnje. Dvanaestoricu predvodi prvak hrvatske konzervativne misli, fratar s Bra\u010da, kontrarevolucionar Andrija Doroti\u0107, filozof, politi\u010dar, \u0161ef policije, dobro\u010dinitelj, koji je protiv Francuza u Dalmaciji digao oru\u017eani ustanak, a jo\u0161 je \u010dine: Mihovil Pavlinovi\u0107, Kosto Vojnovi\u0107, Josip Juraj Strossmayer, \u0110uro Arnold, Stjepan Zimmermann, Dominik Bara\u010d, Milivoj Magdi\u0107, Hijacint Bo\u0161kovi\u0107, Bonifacije Perovi\u0107, Bogdan Radica i Franjo Tu\u0111man.<\/p>\n\n\n\n<p>Ukratko, rije\u010d ima kotrarevolucija.<\/p>\n\n\n\n<hr class=\"wp-block-separator\"\/>\n\n\n\n<p>Godina: 2022.<\/p>\n\n\n\n<p>Broj stranica: 380<\/p>\n\n\n\n<hr class=\"wp-block-separator\"\/>\n\n\n\n<p>Izvor:<\/p>\n\n\n\n<figure class=\"wp-block-embed-wordpress wp-block-embed is-type-wp-embed is-provider-knjizara-pavicic\"><div class=\"wp-block-embed__wrapper\">\n<blockquote class=\"wp-embedded-content\" data-secret=\"zQGhs4FKhY\"><a href=\"http:\/\/www.naklada-pavicic.hr\/shop\/povijest-kontarevolucije\/\">Povijest kontarevolucije<\/a><\/blockquote><iframe loading=\"lazy\" class=\"wp-embedded-content\" sandbox=\"allow-scripts\" security=\"restricted\" style=\"position: absolute; clip: rect(1px, 1px, 1px, 1px);\" title=\"Ugradi WordPress objavu\" src=\"http:\/\/www.naklada-pavicic.hr\/shop\/povijest-kontarevolucije\/embed\/#?secret=zQGhs4FKhY\" data-secret=\"zQGhs4FKhY\" width=\"600\" height=\"338\" frameborder=\"0\" marginwidth=\"0\" marginheight=\"0\" scrolling=\"no\"><\/iframe>\n<\/div><\/figure>\n\n\n\n<hr class=\"wp-block-separator\"\/>\n\n\n\n<p>Odjeci:<\/p>\n\n\n\n<p><a href=\"https:\/\/historiografija.ba\/article.php?id=987\">https:\/\/historiografija.ba\/article.php?id=987<\/a><\/p>\n\n\n\n<hr class=\"wp-block-separator\"\/>\n","protected":false},"excerpt":{"rendered":"","protected":false},"author":2,"featured_media":29591,"comment_status":"open","ping_status":"open","sticky":false,"template":"","format":"standard","meta":{"_acf_changed":false,"jetpack_post_was_ever_published":false,"_jetpack_newsletter_access":"","_jetpack_dont_email_post_to_subs":false,"_jetpack_newsletter_tier_id":0,"_jetpack_memberships_contains_paywalled_content":false,"_jetpack_memberships_contains_paid_content":false,"footnotes":"","jetpack_publicize_message":"","jetpack_publicize_feature_enabled":true,"jetpack_social_post_already_shared":true,"jetpack_social_options":{"image_generator_settings":{"template":"highway","default_image_id":0,"font":"","enabled":false},"version":2}},"categories":[8,3],"tags":[],"class_list":["post-29590","post","type-post","status-publish","format-standard","has-post-thumbnail","hentry","category-knjige","category-novosti"],"acf":{"facebook_opis":""},"jetpack_publicize_connections":[],"jetpack_featured_media_url":"https:\/\/i0.wp.com\/historiografija.hr\/wp-content\/uploads\/2022\/02\/PK-Naslovnica.jpg?fit=1380%2C1971&ssl=1","jetpack_sharing_enabled":true,"jetpack-related-posts":[],"_links":{"self":[{"href":"https:\/\/historiografija.hr\/index.php?rest_route=\/wp\/v2\/posts\/29590","targetHints":{"allow":["GET"]}}],"collection":[{"href":"https:\/\/historiografija.hr\/index.php?rest_route=\/wp\/v2\/posts"}],"about":[{"href":"https:\/\/historiografija.hr\/index.php?rest_route=\/wp\/v2\/types\/post"}],"author":[{"embeddable":true,"href":"https:\/\/historiografija.hr\/index.php?rest_route=\/wp\/v2\/users\/2"}],"replies":[{"embeddable":true,"href":"https:\/\/historiografija.hr\/index.php?rest_route=%2Fwp%2Fv2%2Fcomments&post=29590"}],"version-history":[{"count":3,"href":"https:\/\/historiografija.hr\/index.php?rest_route=\/wp\/v2\/posts\/29590\/revisions"}],"predecessor-version":[{"id":29606,"href":"https:\/\/historiografija.hr\/index.php?rest_route=\/wp\/v2\/posts\/29590\/revisions\/29606"}],"wp:featuredmedia":[{"embeddable":true,"href":"https:\/\/historiografija.hr\/index.php?rest_route=\/wp\/v2\/media\/29591"}],"wp:attachment":[{"href":"https:\/\/historiografija.hr\/index.php?rest_route=%2Fwp%2Fv2%2Fmedia&parent=29590"}],"wp:term":[{"taxonomy":"category","embeddable":true,"href":"https:\/\/historiografija.hr\/index.php?rest_route=%2Fwp%2Fv2%2Fcategories&post=29590"},{"taxonomy":"post_tag","embeddable":true,"href":"https:\/\/historiografija.hr\/index.php?rest_route=%2Fwp%2Fv2%2Ftags&post=29590"}],"curies":[{"name":"wp","href":"https:\/\/api.w.org\/{rel}","templated":true}]}}