{"id":29570,"date":"2022-02-01T22:41:40","date_gmt":"2022-02-01T22:41:40","guid":{"rendered":"http:\/\/historiografija.hr\/?p=29570"},"modified":"2022-02-01T22:42:27","modified_gmt":"2022-02-01T22:42:27","slug":"dokumentarni-film-mauthausen-dva-zivota","status":"publish","type":"post","link":"https:\/\/historiografija.hr\/?p=29570","title":{"rendered":"Dokumentarni film &#8216;Mauthausen \u2013 dva \u017eivota&#8217;"},"content":{"rendered":"\n<p>Simon Wieland (re\u017eija), 80 min., AT, 2020.<\/p>\n\n\n\n<p>Ovaj film, koji se ne oslanja ni na kakve efekte, dokumentira dojmove i sje\u0107anja dvojice mu\u0161karaca koji su iz sasvim razli\u010ditih perspektiva do\u017eivjeli strahotu koncentracijskog logora Mauthausen. Stanis\u0142aw Leszczy\u0144ski, ro\u0111en 1922. u poljskom gradu \u0141\u00f3d\u017au, pripovijeda pri\u010du iz motri\u0161ta zatvorenika koji je vi\u0161e puta za dlaku izbjegao smrt, a Franz Hackl, ro\u0111en 1927. u austrijskom selu Mauthausen, prisje\u0107a se svog vremena u logorskoj kova\u010dnici. Sudbine dvaju svjedoka ne mogu biti opre\u010dnije, no ipak dijele mnogo uznemiruju\u0107ih zajedni\u010dkih crta.<\/p>\n\n\n\n<p>Film se premijerno prikazuje u suradnji s Muzejom suvremene umjetnosti u Zagrebu u okviru tamo\u0161nje izlo\u017ebe o Mauthausenu \u201eM 48\u00b015\u203224.13\u2033N, 14\u00b030\u20326.31\u2033E\u201c austrijskog umjetnika Marka Zinka, a prava za njegovo prikazivanje ustupa distribucijska ku\u0107a LET\u2019S CEE.<\/p>\n\n\n\n<hr class=\"wp-block-separator\"\/>\n\n\n\n<p>Premijera dokumentarnog filma &#8216;Mauthausen \u2013 dva \u017eivota&#8217; odr\u017eat \u0107e se 3. velja\u010de 2022. u zagreba\u010dkom MSU-u. Film se prikazuje u suradnji s Austrijskim kulturnim forumom u Zagrebu.<\/p>\n\n\n\n<hr class=\"wp-block-separator\"\/>\n\n\n\n<p>Izvori:<\/p>\n\n\n\n<p><a href=\"https:\/\/kulturforum-zagreb.org\/event\/mauthausen-dva-zivota\/\">https:\/\/kulturforum-zagreb.org\/event\/mauthausen-dva-zivota\/<\/a><\/p>\n\n\n\n<p><a href=\"https:\/\/www.culturenet.hr\/hr\/mauthausen-dva-zivota-dokumentarni-film\/175946\">https:\/\/www.culturenet.hr\/hr\/mauthausen-dva-zivota-dokumentarni-film\/175946<\/a><\/p>\n\n\n\n<hr class=\"wp-block-separator\"\/>\n","protected":false},"excerpt":{"rendered":"","protected":false},"author":2,"featured_media":29571,"comment_status":"open","ping_status":"open","sticky":false,"template":"","format":"standard","meta":{"_acf_changed":false,"jetpack_post_was_ever_published":false,"_jetpack_newsletter_access":"","_jetpack_dont_email_post_to_subs":false,"_jetpack_newsletter_tier_id":0,"_jetpack_memberships_contains_paywalled_content":false,"_jetpack_memberships_contains_paid_content":false,"footnotes":"","jetpack_publicize_message":"","jetpack_publicize_feature_enabled":true,"jetpack_social_post_already_shared":true,"jetpack_social_options":{"image_generator_settings":{"template":"highway","default_image_id":0,"font":"","enabled":false},"version":2}},"categories":[13,3],"tags":[],"class_list":["post-29570","post","type-post","status-publish","format-standard","has-post-thumbnail","hentry","category-filmovi-i-serije","category-novosti"],"acf":{"facebook_opis":""},"jetpack_publicize_connections":[],"jetpack_featured_media_url":"https:\/\/i0.wp.com\/historiografija.hr\/wp-content\/uploads\/2022\/02\/Mauthausen-Zwei-Leben.jpg?fit=710%2C960&ssl=1","jetpack_sharing_enabled":true,"jetpack-related-posts":[],"_links":{"self":[{"href":"https:\/\/historiografija.hr\/index.php?rest_route=\/wp\/v2\/posts\/29570","targetHints":{"allow":["GET"]}}],"collection":[{"href":"https:\/\/historiografija.hr\/index.php?rest_route=\/wp\/v2\/posts"}],"about":[{"href":"https:\/\/historiografija.hr\/index.php?rest_route=\/wp\/v2\/types\/post"}],"author":[{"embeddable":true,"href":"https:\/\/historiografija.hr\/index.php?rest_route=\/wp\/v2\/users\/2"}],"replies":[{"embeddable":true,"href":"https:\/\/historiografija.hr\/index.php?rest_route=%2Fwp%2Fv2%2Fcomments&post=29570"}],"version-history":[{"count":2,"href":"https:\/\/historiografija.hr\/index.php?rest_route=\/wp\/v2\/posts\/29570\/revisions"}],"predecessor-version":[{"id":29573,"href":"https:\/\/historiografija.hr\/index.php?rest_route=\/wp\/v2\/posts\/29570\/revisions\/29573"}],"wp:featuredmedia":[{"embeddable":true,"href":"https:\/\/historiografija.hr\/index.php?rest_route=\/wp\/v2\/media\/29571"}],"wp:attachment":[{"href":"https:\/\/historiografija.hr\/index.php?rest_route=%2Fwp%2Fv2%2Fmedia&parent=29570"}],"wp:term":[{"taxonomy":"category","embeddable":true,"href":"https:\/\/historiografija.hr\/index.php?rest_route=%2Fwp%2Fv2%2Fcategories&post=29570"},{"taxonomy":"post_tag","embeddable":true,"href":"https:\/\/historiografija.hr\/index.php?rest_route=%2Fwp%2Fv2%2Ftags&post=29570"}],"curies":[{"name":"wp","href":"https:\/\/api.w.org\/{rel}","templated":true}]}}