{"id":29564,"date":"2022-02-01T22:23:36","date_gmt":"2022-02-01T22:23:36","guid":{"rendered":"http:\/\/historiografija.hr\/?p=29564"},"modified":"2022-02-01T22:23:36","modified_gmt":"2022-02-01T22:23:36","slug":"19-strucni-skup-poucavanje-i-ucenje-o-holokaustu-i-sprecavanju-zlocina-protiv-covjecnosti","status":"publish","type":"post","link":"https:\/\/historiografija.hr\/?p=29564","title":{"rendered":"19. stru\u010dni skup \u201cPou\u010davanje i u\u010denje o holokaustu i spre\u010davanju zlo\u010dina protiv \u010dovje\u010dnosti\u201d"},"content":{"rendered":"\n<p>U organizaciji Agencije za odgoj i obrazovanje odr\u017ean je online od 25. do 27. sije\u010dnja 2022. povodom obilje\u017eavanja Me\u0111unarodnog dana sje\u0107anja na \u017ertve holokausta 19. stru\u010dni skup \u201cPou\u010davanje i u\u010denje o holokaustu i spre\u010davanju zlo\u010dina protiv \u010dovje\u010dnosti\u201d.<\/p>\n\n\n\n<p>Program skupa:<\/p>\n\n\n\n<p><a href=\"https:\/\/www.pilar.hr\/wp-content\/uploads\/2022\/02\/Program_skupa_Zagreb_2022.pdf\">https:\/\/www.pilar.hr\/wp-content\/uploads\/2022\/02\/Program_skupa_Zagreb_2022.pdf<\/a><\/p>\n\n\n\n<hr class=\"wp-block-separator\"\/>\n\n\n\n<p>Izvor i dodatne informacije:<\/p>\n\n\n\n<figure class=\"wp-block-embed-wordpress wp-block-embed is-type-wp-embed is-provider-institut-drustvenih-znanosti-ivo-pilar\"><div class=\"wp-block-embed__wrapper\">\n<blockquote class=\"wp-embedded-content\" data-secret=\"tPihRSKRK3\"><a href=\"https:\/\/www.pilar.hr\/2022\/01\/dr-sc-danijel-vojak-na-strucno-znanvenim-skupovima-o-holokaustu-i-stradanju-roma-27-1-2022\/\">Dr. sc. Danijel Vojak na stru\u010dno-znanstvenim skupovima o holokaustu i stradanju Roma, 27. 1. 2022.<\/a><\/blockquote><iframe loading=\"lazy\" class=\"wp-embedded-content\" sandbox=\"allow-scripts\" security=\"restricted\" style=\"position: absolute; clip: rect(1px, 1px, 1px, 1px);\" title=\"&#8220;Dr. sc. Danijel Vojak na stru\u010dno-znanstvenim skupovima o holokaustu i stradanju Roma, 27. 1. 2022.&#8221; &#8212; Institut dru\u0161tvenih znanosti Ivo Pilar\" src=\"https:\/\/www.pilar.hr\/2022\/01\/dr-sc-danijel-vojak-na-strucno-znanvenim-skupovima-o-holokaustu-i-stradanju-roma-27-1-2022\/embed\/#?secret=tPihRSKRK3\" data-secret=\"tPihRSKRK3\" width=\"600\" height=\"338\" frameborder=\"0\" marginwidth=\"0\" marginheight=\"0\" scrolling=\"no\"><\/iframe>\n<\/div><\/figure>\n\n\n\n<hr class=\"wp-block-separator\"\/>\n","protected":false},"excerpt":{"rendered":"","protected":false},"author":2,"featured_media":13388,"comment_status":"open","ping_status":"open","sticky":false,"template":"","format":"standard","meta":{"_acf_changed":false,"jetpack_post_was_ever_published":false,"_jetpack_newsletter_access":"","_jetpack_dont_email_post_to_subs":false,"_jetpack_newsletter_tier_id":0,"_jetpack_memberships_contains_paywalled_content":false,"_jetpack_memberships_contains_paid_content":false,"footnotes":"","jetpack_publicize_message":"","jetpack_publicize_feature_enabled":true,"jetpack_social_post_already_shared":true,"jetpack_social_options":{"image_generator_settings":{"template":"highway","default_image_id":0,"font":"","enabled":false},"version":2}},"categories":[3,9],"tags":[],"class_list":["post-29564","post","type-post","status-publish","format-standard","has-post-thumbnail","hentry","category-novosti","category-skupovi"],"acf":{"facebook_opis":""},"jetpack_publicize_connections":[],"jetpack_featured_media_url":"https:\/\/i0.wp.com\/historiografija.hr\/wp-content\/uploads\/2019\/01\/Agencija.png?fit=324%2C155&ssl=1","jetpack_sharing_enabled":true,"jetpack-related-posts":[],"_links":{"self":[{"href":"https:\/\/historiografija.hr\/index.php?rest_route=\/wp\/v2\/posts\/29564","targetHints":{"allow":["GET"]}}],"collection":[{"href":"https:\/\/historiografija.hr\/index.php?rest_route=\/wp\/v2\/posts"}],"about":[{"href":"https:\/\/historiografija.hr\/index.php?rest_route=\/wp\/v2\/types\/post"}],"author":[{"embeddable":true,"href":"https:\/\/historiografija.hr\/index.php?rest_route=\/wp\/v2\/users\/2"}],"replies":[{"embeddable":true,"href":"https:\/\/historiografija.hr\/index.php?rest_route=%2Fwp%2Fv2%2Fcomments&post=29564"}],"version-history":[{"count":1,"href":"https:\/\/historiografija.hr\/index.php?rest_route=\/wp\/v2\/posts\/29564\/revisions"}],"predecessor-version":[{"id":29565,"href":"https:\/\/historiografija.hr\/index.php?rest_route=\/wp\/v2\/posts\/29564\/revisions\/29565"}],"wp:featuredmedia":[{"embeddable":true,"href":"https:\/\/historiografija.hr\/index.php?rest_route=\/wp\/v2\/media\/13388"}],"wp:attachment":[{"href":"https:\/\/historiografija.hr\/index.php?rest_route=%2Fwp%2Fv2%2Fmedia&parent=29564"}],"wp:term":[{"taxonomy":"category","embeddable":true,"href":"https:\/\/historiografija.hr\/index.php?rest_route=%2Fwp%2Fv2%2Fcategories&post=29564"},{"taxonomy":"post_tag","embeddable":true,"href":"https:\/\/historiografija.hr\/index.php?rest_route=%2Fwp%2Fv2%2Ftags&post=29564"}],"curies":[{"name":"wp","href":"https:\/\/api.w.org\/{rel}","templated":true}]}}